{"id":252,"date":"2013-03-15T15:52:00","date_gmt":"2013-03-15T14:52:00","guid":{"rendered":"http:\/\/radioalma.eu\/horizonte\/?guid=301bda8c89950bddc472b3bacc3850db"},"modified":"2013-03-28T13:22:41","modified_gmt":"2013-03-28T12:22:41","slug":"programa-22-130313","status":"publish","type":"post","link":"https:\/\/radioalma.eu\/horizonte\/2013\/03\/15\/programa-22-130313\/","title":{"rendered":"Programa 22 &#8211; 13\/03\/13"},"content":{"rendered":"<p>En el programa de esta semana:<br \/>&#8211; Nacho participa en el Seminario de PyC en la Universidad Aut\u00f3noma de Madrid, como contenido para el especial de Salud Mental. Con la entrevista al profesor Ignacio Montorio.<br \/>&#8211; En Efem\u00e9rides D\u00eda de la Mujer trabajadora y D\u00eda del Glaucoma<br \/>&#8211; La Champions en informaci\u00f3n deportiva<br \/>&#8211; Jos\u00e9 Mota, \u00ab\u00a0El cuco\u00a0\u00bb y mucho m\u00e1s en \u00ab\u00a0De todo coraz\u00f3n\u00a0\u00bb<br \/>&#8211; Cuentos y poes\u00edas y<br \/>&#8211; Nuestros especiales de m\u00fasica. Hoy para King Crimson y Tina Turner.<\/p>\n<p>Esperamos que os guste<\/p>\n","protected":false},"excerpt":{"rendered":"<p>En el programa de esta semana:<br \/>&#8211; Nacho participa en el Seminario de PyC en la Universidad Aut&oacute;noma de Madrid, como contenido para el especial de Salud Mental. Con la entrevista al profesor Ignacio Montorio.<br \/>&#8211; En Efem&eacute;rides D&iacute;a de la Mujer trabajadora y D&iacute;a del Glaucoma<br \/>&#8211; La Champions en informaci&oacute;n deportiva<br \/>&#8211; Jos&eacute; Mota, \u00ab\u00a0El cuco\u00a0\u00bb y mucho m&aacute;s en \u00ab\u00a0De todo coraz&oacute;n\u00a0\u00bb<br \/>&#8211; Cuentos y poes&iacute;as y<br \/>&#8211; Nuestros especiales de m&uacute;sica. Hoy para King Crimson y Tina Turner.<\/p>\n<p>Esperamos que os guste<\/p>\n","protected":false},"author":63,"featured_media":0,"comment_status":"closed","ping_status":"closed","sticky":false,"template":"","format":"standard","meta":{"footnotes":""},"categories":[31],"tags":[],"class_list":["post-252","post","type-post","status-publish","format-standard","hentry","category-fils-rss"],"_links":{"self":[{"href":"https:\/\/radioalma.eu\/horizonte\/wp-json\/wp\/v2\/posts\/252","targetHints":{"allow":["GET"]}}],"collection":[{"href":"https:\/\/radioalma.eu\/horizonte\/wp-json\/wp\/v2\/posts"}],"about":[{"href":"https:\/\/radioalma.eu\/horizonte\/wp-json\/wp\/v2\/types\/post"}],"author":[{"embeddable":true,"href":"https:\/\/radioalma.eu\/horizonte\/wp-json\/wp\/v2\/users\/63"}],"replies":[{"embeddable":true,"href":"https:\/\/radioalma.eu\/horizonte\/wp-json\/wp\/v2\/comments?post=252"}],"version-history":[{"count":0,"href":"https:\/\/radioalma.eu\/horizonte\/wp-json\/wp\/v2\/posts\/252\/revisions"}],"wp:attachment":[{"href":"https:\/\/radioalma.eu\/horizonte\/wp-json\/wp\/v2\/media?parent=252"}],"wp:term":[{"taxonomy":"category","embeddable":true,"href":"https:\/\/radioalma.eu\/horizonte\/wp-json\/wp\/v2\/categories?post=252"},{"taxonomy":"post_tag","embeddable":true,"href":"https:\/\/radioalma.eu\/horizonte\/wp-json\/wp\/v2\/tags?post=252"}],"curies":[{"name":"wp","href":"https:\/\/api.w.org\/{rel}","templated":true}]}}