{"id":254,"date":"2013-03-01T13:03:00","date_gmt":"2013-03-01T12:03:00","guid":{"rendered":"http:\/\/radioalma.eu\/horizonte\/?guid=690331555d67299d331fc1c2a35c56b6"},"modified":"2013-03-28T13:25:43","modified_gmt":"2013-03-28T12:25:43","slug":"frecuencia-favorable-en-radio-ritmo-getafe-programa-no20-27-02-13","status":"publish","type":"post","link":"https:\/\/radioalma.eu\/horizonte\/2013\/03\/01\/frecuencia-favorable-en-radio-ritmo-getafe-programa-no20-27-02-13\/","title":{"rendered":"Frecuencia Favorable en Radio Ritmo Getafe, programa n\u00ba20, 27-02-13"},"content":{"rendered":"<p>En este programa destacamos la entrevista al Grupo  de Rock Infantil \u00ab\u00a0Comics\u00a0\u00bb y las entrevistas a las organizad<span id=\"puntos\" style=\"display: none;\">&#8230;<\/span><span id=\"descripcion_audio\" style=\"display: inline;\">oras de la \u00ab\u00a0Jornada Multideporte\u00a0\u00bb, dentro del  Programa: \u00ab\u00a0Mujer con trastorno mental grave, recuperaci\u00f3n a trav\u00e9s del  deporte\u00a0\u00bb que se organiza desde Intress con la subvenci\u00f3n de la Fundaci\u00f3n  Telef\u00f3nica. <br \/>Adem\u00e1s de nuestras secciones habituales como Tauromaquia,  Metereolog\u00eda, De todo coraz\u00f3n,&#8230; <\/p>\n<p>Esperamos que os guste<\/span><\/p>\n<div class=\"separator\" style=\"clear: both; text-align: center;\"><a href=\"http:\/\/3.bp.blogspot.com\/-ks9bdHGd_eI\/UTCZqPuH0QI\/AAAAAAAAAjQ\/qGMKyvwT9kk\/s1600\/Entrevista_Comics_br.jpg\" imageanchor=\"1\" style=\"margin-left: 1em; margin-right: 1em;\"><img fetchpriority=\"high\" decoding=\"async\" border=\"0\" height=\"190\" src=\"http:\/\/3.bp.blogspot.com\/-ks9bdHGd_eI\/UTCZqPuH0QI\/AAAAAAAAAjQ\/qGMKyvwT9kk\/s320\/Entrevista_Comics_br.jpg\" width=\"320\" \/><\/a><\/div>\n<div style=\"text-align: center;\"><i><span style=\"font-size: x-small;\">Entrevista al Grupo de Rock Infantil \u00ab\u00a0Comics\u00a0\u00bb<\/span><\/i><\/div>\n<p><\/p>\n","protected":false},"excerpt":{"rendered":"<p>En este programa destacamos la entrevista al Grupo  de Rock Infantil \u00ab\u00a0Comics\u00a0\u00bb y las entrevistas a las organizad<span>&#8230;<\/span><span>oras de la \u00ab\u00a0Jornada Multideporte\u00a0\u00bb, dentro del  Programa: \u00ab\u00a0Mujer con trastorno mental grave, recuperaci&oacute;n a trav&eacute;s del  deporte\u00a0\u00bb que se organiza desde Intress con la subvenci&oacute;n de la Fundaci&oacute;n  Telef&oacute;nica. <br \/>Adem&aacute;s de nuestras secciones habituales como Tauromaquia,  Metereolog&iacute;a, De todo coraz&oacute;n,&#8230; <\/p>\n<p>Esperamos que os guste<\/span><\/p>\n<div><a href=\"http:\/\/3.bp.blogspot.com\/-ks9bdHGd_eI\/UTCZqPuH0QI\/AAAAAAAAAjQ\/qGMKyvwT9kk\/s1600\/Entrevista_Comics_br.jpg\" imageanchor=\"1\"><img decoding=\"async\" border=\"0\" height=\"190\" src=\"http:\/\/3.bp.blogspot.com\/-ks9bdHGd_eI\/UTCZqPuH0QI\/AAAAAAAAAjQ\/qGMKyvwT9kk\/s320\/Entrevista_Comics_br.jpg\" width=\"320\"><\/a><\/div>\n<div><i><span>Entrevista al Grupo de Rock Infantil \u00ab\u00a0Comics\u00a0\u00bb<\/span><\/i><\/div>\n<p><\/p>\n","protected":false},"author":63,"featured_media":0,"comment_status":"closed","ping_status":"closed","sticky":false,"template":"","format":"standard","meta":{"footnotes":""},"categories":[31],"tags":[],"class_list":["post-254","post","type-post","status-publish","format-standard","hentry","category-fils-rss"],"_links":{"self":[{"href":"https:\/\/radioalma.eu\/horizonte\/wp-json\/wp\/v2\/posts\/254","targetHints":{"allow":["GET"]}}],"collection":[{"href":"https:\/\/radioalma.eu\/horizonte\/wp-json\/wp\/v2\/posts"}],"about":[{"href":"https:\/\/radioalma.eu\/horizonte\/wp-json\/wp\/v2\/types\/post"}],"author":[{"embeddable":true,"href":"https:\/\/radioalma.eu\/horizonte\/wp-json\/wp\/v2\/users\/63"}],"replies":[{"embeddable":true,"href":"https:\/\/radioalma.eu\/horizonte\/wp-json\/wp\/v2\/comments?post=254"}],"version-history":[{"count":0,"href":"https:\/\/radioalma.eu\/horizonte\/wp-json\/wp\/v2\/posts\/254\/revisions"}],"wp:attachment":[{"href":"https:\/\/radioalma.eu\/horizonte\/wp-json\/wp\/v2\/media?parent=254"}],"wp:term":[{"taxonomy":"category","embeddable":true,"href":"https:\/\/radioalma.eu\/horizonte\/wp-json\/wp\/v2\/categories?post=254"},{"taxonomy":"post_tag","embeddable":true,"href":"https:\/\/radioalma.eu\/horizonte\/wp-json\/wp\/v2\/tags?post=254"}],"curies":[{"name":"wp","href":"https:\/\/api.w.org\/{rel}","templated":true}]}}