{"id":276,"date":"2013-03-21T09:38:00","date_gmt":"2013-03-21T08:38:00","guid":{"rendered":"http:\/\/radioalma.eu\/horizonte\/?guid=01c5f8ddff4e8a7e83c47bd13e1bf442"},"modified":"2013-03-28T13:24:19","modified_gmt":"2013-03-28T12:24:19","slug":"programa-attacantes-especial-grecia","status":"publish","type":"post","link":"https:\/\/radioalma.eu\/horizonte\/2013\/03\/21\/programa-attacantes-especial-grecia\/","title":{"rendered":"Programa &quot;ATTACANTES&quot;. Especial Grecia."},"content":{"rendered":"<p>El programa \u00ab\u00a0ATTACANTES\u00a0\u00bb, producido por el colectivo ATTAC-Alicante en la sinton\u00eda de Artegalia Radio, dedic\u00f3 esta semana su edici\u00f3n a hablar sobre la situaci\u00f3n actual de Grecia, rompiendo as\u00ed el bloqueo informativo impuesto por la Troika europea, para no alarmar al resto de ciudadanos de los pa\u00edses afectados por la crisis econ\u00f3mica.<br \/>Te ofrecemos el programa \u00edntegro, para que lo puedas volver a escuchar, y te lo acompa\u00f1amos de un interesante art\u00edculo, escrito por David Couso, miembro del Comit\u00e9 de Coordinaci\u00f3n y de \u00ab\u00a0Attacantes\u00a0\u00bb de ATTAC-Alacant.<\/p>\n<p><object data=\"http:\/\/www.ivoox.com\/playerivoox_ep_1885581_1.html\" height=\"30\" type=\"application\/x-shockwave-flash\" width=\"173\"><param name=\"movie\" value=\"http:\/\/www.ivoox.com\/playerivoox_ep_1885581_1.html\"><\/param><param name=\"allowFullScreen\" value=\"true\"><\/param><param name=\"wmode\" value=\"transparent\"><\/param><embed src=\"http:\/\/www.ivoox.com\/playerivoox_ep_1885581_1.html\" type=\"application\/x-shockwave-flash\" allowfullscreen=\"true\" wmode=\"transparent\" width=\"173\" height=\"30\"><\/embed><\/object><a href=\"http:\/\/www.ivoox.com\/attacantes-20-03-13-audios-mp3_rf_1885581_1.html\" style=\"bottom: 4px; color: #333333; font-size: 12px; position: relative;\" title=\"Attacantes 20-03-13\"> Ir a descargar<\/a><\/p>\n<div style=\"background-color: white; color: #333333; font-family: 'Trebuchet MS', Arial, Helvetica, sans-serif; font-size: 12px; line-height: 20px;\"><span style=\"font-family: 'Trebuchet MS', sans-serif; font-size: x-small;\"><b>NO DEBEMOS DE PERDER NUNCA EL CONCEPTO DE MEMORIA.<\/b><\/span><\/div>\n<div style=\"background-color: white; color: #333333; font-family: 'Trebuchet MS', Arial, Helvetica, sans-serif; font-size: 12px; line-height: 20px;\"><span style=\"font-family: 'Trebuchet MS', sans-serif; font-size: x-small;\"><b>GRECIA.<\/b><\/span><\/div>\n<div style=\"background-color: white; color: #333333; font-family: 'Trebuchet MS', Arial, Helvetica, sans-serif; font-size: 12px; line-height: 20px;\"><span style=\"font-family: 'Trebuchet MS', sans-serif; font-size: x-small;\"><br \/><\/span><\/div>\n<div style=\"background-color: white; color: #333333; font-family: 'Trebuchet MS', Arial, Helvetica, sans-serif; font-size: 12px; line-height: 20px;\"><span style=\"font-family: 'Trebuchet MS', sans-serif; font-size: x-small;\">No podemos pasar por alto que a lo largo de la historia las situaciones se vienen reproduciendo de forma continua y que estas se repiten, mayoritariamente siempre desde una \u00f3ptica que perjudica a la clase trabajadora, a los que menos tienen, a los que podemos resumir como los parias, los desgraciados, los que no tienen derecho a nada&#8230;<\/span><\/div>\n<div style=\"background-color: white; color: #333333; font-family: 'Trebuchet MS', Arial, Helvetica, sans-serif; font-size: 12px; line-height: 20px; text-align: justify;\"><span style=\"font-family: 'Trebuchet MS', sans-serif; font-size: x-small;\">&nbsp;&nbsp;&nbsp; En pleno siglo XXI vemos como de nuevo se repiten estos patrones donde la desigualdad crece en contraposici\u00f3n a la reducci\u00f3n de los porcentajes de los que m\u00e1s tienen.<\/span><br \/><span style=\"font-family: 'Trebuchet MS', sans-serif; font-size: x-small;\">Me llama la atenci\u00f3n el terrible contraste del sufrimiento al que est\u00e1n siendo sometidos los pueblos a costa de la deuda actual. \u00bfQu\u00e9 hubiese sido de Alemania si no hubiese recibido el benepl\u00e1cito de que se condonase parte de su deuda originada por la primera guerra mundial?&nbsp;<\/span><br \/><span style=\"font-family: 'Trebuchet MS', sans-serif; font-size: x-small;\">&nbsp;&nbsp;&nbsp; Tras la conferencia de paz de Versalles de 1919, muchos argumentaron que esas deudas eran impagables. En aquellos momentos los acreedores eran Paquist\u00e1n, Egipto, as\u00ed como EEUU, Reino unido, Francia y, qu\u00e9 casualidad!!!, Grecia y Espa\u00f1a. La deuda Alemana estaba muy por debajo de los valores que hay a d\u00eda de hoy con los pa\u00edses de la periferia Europea, unos 226.000 millones de marcos de oro, una cifra imposible de pagar, pero incluso a ese nivel hab\u00eda una preocupaci\u00f3n sobre su impacto en la reconstrucci\u00f3n de Europa.<\/span><br \/><span style=\"font-family: 'Trebuchet MS', sans-serif; font-size: x-small;\">&nbsp;&nbsp;&nbsp; &nbsp;La rep\u00fablica de Weimar se mantuvo casi exclusivamente de los pr\u00e9stamos recibidos de EE.UU. (m\u00e1s de un bill\u00f3n de d\u00f3lares), destinados en parte a sufragar las indemnizaciones se\u00f1aladas. Pero la situaci\u00f3n para Alemania se hac\u00eda insostenible, y el crack del 29, adem\u00e1s de enormes p\u00e9rdidas para los prestamistas, abri\u00f3 la posibilidad a la renegociaci\u00f3n de la deuda: as\u00ed pues, en 1930, esa ingente obligaci\u00f3n de pago qued\u00f3 formalmente reducida&#8230; a la mitad (112.000 millones). Entre 1931 y 1932, y dada la situaci\u00f3n de la econom\u00eda mundial, EE.UU. decide condonar las deudas de guerra a Francia y Reino Unido, quienes, a su vez, renuncian como acreedores a buena parte de la deuda alemana. Resumiendo, en 1932, Alemania consigui\u00f3 una reducci\u00f3n neta de m\u00e1s del 98% de las deudas a las que les obligaba haber puesto en marcha la I Guerra Mundial<\/span><br \/><span style=\"font-family: 'Trebuchet MS', sans-serif; font-size: x-small;\">&nbsp;&nbsp;&nbsp; A ra\u00edz de esto, los pa\u00edses demostraron que la deuda no es s\u00f3lo responsabilidad del deudor, sino tambi\u00e9n de los acreedores. Pa\u00edses como Grecia quisieron tomar parte en el proceso para crear una Europa occidental estable y eso a pesar de los cr\u00edmenes que los alemanes hab\u00edan cometido unos pocos a\u00f1os antes.&nbsp;<\/span><br \/><span style=\"font-family: 'Trebuchet MS', sans-serif; font-size: x-small;\">&nbsp;&nbsp;&nbsp; La cancelaci\u00f3n de la deuda alemana se llev\u00f3 a cabo antes de que diera lugar a una crisis, cancel\u00e1ndose el 50% de esta, lo que inclu\u00eda deudas del sector privado e incluso de individuos. Tambi\u00e9n incluy\u00f3 a todos los acreedores. A nadie se le permiti\u00f3 resistirse y sacar mayores beneficios que los dem\u00e1s. Se decidi\u00f3 que cualquier problema que surgiera ser\u00eda arreglado en negociaciones entre iguales y no a trav\u00e9s de sanciones o imposiciones de pol\u00edticas anti democr\u00e1ticas&#8230;<\/span><\/p>\n<p><span style=\"font-family: 'Trebuchet MS', sans-serif; font-size: x-small;\">&nbsp;&nbsp;&nbsp; En la actualidad vemos que la prioridad de los pa\u00edses es pagar su deuda por encima de cualquier servicio, modific\u00e1ndose cartas magnas, vulnerando derechos sociales adquiridos a base de siglos de lucha, reduciendo salarios, elaborando reformas laborales bajo la excusa de que para ser competitivos hay que abaratar los despidos, los salarios&#8230; En Grecia los pagos de la deuda externa representan el 30 % de las ganancias provenientes de sus exportaciones. Actualmente la econom\u00eda se ha reducido m\u00e1s de un 20% ocasionando que una de cada dos personas est\u00e9 desempleada. Todo esto m\u00e1s que solucionar el problema ha vertido m\u00e1s gasolina al fuego, inflando la deuda.&nbsp;<\/span><\/p>\n<p><span style=\"font-family: 'Trebuchet MS', sans-serif; font-size: x-small;\">&nbsp;&nbsp;&nbsp; Grecia pas\u00f3 13 a\u00f1os de crecimiento econ\u00f3mico relativamente alto. Con el anterior gobierno del PASOK de Simitis, de 1996 a 2004, la econom\u00eda creci\u00f3 una media anual aproximada del 4 por ciento. A partir del 2009 comenz\u00f3 su desaceleraci\u00f3n, creciendo un 2,5 %.<\/span><br \/><span style=\"font-family: 'Trebuchet MS', sans-serif; font-size: x-small;\">&nbsp;&nbsp;&nbsp; Sin embargo, aunque Grecia ha atravesado una d\u00e9cada de crecimiento, la mayor\u00eda de los trabajadores no lo han sentido como un boom, m\u00e1s bien como una recesi\u00f3n. En este per\u00edodo, los trabajadores han visto ataques constantes a todas sus conquistas ganadas anteriormente. La deuda alcanz\u00f3 niveles sin precedentes, el boom se aliment\u00f3 con el cr\u00e9dito y los salarios reales no aumentaron. Al mismo tiempo, se dio un proceso de temporalidad laboral, cre\u00e1ndose muchos trabajadores temporales y mal pagados. Se aprobaron leyes que aumentaban el n\u00famero de empleos y contratos laborales temporales.<\/span><\/p>\n<p><span style=\"font-family: 'Trebuchet MS', sans-serif; font-size: x-small;\">&nbsp;&nbsp;&nbsp; Esto subraya el hecho de que el reciente boom fue a costa de la clase obrera. El crecimiento econ\u00f3mico no signific\u00f3 ning\u00fan beneficio real para los trabajadores, al contrario, conllev\u00f3 nuevos problemas, como el aumento del endeudamiento. Esto explica por qu\u00e9 desde hace un tiempo los trabajadores griegos no se muestran optimistas con el futuro. Una encuesta reciente revelaba que los griegos son los m\u00e1s pesimistas de la Uni\u00f3n Europea, con un 70 por ciento opinando que su pa\u00eds va en la direcci\u00f3n equivocada (un 14 por ciento m\u00e1s que el a\u00f1o anterior). Un 92% de la poblaci\u00f3n opina que la situaci\u00f3n econ\u00f3mica empeorar\u00e1 cada vez m\u00e1s.<\/span><\/p>\n<p><span style=\"font-family: 'Trebuchet MS', sans-serif; font-size: x-small;\">&nbsp;&nbsp;&nbsp; En esta situaci\u00f3n los j\u00f3venes son particularmente los m\u00e1s golpeados. El desempleo juvenil oficial est\u00e1 en el 61%. Debido a esta situaci\u00f3n, al menos una cuarta parte de los j\u00f3venes menores de 25 a\u00f1os vive por debajo del umbral de la pobreza.&nbsp;<\/span><span style=\"font-family: 'Trebuchet MS', sans-serif; font-size: x-small;\">Despu\u00e9s de pasar mucho tiempo estudiando, estos estudiantes son conocidos en Grecia como la generaci\u00f3n de los 700 euros.<\/span><br \/><span style=\"font-family: 'Trebuchet MS', sans-serif; font-size: x-small;\">&nbsp;&nbsp;&nbsp; No podemos olvidar dentro del fuerte y combativo movimiento estudiantil griego a los ca\u00eddos&#8230;&nbsp; Alexis Grigoropulos, joven de 15 a\u00f1os asesinado por la polic\u00eda el 6 de diciembre de 2008, \u00e9ste no fue el primer ca\u00eddo a manos de las fuerzas del orden, en 1985 otro joven de 15 a\u00f1os, Michel Kaltezas fue asesinado por un polic\u00eda, que luego fue absuelto por un sistema judicial con m\u00e1s agujeros que un colador&#8230; \u00bfOs suena el caso de la absoluci\u00f3n de los mossos de escuadra en la paliza a un detenido en dependencias policiales en Espa\u00f1a?<\/span><\/div>\n<div style=\"background-color: white; color: #333333; font-family: 'Trebuchet MS', Arial, Helvetica, sans-serif; font-size: 12px; line-height: 20px; text-align: justify;\"><span style=\"font-family: 'Trebuchet MS', sans-serif; font-size: x-small;\">&nbsp;&nbsp;&nbsp;&nbsp; En \u00e9pocas de crisis se producen giros a la izquierda derivados de la p\u00e9rdida adquisitiva de esas clases medias que sufren los envites del capitalismo al ver reducidas sus pensiones, mermar sus servicios p\u00fablicos, sentir que ese falso colch\u00f3n social y econ\u00f3mico que tanto les ha costado, se va al garete por la gesti\u00f3n que han llevado a cabo los dirigentes de ND (PP) y el PASOK (PSOE). Este giro puede producirse tambi\u00e9n a la ultra derecha, cosa que est\u00e1 ocurriendo en la actualidad con el auge de Amanecer Dorado.<\/span><br \/><span style=\"font-family: 'Trebuchet MS', sans-serif; font-size: x-small;\">&nbsp;&nbsp;&nbsp; El sentir de la anti pol\u00edtica crece a ritmos agigantados por toda Europa, no es raro ver casos de corrupci\u00f3n en casi la totalidad de las formaciones pol\u00edticas. El bipartidismo que ha asolado a este pa\u00eds despu\u00e9s de una ocupaci\u00f3n nazi, una dictadura de los coroneles, ha demostrado que la mayor\u00eda de los corruptos est\u00e1n ligados a ND y al PASOK&#8230; Casualmente coincidimos en algo m\u00e1s que ser uno de los pa\u00edses del mediterr\u00e1neo.<\/span><\/p>\n<p><span style=\"font-family: 'Trebuchet MS', sans-serif; font-size: x-small;\">&nbsp;&nbsp;&nbsp; Analizando lo que est\u00e1 ocurriendo en Grecia veo que aqu\u00ed nos est\u00e1 pasando lo mismo pero con una demora de 3 \u00f3 4 a\u00f1os. El descontento en la sociedad no est\u00e1 derivando en una mayor afiliaci\u00f3n a los sindicatos ni en un crecimiento en organizaciones pol\u00edticas; en el primer caso se observa que las c\u00fapulas siguen jugando al juego de depende de qui\u00e9n est\u00e9 me pongo una u otra chaqueta. Es lamentable ver como la militancia no exige a sus dirigentes, \u00e9tica y conciencia en sus actos. A fin de cuentas \u00e9stos (militantes) son la fuerza del sindicato y del trabajo haciendo trabajo de base en los tajos, en las empresas y difundiendo valores de protecci\u00f3n de los y las trabajadoras.&nbsp; En el segundo caso, estamos viviendo una extensi\u00f3n de la anti pol\u00edtica. Todos los pol\u00edticos son corruptos, todos roban, todos son iguales&#8230; Generalizar el fallo de los que deben de trabajar por y para los que les eligen, es abonar un camino a la ultra derecha o a gobiernos tecnocr\u00e1ticos. El ejemplo lo hemos vivido en Italia de la mano de Monti.<\/span><\/p>\n<p><span style=\"font-family: 'Trebuchet MS', sans-serif; font-size: x-small;\">&nbsp;&nbsp;&nbsp; Las crisis no son vividas por todos de la misma manera, en estos a\u00f1os hemos visto como se han reducido los sueldos, se han desmantelado los servicios p\u00fablicos, se retrocede en materia de derechos sociales, el paro no para de crecer lastrando a toda una generaci\u00f3n de j\u00f3venes a trabajos precarios y con sueldos de 400 euros&#8230; \u00bfQui\u00e9n podr\u00eda vivir o iniciar una vida con inseguridad laboral y sueldos de esclavos?<\/span><br \/><span style=\"font-family: 'Trebuchet MS', sans-serif; font-size: x-small;\">&nbsp;&nbsp;&nbsp; La realidad es tal que las medidas llevadas a cabo para darle un giro de 180 grados a la situaci\u00f3n no van encaminadas a ponerle fin, sino a que unos pocos saquen tajada en beneficio propio. Hemos asumido una m\u00e1xima como tal, socializaci\u00f3n de p\u00e9rdidas y capitalizaci\u00f3n de ganancias. Resumimos: la p\u00e9rdida de conquistas sociales arroja cotidianamente im\u00e1genes de despedidos sin derecho al subsidio, de jubilados hurgando en la basura, de hospitales sin gasas, de farmacias sin medicamentos y de desesperados quit\u00e1ndose la vida.<\/span><\/p>\n<p><span style=\"font-family: 'Trebuchet MS', sans-serif; font-size: x-small;\">&nbsp;&nbsp;&nbsp; Asistimos a la mayor oferta de empresas p\u00fablicas en venta, el estado (ND + PASOK + Izquierda Democr\u00e1tica) aprob\u00f3 \u201cEl marco de estrategia financiera a Medio Plazo\u201d. A lo largo del 2013, unos 25000 funcionarios ser\u00e1n cesados, copago sanitario, nueva reducci\u00f3n de pensiones, incremento del paro y aumento de la recesi\u00f3n. Hasta el agua se privatiza, sacar\u00e1n unos 10000 millones de euros de los 50000 esperados&#8230;<\/span><br \/><span style=\"font-family: 'Trebuchet MS', sans-serif; font-size: x-small;\">&nbsp;&nbsp;&nbsp; Ya se sabe, en \u00e9poca de crisis hay gangas de materias primas! Que usted necesita miles de hect\u00e1reas para hacerse m\u00e1s rico, el estado se las vende por 11 millones y de beneficio obtendr\u00e1 2000 millones de euros! Venga, venga, \u00e9xito asegurado!!! Obtenga los derechos de explotaci\u00f3n de las minas de oro y otros metales de la regi\u00f3n de Casandra, en Calc\u00eddica (Macedonia, Grecia) y si quiebra no se preocupe, el estado har\u00e1 alguna artima\u00f1a para seguir vendi\u00e9ndosela a otro holding que explotes TUS recursos a precio de ganga.<\/span><\/p>\n<p><span style=\"font-family: 'Trebuchet MS', sans-serif; font-size: x-small;\">&nbsp;&nbsp;&nbsp; No nos queda ninguna duda que las crisis acaban de un plumazo con los derechos adquiridos a base de largas y duras luchas, suprime la soberan\u00eda de las empresas p\u00fablicas para colocarlas a buen precio a empresas extranjeras, liquida las leyes en materia laboral para que puedas trabajar m\u00e1s de 48 horas por semana y tengas que jubilarte a los 72 a\u00f1os&#8230;<\/span><br \/><span style=\"font-family: 'Trebuchet MS', sans-serif; font-size: x-small;\">&nbsp;&nbsp;&nbsp;&nbsp;<\/span><br \/><span style=\"font-family: 'Trebuchet MS', sans-serif; font-size: x-small;\">&nbsp;&nbsp;&nbsp; Hoy hablamos de Grecia&#8230; Ma\u00f1ana nos toca a nosotros.<\/span><\/div>\n<p><br style=\"background-color: white; color: #333333; font-family: 'Trebuchet MS', Arial, Helvetica, sans-serif; font-size: 12px; line-height: 20px;\" \/><br style=\"background-color: white; color: #333333; font-family: 'Trebuchet MS', Arial, Helvetica, sans-serif; font-size: 12px; line-height: 20px;\" \/><\/p>\n<div style=\"background-color: white; color: #333333; font-family: 'Trebuchet MS', Arial, Helvetica, sans-serif; font-size: 12px; line-height: 20px; text-align: right;\"><span style=\"font-family: 'Trebuchet MS', sans-serif;\"><b>David Couso.<\/b><\/span><\/div>\n<div style=\"background-color: white; color: #333333; font-family: 'Trebuchet MS', Arial, Helvetica, sans-serif; font-size: 12px; line-height: 20px; text-align: right;\"><i><span style=\"font-family: 'Trebuchet MS', sans-serif;\">Miembro del Comit\u00e9 de Coordinaci\u00f3n y de Attacantes de ATTAC-Alacant<\/span><\/i><\/div>\n<div style=\"background-color: white; color: #333333; font-family: 'Trebuchet MS', Arial, Helvetica, sans-serif; font-size: 12px; line-height: 20px; text-align: right;\"><i><span style=\"font-family: 'Trebuchet MS', sans-serif;\"><br \/><\/span><\/i><\/div>\n<div style=\"background-color: white; color: #333333; font-family: 'Trebuchet MS', Arial, Helvetica, sans-serif; font-size: 12px; line-height: 20px; text-align: right;\"><i><span style=\"font-family: 'Trebuchet MS', sans-serif;\"><br \/><\/span><\/i><\/div>\n<div style=\"background-color: white; color: #333333; font-family: 'Trebuchet MS', Arial, Helvetica, sans-serif; font-size: 12px; line-height: 20px; text-align: right;\"><i><span style=\"font-family: 'Trebuchet MS', sans-serif;\"><br \/><\/span><\/i><\/div>\n","protected":false},"excerpt":{"rendered":"<p>El programa \u00ab\u00a0ATTACANTES\u00a0\u00bb, producido por el colectivo ATTAC-Alicante en la sinton&iacute;a de Artegalia Radio, dedic&oacute; esta semana su edici&oacute;n a hablar sobre la situaci&oacute;n actual de Grecia, rompiendo as&iacute; el bloqueo informativo impuesto por la Troika europea, para no alarmar al resto de ciudadanos de los pa&iacute;ses afectados por la crisis econ&oacute;mica.<br \/>Te ofrecemos el programa &iacute;ntegro, para que lo puedas volver a escuchar, y te lo acompa&ntilde;amos de un interesante art&iacute;culo, escrito por David Couso, miembro del Comit&eacute; de Coordinaci&oacute;n y de \u00ab\u00a0Attacantes\u00a0\u00bb de ATTAC-Alacant.<\/p>\n<p><a href=\"http:\/\/www.ivoox.com\/attacantes-20-03-13-audios-mp3_rf_1885581_1.html\" title=\"Attacantes 20-03-13\"> Ir a descargar<\/a><\/p>\n<div><span><b>NO DEBEMOS DE PERDER NUNCA EL CONCEPTO DE MEMORIA.<\/b><\/span><\/div>\n<div><span><b>GRECIA.<\/b><\/span><\/div>\n<div><span><br \/><\/span><\/div>\n<div><span>No podemos pasar por alto que a lo largo de la historia las situaciones se vienen reproduciendo de forma continua y que estas se repiten, mayoritariamente siempre desde una &oacute;ptica que perjudica a la clase trabajadora, a los que menos tienen, a los que podemos resumir como los parias, los desgraciados, los que no tienen derecho a nada&#8230;<\/span><\/div>\n<div>\n<span>&nbsp;&nbsp;&nbsp; En pleno siglo XXI vemos como de nuevo se repiten estos patrones donde la desigualdad crece en contraposici&oacute;n a la reducci&oacute;n de los porcentajes de los que m&aacute;s tienen.<\/span><br \/><span>Me llama la atenci&oacute;n el terrible contraste del sufrimiento al que est&aacute;n siendo sometidos los pueblos a costa de la deuda actual. &iquest;Qu&eacute; hubiese sido de Alemania si no hubiese recibido el benepl&aacute;cito de que se condonase parte de su deuda originada por la primera guerra mundial?&nbsp;<\/span><br \/><span>&nbsp;&nbsp;&nbsp; Tras la conferencia de paz de Versalles de 1919, muchos argumentaron que esas deudas eran impagables. En aquellos momentos los acreedores eran Paquist&aacute;n, Egipto, as&iacute; como EEUU, Reino unido, Francia y, qu&eacute; casualidad!!!, Grecia y Espa&ntilde;a. La deuda Alemana estaba muy por debajo de los valores que hay a d&iacute;a de hoy con los pa&iacute;ses de la periferia Europea, unos 226.000 millones de marcos de oro, una cifra imposible de pagar, pero incluso a ese nivel hab&iacute;a una preocupaci&oacute;n sobre su impacto en la reconstrucci&oacute;n de Europa.<\/span><br \/><span>&nbsp;&nbsp;&nbsp; &nbsp;La rep&uacute;blica de Weimar se mantuvo casi exclusivamente de los pr&eacute;stamos recibidos de EE.UU. (m&aacute;s de un bill&oacute;n de d&oacute;lares), destinados en parte a sufragar las indemnizaciones se&ntilde;aladas. Pero la situaci&oacute;n para Alemania se hac&iacute;a insostenible, y el crack del 29, adem&aacute;s de enormes p&eacute;rdidas para los prestamistas, abri&oacute; la posibilidad a la renegociaci&oacute;n de la deuda: as&iacute; pues, en 1930, esa ingente obligaci&oacute;n de pago qued&oacute; formalmente reducida&#8230; a la mitad (112.000 millones). Entre 1931 y 1932, y dada la situaci&oacute;n de la econom&iacute;a mundial, EE.UU. decide condonar las deudas de guerra a Francia y Reino Unido, quienes, a su vez, renuncian como acreedores a buena parte de la deuda alemana. Resumiendo, en 1932, Alemania consigui&oacute; una reducci&oacute;n neta de m&aacute;s del 98% de las deudas a las que les obligaba haber puesto en marcha la I Guerra Mundial<\/span><br \/><span>&nbsp;&nbsp;&nbsp; A ra&iacute;z de esto, los pa&iacute;ses demostraron que la deuda no es s&oacute;lo responsabilidad del deudor, sino tambi&eacute;n de los acreedores. Pa&iacute;ses como Grecia quisieron tomar parte en el proceso para crear una Europa occidental estable y eso a pesar de los cr&iacute;menes que los alemanes hab&iacute;an cometido unos pocos a&ntilde;os antes.&nbsp;<\/span><br \/><span>&nbsp;&nbsp;&nbsp; La cancelaci&oacute;n de la deuda alemana se llev&oacute; a cabo antes de que diera lugar a una crisis, cancel&aacute;ndose el 50% de esta, lo que inclu&iacute;a deudas del sector privado e incluso de individuos. Tambi&eacute;n incluy&oacute; a todos los acreedores. A nadie se le permiti&oacute; resistirse y sacar mayores beneficios que los dem&aacute;s. Se decidi&oacute; que cualquier problema que surgiera ser&iacute;a arreglado en negociaciones entre iguales y no a trav&eacute;s de sanciones o imposiciones de pol&iacute;ticas anti democr&aacute;ticas&#8230;<\/span><\/p>\n<p><span>&nbsp;&nbsp;&nbsp; En la actualidad vemos que la prioridad de los pa&iacute;ses es pagar su deuda por encima de cualquier servicio, modific&aacute;ndose cartas magnas, vulnerando derechos sociales adquiridos a base de siglos de lucha, reduciendo salarios, elaborando reformas laborales bajo la excusa de que para ser competitivos hay que abaratar los despidos, los salarios&#8230; En Grecia los pagos de la deuda externa representan el 30 % de las ganancias provenientes de sus exportaciones. Actualmente la econom&iacute;a se ha reducido m&aacute;s de un 20% ocasionando que una de cada dos personas est&eacute; desempleada. Todo esto m&aacute;s que solucionar el problema ha vertido m&aacute;s gasolina al fuego, inflando la deuda.&nbsp;<\/span><\/p>\n<p><span>&nbsp;&nbsp;&nbsp; Grecia pas&oacute; 13 a&ntilde;os de crecimiento econ&oacute;mico relativamente alto. Con el anterior gobierno del PASOK de Simitis, de 1996 a 2004, la econom&iacute;a creci&oacute; una media anual aproximada del 4 por ciento. A partir del 2009 comenz&oacute; su desaceleraci&oacute;n, creciendo un 2,5 %.<\/span><br \/><span>&nbsp;&nbsp;&nbsp; Sin embargo, aunque Grecia ha atravesado una d&eacute;cada de crecimiento, la mayor&iacute;a de los trabajadores no lo han sentido como un boom, m&aacute;s bien como una recesi&oacute;n. En este per&iacute;odo, los trabajadores han visto ataques constantes a todas sus conquistas ganadas anteriormente. La deuda alcanz&oacute; niveles sin precedentes, el boom se aliment&oacute; con el cr&eacute;dito y los salarios reales no aumentaron. Al mismo tiempo, se dio un proceso de temporalidad laboral, cre&aacute;ndose muchos trabajadores temporales y mal pagados. Se aprobaron leyes que aumentaban el n&uacute;mero de empleos y contratos laborales temporales.<\/span><\/p>\n<p><span>&nbsp;&nbsp;&nbsp; Esto subraya el hecho de que el reciente boom fue a costa de la clase obrera. El crecimiento econ&oacute;mico no signific&oacute; ning&uacute;n beneficio real para los trabajadores, al contrario, conllev&oacute; nuevos problemas, como el aumento del endeudamiento. Esto explica por qu&eacute; desde hace un tiempo los trabajadores griegos no se muestran optimistas con el futuro. Una encuesta reciente revelaba que los griegos son los m&aacute;s pesimistas de la Uni&oacute;n Europea, con un 70 por ciento opinando que su pa&iacute;s va en la direcci&oacute;n equivocada (un 14 por ciento m&aacute;s que el a&ntilde;o anterior). Un 92% de la poblaci&oacute;n opina que la situaci&oacute;n econ&oacute;mica empeorar&aacute; cada vez m&aacute;s.<\/span><\/p>\n<p><span>&nbsp;&nbsp;&nbsp; En esta situaci&oacute;n los j&oacute;venes son particularmente los m&aacute;s golpeados. El desempleo juvenil oficial est&aacute; en el 61%. Debido a esta situaci&oacute;n, al menos una cuarta parte de los j&oacute;venes menores de 25 a&ntilde;os vive por debajo del umbral de la pobreza.&nbsp;<\/span><span>Despu&eacute;s de pasar mucho tiempo estudiando, estos estudiantes son conocidos en Grecia como la generaci&oacute;n de los 700 euros.<\/span><br \/><span>&nbsp;&nbsp;&nbsp; No podemos olvidar dentro del fuerte y combativo movimiento estudiantil griego a los ca&iacute;dos&#8230;&nbsp; Alexis Grigoropulos, joven de 15 a&ntilde;os asesinado por la polic&iacute;a el 6 de diciembre de 2008, &eacute;ste no fue el primer ca&iacute;do a manos de las fuerzas del orden, en 1985 otro joven de 15 a&ntilde;os, Michel Kaltezas fue asesinado por un polic&iacute;a, que luego fue absuelto por un sistema judicial con m&aacute;s agujeros que un colador&#8230; &iquest;Os suena el caso de la absoluci&oacute;n de los mossos de escuadra en la paliza a un detenido en dependencias policiales en Espa&ntilde;a?<\/span>\n<\/div>\n<div>\n<span>&nbsp;&nbsp;&nbsp;&nbsp; En &eacute;pocas de crisis se producen giros a la izquierda derivados de la p&eacute;rdida adquisitiva de esas clases medias que sufren los envites del capitalismo al ver reducidas sus pensiones, mermar sus servicios p&uacute;blicos, sentir que ese falso colch&oacute;n social y econ&oacute;mico que tanto les ha costado, se va al garete por la gesti&oacute;n que han llevado a cabo los dirigentes de ND (PP) y el PASOK (PSOE). Este giro puede producirse tambi&eacute;n a la ultra derecha, cosa que est&aacute; ocurriendo en la actualidad con el auge de Amanecer Dorado.<\/span><br \/><span>&nbsp;&nbsp;&nbsp; El sentir de la anti pol&iacute;tica crece a ritmos agigantados por toda Europa, no es raro ver casos de corrupci&oacute;n en casi la totalidad de las formaciones pol&iacute;ticas. El bipartidismo que ha asolado a este pa&iacute;s despu&eacute;s de una ocupaci&oacute;n nazi, una dictadura de los coroneles, ha demostrado que la mayor&iacute;a de los corruptos est&aacute;n ligados a ND y al PASOK&#8230; Casualmente coincidimos en algo m&aacute;s que ser uno de los pa&iacute;ses del mediterr&aacute;neo.<\/span><\/p>\n<p><span>&nbsp;&nbsp;&nbsp; Analizando lo que est&aacute; ocurriendo en Grecia veo que aqu&iacute; nos est&aacute; pasando lo mismo pero con una demora de 3 &oacute; 4 a&ntilde;os. El descontento en la sociedad no est&aacute; derivando en una mayor afiliaci&oacute;n a los sindicatos ni en un crecimiento en organizaciones pol&iacute;ticas; en el primer caso se observa que las c&uacute;pulas siguen jugando al juego de depende de qui&eacute;n est&eacute; me pongo una u otra chaqueta. Es lamentable ver como la militancia no exige a sus dirigentes, &eacute;tica y conciencia en sus actos. A fin de cuentas &eacute;stos (militantes) son la fuerza del sindicato y del trabajo haciendo trabajo de base en los tajos, en las empresas y difundiendo valores de protecci&oacute;n de los y las trabajadoras.&nbsp; En el segundo caso, estamos viviendo una extensi&oacute;n de la anti pol&iacute;tica. Todos los pol&iacute;ticos son corruptos, todos roban, todos son iguales&#8230; Generalizar el fallo de los que deben de trabajar por y para los que les eligen, es abonar un camino a la ultra derecha o a gobiernos tecnocr&aacute;ticos. El ejemplo lo hemos vivido en Italia de la mano de Monti.<\/span><\/p>\n<p><span>&nbsp;&nbsp;&nbsp; Las crisis no son vividas por todos de la misma manera, en estos a&ntilde;os hemos visto como se han reducido los sueldos, se han desmantelado los servicios p&uacute;blicos, se retrocede en materia de derechos sociales, el paro no para de crecer lastrando a toda una generaci&oacute;n de j&oacute;venes a trabajos precarios y con sueldos de 400 euros&#8230; &iquest;Qui&eacute;n podr&iacute;a vivir o iniciar una vida con inseguridad laboral y sueldos de esclavos?<\/span><br \/><span>&nbsp;&nbsp;&nbsp; La realidad es tal que las medidas llevadas a cabo para darle un giro de 180 grados a la situaci&oacute;n no van encaminadas a ponerle fin, sino a que unos pocos saquen tajada en beneficio propio. Hemos asumido una m&aacute;xima como tal, socializaci&oacute;n de p&eacute;rdidas y capitalizaci&oacute;n de ganancias. Resumimos: la p&eacute;rdida de conquistas sociales arroja cotidianamente im&aacute;genes de despedidos sin derecho al subsidio, de jubilados hurgando en la basura, de hospitales sin gasas, de farmacias sin medicamentos y de desesperados quit&aacute;ndose la vida.<\/span><\/p>\n<p><span>&nbsp;&nbsp;&nbsp; Asistimos a la mayor oferta de empresas p&uacute;blicas en venta, el estado (ND + PASOK + Izquierda Democr&aacute;tica) aprob&oacute; &ldquo;El marco de estrategia financiera a Medio Plazo&rdquo;. A lo largo del 2013, unos 25000 funcionarios ser&aacute;n cesados, copago sanitario, nueva reducci&oacute;n de pensiones, incremento del paro y aumento de la recesi&oacute;n. Hasta el agua se privatiza, sacar&aacute;n unos 10000 millones de euros de los 50000 esperados&#8230;<\/span><br \/><span>&nbsp;&nbsp;&nbsp; Ya se sabe, en &eacute;poca de crisis hay gangas de materias primas! Que usted necesita miles de hect&aacute;reas para hacerse m&aacute;s rico, el estado se las vende por 11 millones y de beneficio obtendr&aacute; 2000 millones de euros! Venga, venga, &eacute;xito asegurado!!! Obtenga los derechos de explotaci&oacute;n de las minas de oro y otros metales de la regi&oacute;n de Casandra, en Calc&iacute;dica (Macedonia, Grecia) y si quiebra no se preocupe, el estado har&aacute; alguna artima&ntilde;a para seguir vendi&eacute;ndosela a otro holding que explotes TUS recursos a precio de ganga.<\/span><\/p>\n<p><span>&nbsp;&nbsp;&nbsp; No nos queda ninguna duda que las crisis acaban de un plumazo con los derechos adquiridos a base de largas y duras luchas, suprime la soberan&iacute;a de las empresas p&uacute;blicas para colocarlas a buen precio a empresas extranjeras, liquida las leyes en materia laboral para que puedas trabajar m&aacute;s de 48 horas por semana y tengas que jubilarte a los 72 a&ntilde;os&#8230;<\/span><br \/><span>&nbsp;&nbsp;&nbsp;&nbsp;<\/span><br \/><span>&nbsp;&nbsp;&nbsp; Hoy hablamos de Grecia&#8230; Ma&ntilde;ana nos toca a nosotros.<\/span>\n<\/div>\n<div><span><b>David Couso.<\/b><\/span><\/div>\n<div><i><span>Miembro del Comit&eacute; de Coordinaci&oacute;n y de Attacantes de ATTAC-Alacant<\/span><\/i><\/div>\n<div><i><span><br \/><\/span><\/i><\/div>\n<div><i><span><br \/><\/span><\/i><\/div>\n<div><i><span><br \/><\/span><\/i><\/div>\n","protected":false},"author":63,"featured_media":0,"comment_status":"closed","ping_status":"closed","sticky":false,"template":"","format":"standard","meta":{"footnotes":""},"categories":[31],"tags":[],"class_list":["post-276","post","type-post","status-publish","format-standard","hentry","category-fils-rss"],"_links":{"self":[{"href":"https:\/\/radioalma.eu\/horizonte\/wp-json\/wp\/v2\/posts\/276","targetHints":{"allow":["GET"]}}],"collection":[{"href":"https:\/\/radioalma.eu\/horizonte\/wp-json\/wp\/v2\/posts"}],"about":[{"href":"https:\/\/radioalma.eu\/horizonte\/wp-json\/wp\/v2\/types\/post"}],"author":[{"embeddable":true,"href":"https:\/\/radioalma.eu\/horizonte\/wp-json\/wp\/v2\/users\/63"}],"replies":[{"embeddable":true,"href":"https:\/\/radioalma.eu\/horizonte\/wp-json\/wp\/v2\/comments?post=276"}],"version-history":[{"count":0,"href":"https:\/\/radioalma.eu\/horizonte\/wp-json\/wp\/v2\/posts\/276\/revisions"}],"wp:attachment":[{"href":"https:\/\/radioalma.eu\/horizonte\/wp-json\/wp\/v2\/media?parent=276"}],"wp:term":[{"taxonomy":"category","embeddable":true,"href":"https:\/\/radioalma.eu\/horizonte\/wp-json\/wp\/v2\/categories?post=276"},{"taxonomy":"post_tag","embeddable":true,"href":"https:\/\/radioalma.eu\/horizonte\/wp-json\/wp\/v2\/tags?post=276"}],"curies":[{"name":"wp","href":"https:\/\/api.w.org\/{rel}","templated":true}]}}