{"id":278,"date":"2013-03-20T16:29:00","date_gmt":"2013-03-20T15:29:00","guid":{"rendered":"http:\/\/radioalma.eu\/horizonte\/?guid=5e336c6018cd2d970d8d3abea0701ca2"},"modified":"2013-03-28T13:23:55","modified_gmt":"2013-03-28T12:23:55","slug":"desmontandogrecia-hoy-en-attacantes","status":"publish","type":"post","link":"https:\/\/radioalma.eu\/horizonte\/2013\/03\/20\/desmontandogrecia-hoy-en-attacantes\/","title":{"rendered":"#DesmontandoGrecia, hoy en ATTACANTES."},"content":{"rendered":"<p><span style=\"background-color: white; color: #222222; font-family: arial, sans-serif; font-size: 13px;\">Hoy vuelve a ver una cita con la actualidad, no la que acostumbramos a ver o leer en nuestro habituales medios de comunicaci\u00f3n, pues vamos a hablar de la situaci\u00f3n en Grecia&#8230; silenciada y censurada en la prensa, en estos ultimos tiempos. \u00bfSabes como realmente esta Grecia y sus habitantes? \u00bfcrees que su situaci\u00f3n se ha solucionado?&#8230; La \u00ab\u00a0troika\u00a0\u00bb ha impuesto un \u00ab\u00a0silencio\u00a0\u00bb obligado a los medios de comunicaci\u00f3n, para no contar lo que realmente est\u00e1 pasando en Grecia y que no cunda el p\u00e1nico en el resto de pa\u00edses afectados por la crisis y los \u00ab\u00a0rescates\u00a0\u00bb.<\/span><br \/><span style=\"color: #222222; font-family: arial, sans-serif; font-size: x-small;\"><br \/><\/span><\/p>\n<div style=\"background-color: white; color: #222222; font-family: arial, sans-serif; font-size: 13px;\"><b>Hoy en el programa Attacantes, emitido a trav\u00e9s de Artegalia a partir de las 20.30h.&nbsp;<\/b>escucharemos la entrevista realizada a Sergio C\u00f3rcoles, un compa\u00f1ero alicantino que durante m\u00e1s de 6 a\u00f1os va y viene de Grecia, que nos contar\u00e1 a trav\u00e9s de su punto de vista la situaci\u00f3n econ\u00f3mica, pol\u00edtico y social que se est\u00e1 viviendo. Para que nos haga un marco global de esta tem\u00e1tica contaremos con la participaci\u00f3n de Mois\u00e9s Hidalgo, miembro de Attac, profesor de econom\u00eda mundial y activista social. &nbsp;Por supuesto no faltar\u00e1 la mirada y correspondiente an\u00e1lisis a lo acontecido en Chipre.<\/div>\n<div style=\"background-color: white; color: #222222; font-family: arial, sans-serif; font-size: 13px;\"><\/div>\n<div style=\"background-color: white; color: #222222; font-family: arial, sans-serif; font-size: 13px;\"><\/div>\n","protected":false},"excerpt":{"rendered":"<p><span>Hoy vuelve a ver una cita con la actualidad, no la que acostumbramos a ver o leer en nuestro habituales medios de comunicaci&oacute;n, pues vamos a hablar de la situaci&oacute;n en Grecia&#8230; silenciada y censurada en la prensa, en estos ultimos tiempos. &iquest;Sabes como realmente esta Grecia y sus habitantes? &iquest;crees que su situaci&oacute;n se ha solucionado?&#8230; La \u00ab\u00a0troika\u00a0\u00bb ha impuesto un \u00ab\u00a0silencio\u00a0\u00bb obligado a los medios de comunicaci&oacute;n, para no contar lo que realmente est&aacute; pasando en Grecia y que no cunda el p&aacute;nico en el resto de pa&iacute;ses afectados por la crisis y los \u00ab\u00a0rescates\u00a0\u00bb.<\/span><br \/><span><br \/><\/span><\/p>\n<div>\n<b>Hoy en el programa Attacantes, emitido a trav&eacute;s de Artegalia a partir de las 20.30h.&nbsp;<\/b>escucharemos la entrevista realizada a Sergio C&oacute;rcoles, un compa&ntilde;ero alicantino que durante m&aacute;s de 6 a&ntilde;os va y viene de Grecia, que nos contar&aacute; a trav&eacute;s de su punto de vista la situaci&oacute;n econ&oacute;mica, pol&iacute;tico y social que se est&aacute; viviendo. Para que nos haga un marco global de esta tem&aacute;tica contaremos con la participaci&oacute;n de Mois&eacute;s Hidalgo, miembro de Attac, profesor de econom&iacute;a mundial y activista social. &nbsp;Por supuesto no faltar&aacute; la mirada y correspondiente an&aacute;lisis a lo acontecido en Chipre.<\/div>\n<div><\/div>\n<div><\/div>\n","protected":false},"author":63,"featured_media":0,"comment_status":"closed","ping_status":"closed","sticky":false,"template":"","format":"standard","meta":{"footnotes":""},"categories":[31],"tags":[],"class_list":["post-278","post","type-post","status-publish","format-standard","hentry","category-fils-rss"],"_links":{"self":[{"href":"https:\/\/radioalma.eu\/horizonte\/wp-json\/wp\/v2\/posts\/278","targetHints":{"allow":["GET"]}}],"collection":[{"href":"https:\/\/radioalma.eu\/horizonte\/wp-json\/wp\/v2\/posts"}],"about":[{"href":"https:\/\/radioalma.eu\/horizonte\/wp-json\/wp\/v2\/types\/post"}],"author":[{"embeddable":true,"href":"https:\/\/radioalma.eu\/horizonte\/wp-json\/wp\/v2\/users\/63"}],"replies":[{"embeddable":true,"href":"https:\/\/radioalma.eu\/horizonte\/wp-json\/wp\/v2\/comments?post=278"}],"version-history":[{"count":0,"href":"https:\/\/radioalma.eu\/horizonte\/wp-json\/wp\/v2\/posts\/278\/revisions"}],"wp:attachment":[{"href":"https:\/\/radioalma.eu\/horizonte\/wp-json\/wp\/v2\/media?parent=278"}],"wp:term":[{"taxonomy":"category","embeddable":true,"href":"https:\/\/radioalma.eu\/horizonte\/wp-json\/wp\/v2\/categories?post=278"},{"taxonomy":"post_tag","embeddable":true,"href":"https:\/\/radioalma.eu\/horizonte\/wp-json\/wp\/v2\/tags?post=278"}],"curies":[{"name":"wp","href":"https:\/\/api.w.org\/{rel}","templated":true}]}}