{"id":279,"date":"2013-03-20T10:08:00","date_gmt":"2013-03-20T09:08:00","guid":{"rendered":"http:\/\/radioalma.eu\/horizonte\/?guid=8a6349e83c727b26166b51616306e559"},"modified":"2013-03-28T13:23:37","modified_gmt":"2013-03-28T12:23:37","slug":"artegalia-2013-03-20-100800","status":"publish","type":"post","link":"https:\/\/radioalma.eu\/horizonte\/2013\/03\/20\/artegalia-2013-03-20-100800\/","title":{"rendered":"artegalia 2013-03-20 10:08:00"},"content":{"rendered":"<p><b style=\"background-color: white; font-family: arial, sans-serif; font-size: 10pt;\"><span style=\"color: red; font-size: medium;\">Boicot al ej\u00e9rcito de Israel en el Curso&nbsp;<i>Servicios de inteligencia y seguridad nacional (IV edici\u00f3n)<\/i>, de la Universidad de Alicante.<\/span><\/b><\/p>\n<div style=\"background-color: white; color: #222222; font-family: arial, sans-serif; font-size: 13px;\">\n<div dir=\"ltr\">\n<div dir=\"ltr\"><\/p>\n<div style=\"text-align: justify;\"><span style=\"font-size: small;\">Para los pr\u00f3ximos d\u00edas 25-27 de marzo de 2013, la&nbsp;<a href=\"http:\/\/deje.ua.es\/es\/ciencia-politica-administracion\/servicios-de-inteligencia-y-seguridad-internacional-2013.html\" style=\"color: #1155cc;\" >web<\/a>&nbsp;del \u00c1rea de Ciencia Pol\u00edtica y de la Administraci\u00f3n de la Facultad de Derecho de nuestra universidad anuncia la celebraci\u00f3n del Curso&nbsp;<i>Servicios de inteligencia y seguridad nacional (IV Edici\u00f3n).<\/i><\/span><\/div>\n<div style=\"text-align: justify;\"><span style=\"font-size: small;\">Entre los participantes que anuncia el<span style=\"color: #0047ff;\">&nbsp;<\/span><a href=\"http:\/\/deje.ua.es\/es\/ciencia-politica-administracion\/documentos\/triptico-servicios-inteligencia-2013.pdf\" style=\"color: #1155cc;\" >programa<\/a><span style=\"color: #0047ff;\">&nbsp;<\/span>de dicho curso&nbsp; se encuentran un&nbsp;<b>miembro del ej\u00e9rcito de Israel&nbsp;<\/b>y un profesor de una escuela de dicho ej\u00e9rcito, junto con otros miembros o ex miembros de servicios secretos, algunos de muy dudosa reputaci\u00f3n (como la&nbsp; disuelta DAS de Colombia).<\/span><\/div>\n<div style=\"text-align: justify;\"><\/div>\n<div style=\"text-align: justify;\"><span style=\"font-size: small;\">El 23 de febrero pasado, muri\u00f3 Arafat Jaradat, palestino de 30 a\u00f1os, padre de dos hijos de 2 y 4 a\u00f1os, que hab\u00eda sido detenido por el ej\u00e9rcito israel\u00ed bajo la acusaci\u00f3n de tirar piedras a colonos israel\u00edes asentados ilegalmente en Cisjordania. La autopsia realizada por orden de la Autoridad Nacional Palestina revel\u00f3 que el coraz\u00f3n y los pulmones de Jaradat estaban sanos, pero que ten\u00eda seis huesos rotos en el cuello, la columna vertebral, los brazos y las piernas, y que muri\u00f3 a causa de extrema tortura.<i><\/i><\/span><\/div>\n<div style=\"text-align: justify;\"><\/div>\n<div style=\"text-align: justify;\"><span style=\"font-size: small;\">Recientemente, los medios de comunicaci\u00f3n se han hecho eco, as\u00ed mismo, del&nbsp;<a href=\"http:\/\/www.publico.es\/internacional\/451314\/los-consules-de-la-ue-en-jerusalen-denuncian-la-anexion-ilegal-israeli\" style=\"color: #1155cc;\" >informe<\/a>&nbsp;conjunto de los c\u00f3nsules de la UE en Jerusal\u00e9n, que se\u00f1ala que \u00ab\u00a0Israel est\u00e1 perpetuando activamente la anexi\u00f3n ilegal de Jerusal\u00e9n Este socavando sistem\u00e1ticamente la presencia palestina a trav\u00e9s de&nbsp;planes zonales restrictivos, demoliciones y expulsiones, acceso discriminatorio a lugares sagrados, una pol\u00edtica de educaci\u00f3n desigual, el dif\u00edcil acceso a la sanidad, una provisi\u00f3n de recursos inadecuada, el cierre continuado de instituciones palestinas y un sistema de permisos de residencia restrictivo\u201c.<\/span><\/div>\n<div style=\"text-align: justify;\"><\/div>\n<div style=\"text-align: justify;\"><span style=\"font-size: small;\">Los hechos mencionados son tan s\u00f3lo dos muestras recientes de las consecuencias de la pol\u00edtica de ocupaci\u00f3n de Israel en Palestina, ocupaci\u00f3n que dura ya muchas d\u00e9cadas.<\/span><\/div>\n<div style=\"text-align: justify;\"><\/div>\n<div style=\"text-align: justify;\"><span style=\"font-size: small;\">Existe un movimiento global que reclama el Boicot, la Desinversi\u00f3n y las Sanciones (<a href=\"http:\/\/www.bdsmovement.net\/\" style=\"color: #1155cc;\" >BDS<\/a>) a Israel&nbsp; hasta que cumpla con las leyes internacionales y<span style=\"color: red;\">&nbsp;<\/span>respete los derechos del pueblo palestino. El BDS&nbsp; permite que las gentes con conciencia jueguen un papel efectivo para ayudar al pueblo palestino en su lucha por la justicia. El BDS se inspira en la campa\u00f1a de boicot que contribuy\u00f3 a acabar con el r\u00e9gimen del apartheid en Sud\u00e1frica, con el que el r\u00e9gimen impuesto por Israel en los Territorios Palestinos Ocupados guarda grandes similitudes. No en vano, el partido Consejo Nacional Africano, que lider\u00f3 la lucha contra el apartheid y que actualmente gobierna Sud\u00e1frica, se<a href=\"http:\/\/www.haaretz.com\/news\/diplomacy-defense\/south-africa-s-ruling-party-endorses-bds-campaign-against-israel.premium-1.486195\" style=\"color: #1155cc;\" >&nbsp; ha adherido<\/a>&nbsp;al BDS. Precisamente, el curso mencionado coincide con la celebraci\u00f3n de la&nbsp;<span style=\"color: #0047ff;\">&nbsp;<\/span><a href=\"http:\/\/apartheidweek.org\/es\/frontpage\" style=\"color: #1155cc;\" >semana internacional contra el apartheid<\/a><span style=\"color: #0047ff;\">&nbsp;<\/span>en m\u00e1s de un centenar de ciudades<\/span><\/div>\n<div style=\"text-align: justify;\"><\/div>\n<div style=\"text-align: justify;\"><span style=\"font-size: small;\">Incluso el relator de la ONU sobre los derechos humanos&nbsp; en Palestina, Richard Falk, pidi\u00f3 en su<span style=\"color: #0047ff;\">&nbsp;<\/span><a href=\"http:\/\/www.middleeastmonitor.org.uk\/downloads\/other_reports\/report-of-the-special-rapporteur-on-the-situation-of-human-rights-in-the-palestinian-territories-occupied-since-1967.pdf\" style=\"color: #1155cc;\" >informe<\/a><span style=\"color: #0047ff;\">&nbsp;<\/span>de 2010 el apoyo de la ONU al BDS. Cabe se\u00f1alar que un sector de la sociedad israel\u00ed que incluye a jud\u00edos y palestinos apoya el BDS, como puedes ver&nbsp;<a href=\"http:\/\/boycottisrael.info\/\" style=\"color: #1155cc;\" >aqu\u00ed<\/a>&nbsp;.<\/span><\/div>\n<div style=\"text-align: justify;\"><\/div>\n<div style=\"text-align: justify;\"><span style=\"font-size: small;\">Adem\u00e1s de en Palestina, Israel y sus servicios secretos han desempe\u00f1ado y desempe\u00f1an un papel important\u00edsimo en el suministro de armas, tecnolog\u00eda y entrenamiento a reg\u00edmenes represivos de todo el mundo, como documenta el proyecto<span style=\"color: #0047ff;\">&nbsp;<\/span><a href=\"http:\/\/israelglobalrepression.wordpress.com\/\" style=\"color: #1155cc;\" >Israel&rsquo;s Worlwide<\/a><a href=\"http:\/\/israelglobalrepression.wordpress.com\/\" style=\"color: #1155cc;\" >&nbsp;<\/a><a href=\"http:\/\/israelglobalrepression.wordpress.com\/\" style=\"color: #1155cc;\" >Role in Repression<\/a>&nbsp;de la Red Internacional de Jud\u00edos Antisionistas.<\/span><\/div>\n<div style=\"text-align: justify;\"><\/div>\n<div style=\"text-align: justify;\"><span style=\"font-size: small;\"><b>Desde la Asamblea por Palestina de la Universidad de Alicante&nbsp;<a href=\"http:\/\/asambleapalestinaalicante.jimdo.com\/\" style=\"color: #1155cc;\" >AUPA<\/a>&nbsp;y desde las plataformas que promueven el BDS acad\u00e9mico, estatal (<a href=\"http:\/\/pebai.wordpress.com\/%20.\" style=\"color: #1155cc;\" >PEBAI<\/a>), europea (<a href=\"http:\/\/www.bricup.org.uk\/\" style=\"color: #1155cc;\" >EPACBI<\/a>) y global (<a href=\"http:\/\/pacbi.org\/etemplate.php?id=869\" style=\"color: #1155cc;\" >PACBI<\/a>), llamamos a la comunidad universitaria de la UA, y a la sociedad alicantina<span style=\"font-size: small;\">&nbsp;y<\/span>&nbsp;organizaciones, a adherirse al BDS en general, y al BDS acad\u00e9mico y al rechazo de la celebraci\u00f3n en la UA del curso mencionado m\u00e1s arriba en particular, mediante la firma del siguiente&nbsp;<u>Manifiesto<\/u>:<\/b><\/span><\/div>\n<div style=\"text-align: justify;\"><\/div>\n<div style=\"text-align: justify;\"><span style=\"font-size: small;\">&nbsp;&nbsp;&nbsp;&nbsp;&nbsp;&nbsp;&nbsp;&nbsp;&nbsp;&nbsp;&nbsp;&nbsp;&nbsp;&nbsp;&nbsp;&nbsp;<i>\u00ab\u00a0Para los pr\u00f3ximos d\u00edas 25 y 27 de marzo est\u00e1 prevista la celebraci\u00f3n en la Universidad de Alicante&nbsp; del Curso Servicios de inteligencia y seguridad nacional (IV Edici\u00f3n), organizado, seg\u00fan reza en su programa, por el \u00c1rea de Ciencia Pol\u00edtica y de la Administraci\u00f3n de la universidad. Entre los participantes en<\/i><i><span style=\"color: #0047ff;\">&nbsp;<\/span><\/i><i>dicho curso&nbsp; se encuentran un miembro del ej\u00e9rcito de Israel<b>&nbsp;<\/b>y un profesor de una escuela de dicho ej\u00e9rcito.<\/i><\/span><\/div>\n<div style=\"text-align: justify;\"><span style=\"font-size: small;\"><i>&nbsp;&nbsp;&nbsp;&nbsp;&nbsp;&nbsp;&nbsp;&nbsp;&nbsp;&nbsp;&nbsp;&nbsp;&nbsp;&nbsp;&nbsp; Las organizaciones universitarias y de la sociedad alicantina abajo firmantes queremos manifestar nuestro rechazo a la participaci\u00f3n de dichas personas en un acto acad\u00e9mico en la Universidad de Alicante. Existe un movimiento global que reclama el Boicot, la Desinversi\u00f3n y las Sanciones (BDS) a Israel&nbsp; hasta que cumpla con las leyes internacionales y<\/i><i><span style=\"color: red;\">&nbsp;<\/span><\/i><i>respete los derechos del pueblo palestino<\/i><i>.&nbsp;<\/i><i>El BDS&nbsp; es una estrategia pac\u00edfica que permite que las gentes con conciencia jueguen un papel efectivo para ayudar al pueblo palestino en su lucha por la justicia. El BDS incluye el boicot institucional a las instituciones acad\u00e9micas israel\u00edes, como forma de presi\u00f3n al gobierno israel\u00ed.<\/i><\/span><\/div>\n<div style=\"text-align: justify;\"><i><span style=\"font-size: small;\">&nbsp;&nbsp;&nbsp;&nbsp;&nbsp;&nbsp;&nbsp;&nbsp;&nbsp;&nbsp;&nbsp;&nbsp;&nbsp;&nbsp;&nbsp; En el caso que nos ocupa, cabe dudar de la naturaleza acad\u00e9mica de la participaci\u00f3n de las personas israel\u00edes mencionadas pero no del car\u00e1cter de la instituci\u00f3n para la que trabajan, el ej\u00e9rcito israel\u00ed, que implementa las pol\u00edticas de ocupaci\u00f3n y anexi\u00f3n de los territorios ocupados, y ha sido acusado en numerosas ocasiones de cometer cr\u00edmenes de guerra y violaciones de los derechos humanos en general.<\/span><\/i><\/div>\n<div style=\"text-align: justify;\"><i><span style=\"font-size: small;\">&nbsp;&nbsp;&nbsp;&nbsp;&nbsp;&nbsp;&nbsp;&nbsp;&nbsp;&nbsp;&nbsp;&nbsp;&nbsp;&nbsp;&nbsp; Por ello, queremos manifestar nuestro rechazo a la participaci\u00f3n de dichas personas en el curso mencionado, y solicitar a las autoridades acad\u00e9micas que se abstengan de facilitar este tipo de actos\u00a0\u00bb<\/span><\/i><\/div>\n<p><span style=\"font-size: small;\"><br \/><\/span><\/div>\n<\/div>\n<\/div>\n","protected":false},"excerpt":{"rendered":"<p><b><span>Boicot al ej&eacute;rcito de Israel en el Curso&nbsp;<i>Servicios de inteligencia y seguridad nacional (IV edici&oacute;n)<\/i>, de la Universidad de Alicante.<\/span><\/b><\/p>\n<div>\n<div dir=\"ltr\">\n<div dir=\"ltr\">\n<\/p>\n<div><span>Para los pr&oacute;ximos d&iacute;as 25-27 de marzo de 2013, la&nbsp;<a href=\"http:\/\/deje.ua.es\/es\/ciencia-politica-administracion\/servicios-de-inteligencia-y-seguridad-internacional-2013.html\" target=\"_blank\">web<\/a>&nbsp;del &Aacute;rea de Ciencia Pol&iacute;tica y de la Administraci&oacute;n de la Facultad de Derecho de nuestra universidad anuncia la celebraci&oacute;n del Curso&nbsp;<i>Servicios de inteligencia y seguridad nacional (IV Edici&oacute;n).<\/i><\/span><\/div>\n<div><span>Entre los participantes que anuncia el<span>&nbsp;<\/span><a href=\"http:\/\/deje.ua.es\/es\/ciencia-politica-administracion\/documentos\/triptico-servicios-inteligencia-2013.pdf\" target=\"_blank\">programa<\/a><span>&nbsp;<\/span>de dicho curso&nbsp; se encuentran un&nbsp;<b>miembro del ej&eacute;rcito de Israel&nbsp;<\/b>y un profesor de una escuela de dicho ej&eacute;rcito, junto con otros miembros o ex miembros de servicios secretos, algunos de muy dudosa reputaci&oacute;n (como la&nbsp; disuelta DAS de Colombia).<\/span><\/div>\n<div><\/div>\n<div><span>El 23 de febrero pasado, muri&oacute; Arafat Jaradat, palestino de 30 a&ntilde;os, padre de dos hijos de 2 y 4 a&ntilde;os, que hab&iacute;a sido detenido por el ej&eacute;rcito israel&iacute; bajo la acusaci&oacute;n de tirar piedras a colonos israel&iacute;es asentados ilegalmente en Cisjordania. La autopsia realizada por orden de la Autoridad Nacional Palestina revel&oacute; que el coraz&oacute;n y los pulmones de Jaradat estaban sanos, pero que ten&iacute;a seis huesos rotos en el cuello, la columna vertebral, los brazos y las piernas, y que muri&oacute; a causa de extrema tortura.<i><\/i><\/span><\/div>\n<div><\/div>\n<div><span>Recientemente, los medios de comunicaci&oacute;n se han hecho eco, as&iacute; mismo, del&nbsp;<a href=\"http:\/\/www.publico.es\/internacional\/451314\/los-consules-de-la-ue-en-jerusalen-denuncian-la-anexion-ilegal-israeli\" target=\"_blank\">informe<\/a>&nbsp;conjunto de los c&oacute;nsules de la UE en Jerusal&eacute;n, que se&ntilde;ala que \u00ab\u00a0Israel est&aacute; perpetuando activamente la anexi&oacute;n ilegal de Jerusal&eacute;n Este socavando sistem&aacute;ticamente la presencia palestina a trav&eacute;s de&nbsp;planes zonales restrictivos, demoliciones y expulsiones, acceso discriminatorio a lugares sagrados, una pol&iacute;tica de educaci&oacute;n desigual, el dif&iacute;cil acceso a la sanidad, una provisi&oacute;n de recursos inadecuada, el cierre continuado de instituciones palestinas y un sistema de permisos de residencia restrictivo&ldquo;.<\/span><\/div>\n<div><\/div>\n<div><span>Los hechos mencionados son tan s&oacute;lo dos muestras recientes de las consecuencias de la pol&iacute;tica de ocupaci&oacute;n de Israel en Palestina, ocupaci&oacute;n que dura ya muchas d&eacute;cadas.<\/span><\/div>\n<div><\/div>\n<div><span>Existe un movimiento global que reclama el Boicot, la Desinversi&oacute;n y las Sanciones (<a href=\"http:\/\/www.bdsmovement.net\/\" target=\"_blank\">BDS<\/a>) a Israel&nbsp; hasta que cumpla con las leyes internacionales y<span>&nbsp;<\/span>respete los derechos del pueblo palestino. El BDS&nbsp; permite que las gentes con conciencia jueguen un papel efectivo para ayudar al pueblo palestino en su lucha por la justicia. El BDS se inspira en la campa&ntilde;a de boicot que contribuy&oacute; a acabar con el r&eacute;gimen del apartheid en Sud&aacute;frica, con el que el r&eacute;gimen impuesto por Israel en los Territorios Palestinos Ocupados guarda grandes similitudes. No en vano, el partido Consejo Nacional Africano, que lider&oacute; la lucha contra el apartheid y que actualmente gobierna Sud&aacute;frica, se<a href=\"http:\/\/www.haaretz.com\/news\/diplomacy-defense\/south-africa-s-ruling-party-endorses-bds-campaign-against-israel.premium-1.486195\" target=\"_blank\">&nbsp; ha adherido<\/a>&nbsp;al BDS. Precisamente, el curso mencionado coincide con la celebraci&oacute;n de la&nbsp;<span>&nbsp;<\/span><a href=\"http:\/\/apartheidweek.org\/es\/frontpage\" target=\"_blank\">semana internacional contra el apartheid<\/a><span>&nbsp;<\/span>en m&aacute;s de un centenar de ciudades<\/span><\/div>\n<div><\/div>\n<div><span>Incluso el relator de la ONU sobre los derechos humanos&nbsp; en Palestina, Richard Falk, pidi&oacute; en su<span>&nbsp;<\/span><a href=\"http:\/\/www.middleeastmonitor.org.uk\/downloads\/other_reports\/report-of-the-special-rapporteur-on-the-situation-of-human-rights-in-the-palestinian-territories-occupied-since-1967.pdf\" target=\"_blank\">informe<\/a><span>&nbsp;<\/span>de 2010 el apoyo de la ONU al BDS. Cabe se&ntilde;alar que un sector de la sociedad israel&iacute; que incluye a jud&iacute;os y palestinos apoya el BDS, como puedes ver&nbsp;<a href=\"http:\/\/boycottisrael.info\/\" target=\"_blank\">aqu&iacute;<\/a>&nbsp;.<\/span><\/div>\n<div><\/div>\n<div><span>Adem&aacute;s de en Palestina, Israel y sus servicios secretos han desempe&ntilde;ado y desempe&ntilde;an un papel important&iacute;simo en el suministro de armas, tecnolog&iacute;a y entrenamiento a reg&iacute;menes represivos de todo el mundo, como documenta el proyecto<span>&nbsp;<\/span><a href=\"http:\/\/israelglobalrepression.wordpress.com\/\" target=\"_blank\">Israel&rsquo;s Worlwide<\/a><a href=\"http:\/\/israelglobalrepression.wordpress.com\/\" target=\"_blank\">&nbsp;<\/a><a href=\"http:\/\/israelglobalrepression.wordpress.com\/\" target=\"_blank\">Role in Repression<\/a>&nbsp;de la Red Internacional de Jud&iacute;os Antisionistas.<\/span><\/div>\n<div><\/div>\n<div><span><b>Desde la Asamblea por Palestina de la Universidad de Alicante&nbsp;<a href=\"http:\/\/asambleapalestinaalicante.jimdo.com\/\" target=\"_blank\">AUPA<\/a>&nbsp;y desde las plataformas que promueven el BDS acad&eacute;mico, estatal (<a href=\"http:\/\/pebai.wordpress.com\/%20.\" target=\"_blank\">PEBAI<\/a>), europea (<a href=\"http:\/\/www.bricup.org.uk\/\" target=\"_blank\">EPACBI<\/a>) y global (<a href=\"http:\/\/pacbi.org\/etemplate.php?id=869\" target=\"_blank\">PACBI<\/a>), llamamos a la comunidad universitaria de la UA, y a la sociedad alicantina<span>&nbsp;y<\/span>&nbsp;organizaciones, a adherirse al BDS en general, y al BDS acad&eacute;mico y al rechazo de la celebraci&oacute;n en la UA del curso mencionado m&aacute;s arriba en particular, mediante la firma del siguiente&nbsp;<u>Manifiesto<\/u>:<\/b><\/span><\/div>\n<div><\/div>\n<div><span>&nbsp;&nbsp;&nbsp;&nbsp;&nbsp;&nbsp;&nbsp;&nbsp;&nbsp;&nbsp;&nbsp;&nbsp;&nbsp;&nbsp;&nbsp;&nbsp;<i>\u00ab\u00a0Para los pr&oacute;ximos d&iacute;as 25 y 27 de marzo est&aacute; prevista la celebraci&oacute;n en la Universidad de Alicante&nbsp; del Curso Servicios de inteligencia y seguridad nacional (IV Edici&oacute;n), organizado, seg&uacute;n reza en su programa, por el &Aacute;rea de Ciencia Pol&iacute;tica y de la Administraci&oacute;n de la universidad. Entre los participantes en<\/i><i><span>&nbsp;<\/span><\/i><i>dicho curso&nbsp; se encuentran un miembro del ej&eacute;rcito de Israel<b>&nbsp;<\/b>y un profesor de una escuela de dicho ej&eacute;rcito.<\/i><\/span><\/div>\n<div><span><i>&nbsp;&nbsp;&nbsp;&nbsp;&nbsp;&nbsp;&nbsp;&nbsp;&nbsp;&nbsp;&nbsp;&nbsp;&nbsp;&nbsp;&nbsp; Las organizaciones universitarias y de la sociedad alicantina abajo firmantes queremos manifestar nuestro rechazo a la participaci&oacute;n de dichas personas en un acto acad&eacute;mico en la Universidad de Alicante. Existe un movimiento global que reclama el Boicot, la Desinversi&oacute;n y las Sanciones (BDS) a Israel&nbsp; hasta que cumpla con las leyes internacionales y<\/i><i><span>&nbsp;<\/span><\/i><i>respete los derechos del pueblo palestino<\/i><i>.&nbsp;<\/i><i>El BDS&nbsp; es una estrategia pac&iacute;fica que permite que las gentes con conciencia jueguen un papel efectivo para ayudar al pueblo palestino en su lucha por la justicia. El BDS incluye el boicot institucional a las instituciones acad&eacute;micas israel&iacute;es, como forma de presi&oacute;n al gobierno israel&iacute;.<\/i><\/span><\/div>\n<div><i><span>&nbsp;&nbsp;&nbsp;&nbsp;&nbsp;&nbsp;&nbsp;&nbsp;&nbsp;&nbsp;&nbsp;&nbsp;&nbsp;&nbsp;&nbsp; En el caso que nos ocupa, cabe dudar de la naturaleza acad&eacute;mica de la participaci&oacute;n de las personas israel&iacute;es mencionadas pero no del car&aacute;cter de la instituci&oacute;n para la que trabajan, el ej&eacute;rcito israel&iacute;, que implementa las pol&iacute;ticas de ocupaci&oacute;n y anexi&oacute;n de los territorios ocupados, y ha sido acusado en numerosas ocasiones de cometer cr&iacute;menes de guerra y violaciones de los derechos humanos en general.<\/span><\/i><\/div>\n<div><i><span>&nbsp;&nbsp;&nbsp;&nbsp;&nbsp;&nbsp;&nbsp;&nbsp;&nbsp;&nbsp;&nbsp;&nbsp;&nbsp;&nbsp;&nbsp; Por ello, queremos manifestar nuestro rechazo a la participaci&oacute;n de dichas personas en el curso mencionado, y solicitar a las autoridades acad&eacute;micas que se abstengan de facilitar este tipo de actos\u00a0\u00bb<\/span><\/i><\/div>\n<p><span><br \/><\/span>\n<\/div>\n<\/div>\n<\/div>\n","protected":false},"author":63,"featured_media":0,"comment_status":"closed","ping_status":"closed","sticky":false,"template":"","format":"standard","meta":{"footnotes":""},"categories":[31],"tags":[],"class_list":["post-279","post","type-post","status-publish","format-standard","hentry","category-fils-rss"],"_links":{"self":[{"href":"https:\/\/radioalma.eu\/horizonte\/wp-json\/wp\/v2\/posts\/279","targetHints":{"allow":["GET"]}}],"collection":[{"href":"https:\/\/radioalma.eu\/horizonte\/wp-json\/wp\/v2\/posts"}],"about":[{"href":"https:\/\/radioalma.eu\/horizonte\/wp-json\/wp\/v2\/types\/post"}],"author":[{"embeddable":true,"href":"https:\/\/radioalma.eu\/horizonte\/wp-json\/wp\/v2\/users\/63"}],"replies":[{"embeddable":true,"href":"https:\/\/radioalma.eu\/horizonte\/wp-json\/wp\/v2\/comments?post=279"}],"version-history":[{"count":0,"href":"https:\/\/radioalma.eu\/horizonte\/wp-json\/wp\/v2\/posts\/279\/revisions"}],"wp:attachment":[{"href":"https:\/\/radioalma.eu\/horizonte\/wp-json\/wp\/v2\/media?parent=279"}],"wp:term":[{"taxonomy":"category","embeddable":true,"href":"https:\/\/radioalma.eu\/horizonte\/wp-json\/wp\/v2\/categories?post=279"},{"taxonomy":"post_tag","embeddable":true,"href":"https:\/\/radioalma.eu\/horizonte\/wp-json\/wp\/v2\/tags?post=279"}],"curies":[{"name":"wp","href":"https:\/\/api.w.org\/{rel}","templated":true}]}}