{"id":280,"date":"2013-03-20T10:07:00","date_gmt":"2013-03-20T09:07:00","guid":{"rendered":"http:\/\/radioalma.eu\/horizonte\/?guid=e6534c70d14e83d5edf383b59d3294da"},"modified":"2013-03-28T13:23:24","modified_gmt":"2013-03-28T12:23:24","slug":"artegalia-2013-03-20-100700","status":"publish","type":"post","link":"https:\/\/radioalma.eu\/horizonte\/2013\/03\/20\/artegalia-2013-03-20-100700\/","title":{"rendered":"artegalia 2013-03-20 10:07:00"},"content":{"rendered":"<p><\/p>\n<div style=\"background-color: white; color: #505050; font-family: arial, sans-serif; font-size: 14px; line-height: 21px;\"><span style=\"font-family: arial, helvetica, sans-serif;\"><strong style=\"color: #c00c29;\">CONCENTRACI\u00d3N CONTRA LOS IMPAGOS DE N\u00d3MINAS EN APSA<\/strong><br \/>Jueves 21 de marzo, a las 18\u00b430 horas, en la sede de APSA en Alicante (Avda. de Salamanca, 24).<br \/>Convocan: Trabajadores\/as de APSA.<\/span><\/div>\n<div style=\"background-color: white; color: #505050; font-family: arial, sans-serif; font-size: 14px; line-height: 21px;\"><span style=\"font-family: arial, helvetica, sans-serif;\"><br \/><\/span><\/div>\n<div style=\"background-color: white; color: #505050; font-family: arial, sans-serif; font-size: 14px; line-height: 21px;\"><span style=\"font-family: arial, helvetica, sans-serif;\"><strong style=\"color: #c00c29;\">SESI\u00d3N INICIAL DEL CURSO DE MARXISMO DEL PCPV DE L\u00b4ALACANT\u00cd \u00ab\u00a0INTRODUCCI\u00d3N AL MARXISMO DIAL\u00c9CTICO\u00a0\u00bb, las sesiones son abiertas pero para recibir los materiales con los que vamos a trabajar, mandad un correo a pcpvalacanti@gmailcom indicando vuestro inter\u00e9s en participar.<\/strong><br \/>Jueves 21 de marzo, a las 19\u00b430 horas, en la sede del Partit Comunista del Pa\u00eds Valenci\u00e0 de Alicante (c\/ Pintor Murillo, 37).<br \/>Organiza: Partit Comunista del Pa\u00eds Valenci\u00e0.<\/span><\/p>\n<p><span style=\"font-family: arial, helvetica, sans-serif;\"><strong style=\"color: #c00c29;\">HOMENAJE A AMADOU NDOYE, COLOQUIO \u00ab\u00a0CONFLICTOS Y PAZ EN EL SAHEL\u00a0\u00bb<\/strong><\/span><br \/><span style=\"font-family: arial, helvetica, sans-serif;\">Jueves 21 de marzo, a las 19\u00b400 horas, en la sede de la Asociaci\u00f3n Senegalesa en Alicante (c\/ Donoso Cort\u00e9s, 22).<br \/>Organiza: Asociaci\u00f3n Senegalesa de&nbsp; Alicante.<\/span><\/div>\n<div style=\"background-color: white; color: #505050; font-family: arial, sans-serif; font-size: 14px; line-height: 21px;\"><span style=\"font-family: arial, helvetica, sans-serif;\"><br \/><\/span><\/div>\n<p><span style=\"background-color: white; color: #505050; font-family: arial, helvetica, sans-serif; font-size: 14px; line-height: 21px;\"><strong style=\"color: #c00c29;\">CONCENTRACI\u00d3N CONTRA LOS RECORTES SOCIALES EN LAS ADMINISTRACIONES P\u00daBLICAS<\/strong><\/span><br style=\"background-color: white; color: #505050; font-family: arial, sans-serif; font-size: 14px; line-height: 21px;\" \/><span style=\"background-color: white; color: #505050; font-family: arial, helvetica, sans-serif; font-size: 14px; line-height: 21px;\">Viernes 22 de marzo, a las 10\u00b400 horas, en la plaza de la Monta\u00f1eta.<br \/>Convocan: Distintos sindicatos.<\/span><br \/><span style=\"font-family: arial, helvetica, sans-serif;\"><br style=\"background-color: white; color: #505050; font-size: 14px; line-height: 21px;\" \/><\/span><\/p>\n<div style=\"background-color: white; color: #505050; font-family: arial, sans-serif; font-size: 14px; line-height: 21px;\"><span style=\"font-family: arial, helvetica, sans-serif;\"><strong style=\"color: #c00c29;\">CONCENTRACI\u00d3N CONTRA LOS RECORTES SOCIALES EN LAS ADMINISTRACIONES P\u00daBLICAS<\/strong><\/span><br \/><span style=\"font-family: arial, helvetica, sans-serif;\">Viernes 22 de marzo, a las 11\u00b415 horas, en la puerta del Hospital General de Alicante.<br \/>Convocan: Distintos sindicatos.<\/span><\/p>\n<p><strong style=\"color: #c00c29;\">TALLER DE ELABORACI\u00d3N PR\u00c1CTICA DE COSM\u00c9TICA BIO<\/strong><br \/>S\u00e1bado 23 de marzo, a las 17\u00b400 horas, en la sede de Esquerra Unida de Alicante (c\/ Pintor Murillo, 37). Para inscribirse y recibir m\u00e1s informaci\u00f3n, llamar a Elena al<a href=\"tel:676600850\" style=\"color: #1155cc;\"  value=\"+34676600850\">676600850<\/a>&nbsp;o escribirla a&nbsp;<span style=\"color: #87af20; font-family: Arial, Helvetica, sans-serif;\"><span style=\"color: #608100; font-family: Arial, Helvetica, sans-serif;\"><a href=\"mailto:info@elaborabio.com\" style=\"color: #c00c29; text-decoration: none;\" >info@elaborabio.com<\/a><\/span><\/span><br \/>Organiza: Elaborabio.<\/p>\n<p><span style=\"font-family: arial, helvetica, sans-serif;\"><strong style=\"color: #c00c29;\">CLASES DE&nbsp;BAILE&nbsp;EN SOLIDARIDAD CON CUBA<\/strong><\/span><br \/><span style=\"font-family: arial, helvetica, sans-serif;\">Domingo 23 de marzo, a las 19\u00b430 horas, en la sede del Partit Comunista del Pa\u00eds Valenci\u00e0 (c\/ Pintor Murillo, 37).<br \/>El precio de la clase es de 5 euros.<br \/>Oganiza: Joventut Comunista del Pa\u00eds Valenci\u00e0.<\/span><\/div>\n<div style=\"background-color: white; color: #505050; font-family: arial, sans-serif; font-size: 14px; line-height: 21px;\"><span style=\"font-family: arial, helvetica, sans-serif;\"><br \/><\/span><\/div>\n<div style=\"background-color: white; color: #505050; font-family: arial, sans-serif; font-size: 14px; line-height: 21px;\"><span style=\"font-family: arial, helvetica, sans-serif;\"><br \/><\/span><\/div>\n","protected":false},"excerpt":{"rendered":"<p><\/p>\n<div><span><strong>CONCENTRACI&Oacute;N CONTRA LOS IMPAGOS DE N&Oacute;MINAS EN APSA<\/strong><br \/>Jueves 21 de marzo, a las 18&acute;30 horas, en la sede de APSA en Alicante (Avda. de Salamanca, 24).<br \/>Convocan: Trabajadores\/as de APSA.<\/span><\/div>\n<div><span><br \/><\/span><\/div>\n<div>\n<span><strong>SESI&Oacute;N INICIAL DEL CURSO DE MARXISMO DEL PCPV DE L&acute;ALACANT&Iacute; \u00ab\u00a0INTRODUCCI&Oacute;N AL MARXISMO DIAL&Eacute;CTICO\u00a0\u00bb, las sesiones son abiertas pero para recibir los materiales con los que vamos a trabajar, mandad un correo a pcpvalacanti@gmailcom indicando vuestro inter&eacute;s en participar.<\/strong><br \/>Jueves 21 de marzo, a las 19&acute;30 horas, en la sede del Partit Comunista del Pa&iacute;s Valenci&agrave; de Alicante (c\/ Pintor Murillo, 37).<br \/>Organiza: Partit Comunista del Pa&iacute;s Valenci&agrave;.<\/span><\/p>\n<p><span><strong>HOMENAJE A AMADOU NDOYE, COLOQUIO \u00ab\u00a0CONFLICTOS Y PAZ EN EL SAHEL\u00a0\u00bb<\/strong><\/span><br \/><span>Jueves 21 de marzo, a las 19&acute;00 horas, en la sede de la Asociaci&oacute;n Senegalesa en Alicante (c\/ Donoso Cort&eacute;s, 22).<br \/>Organiza: Asociaci&oacute;n Senegalesa de&nbsp; Alicante.<\/span>\n<\/div>\n<div><span><br \/><\/span><\/div>\n<p><span><strong>CONCENTRACI&Oacute;N CONTRA LOS RECORTES SOCIALES EN LAS ADMINISTRACIONES P&Uacute;BLICAS<\/strong><\/span><br \/><span>Viernes 22 de marzo, a las 10&acute;00 horas, en la plaza de la Monta&ntilde;eta.<br \/>Convocan: Distintos sindicatos.<\/span><br \/><span><br \/><\/span><\/p>\n<div>\n<span><strong>CONCENTRACI&Oacute;N CONTRA LOS RECORTES SOCIALES EN LAS ADMINISTRACIONES P&Uacute;BLICAS<\/strong><\/span><br \/><span>Viernes 22 de marzo, a las 11&acute;15 horas, en la puerta del Hospital General de Alicante.<br \/>Convocan: Distintos sindicatos.<\/span><\/p>\n<p><strong>TALLER DE ELABORACI&Oacute;N PR&Aacute;CTICA DE COSM&Eacute;TICA BIO<\/strong><br \/>S&aacute;bado 23 de marzo, a las 17&acute;00 horas, en la sede de Esquerra Unida de Alicante (c\/ Pintor Murillo, 37). Para inscribirse y recibir m&aacute;s informaci&oacute;n, llamar a Elena al<a href=\"tel:676600850\" target=\"_blank\" value=\"+34676600850\">676600850<\/a>&nbsp;o escribirla a&nbsp;<span><span><a href=\"mailto:info@elaborabio.com\" target=\"_blank\">info@elaborabio.com<\/a><\/span><\/span><br \/>Organiza: Elaborabio.<\/p>\n<p><span><strong>CLASES DE&nbsp;BAILE&nbsp;EN SOLIDARIDAD CON CUBA<\/strong><\/span><br \/><span>Domingo 23 de marzo, a las 19&acute;30 horas, en la sede del Partit Comunista del Pa&iacute;s Valenci&agrave; (c\/ Pintor Murillo, 37).<br \/>El precio de la clase es de 5 euros.<br \/>Oganiza: Joventut Comunista del Pa&iacute;s Valenci&agrave;.<\/span>\n<\/div>\n<div><span><br \/><\/span><\/div>\n<div><span><br \/><\/span><\/div>\n","protected":false},"author":63,"featured_media":0,"comment_status":"closed","ping_status":"closed","sticky":false,"template":"","format":"standard","meta":{"footnotes":""},"categories":[31],"tags":[],"class_list":["post-280","post","type-post","status-publish","format-standard","hentry","category-fils-rss"],"_links":{"self":[{"href":"https:\/\/radioalma.eu\/horizonte\/wp-json\/wp\/v2\/posts\/280","targetHints":{"allow":["GET"]}}],"collection":[{"href":"https:\/\/radioalma.eu\/horizonte\/wp-json\/wp\/v2\/posts"}],"about":[{"href":"https:\/\/radioalma.eu\/horizonte\/wp-json\/wp\/v2\/types\/post"}],"author":[{"embeddable":true,"href":"https:\/\/radioalma.eu\/horizonte\/wp-json\/wp\/v2\/users\/63"}],"replies":[{"embeddable":true,"href":"https:\/\/radioalma.eu\/horizonte\/wp-json\/wp\/v2\/comments?post=280"}],"version-history":[{"count":0,"href":"https:\/\/radioalma.eu\/horizonte\/wp-json\/wp\/v2\/posts\/280\/revisions"}],"wp:attachment":[{"href":"https:\/\/radioalma.eu\/horizonte\/wp-json\/wp\/v2\/media?parent=280"}],"wp:term":[{"taxonomy":"category","embeddable":true,"href":"https:\/\/radioalma.eu\/horizonte\/wp-json\/wp\/v2\/categories?post=280"},{"taxonomy":"post_tag","embeddable":true,"href":"https:\/\/radioalma.eu\/horizonte\/wp-json\/wp\/v2\/tags?post=280"}],"curies":[{"name":"wp","href":"https:\/\/api.w.org\/{rel}","templated":true}]}}