{"id":386,"date":"2013-04-01T18:21:00","date_gmt":"2013-04-01T17:21:00","guid":{"rendered":"http:\/\/radioalma.eu\/horizonte\/?guid=58fb980dfb7350dfa678b25f13c00b8b"},"modified":"2013-04-01T18:22:23","modified_gmt":"2013-04-01T17:22:23","slug":"artegalia-2013-04-01-182100","status":"publish","type":"post","link":"https:\/\/radioalma.eu\/horizonte\/2013\/04\/01\/artegalia-2013-04-01-182100\/","title":{"rendered":"artegalia 2013-04-01 18:21:00"},"content":{"rendered":"<p><\/p>\n<div style=\"background-color: white; color: #222222; font-family: arial, sans-serif; font-size: 13px;\">\n<div style=\"text-align: center;\"><span style=\"font-size: x-large;\"><b><span style=\"color: red;\">PAREMOS EL DESAHUCIO DE&nbsp;<\/span><\/b><\/span><\/div>\n<div style=\"text-align: center;\"><b><span style=\"color: red;\"><span style=\"font-size: x-large;\">\u00c1ngel y Yolanda<\/span><\/span><\/b><\/div>\n<div><\/div>\n<div>\n<div style=\"text-align: center;\"><b><span style=\"font-size: medium;\">Mi\u00e9rcoles, 3 de abril<span style=\"font-size: medium;\">&nbsp;a las 11:30<\/span>&nbsp;<\/span><\/b><\/div>\n<div style=\"text-align: center;\"><b><span style=\"font-size: medium;\">Avda. de Alcoy 143 (<\/span><\/b><a href=\"http:\/\/goo.gl\/maps\/ZepUd\" style=\"color: #1155cc;\" >Plano<b><span style=\"font-size: medium;\"><span style=\"font-size: medium;\">)<\/span><\/span><\/b><\/a><\/div>\n<\/div>\n<\/div>\n<div style=\"background-color: white; color: #222222; font-family: arial, sans-serif; font-size: 13px; text-align: center;\"><b><span style=\"font-size: medium;\"><a href=\"http:\/\/www.facebook.com\/events\/417723031650361\/\" style=\"color: #1155cc;\" >Evento Facebook<\/a><\/span><\/b><\/div>\n<div style=\"background-color: white; color: #222222; font-family: arial, sans-serif; font-size: 13px;\"><b><span style=\"font-size: medium;\"><br \/><\/span><\/b><\/div>\n<div style=\"background-color: white; color: #222222; font-family: arial, sans-serif; font-size: 13px;\">El pr\u00f3ximo mi\u00e9rcoles se parar\u00e1 el desahucio de Yolanda y \u00c1ngel, no permitiremos que pasen a engrosar la lista de m\u00e1s de 40.000 desalojos acometidos en Alicante desde 2007. Esta pareja joven que llevaba pagando el piso desde 2006, que&nbsp;<b>BANKIA se ha adjudicado por el 60% de su valor de tasaci\u00f3n, se quedan sin casa y con una deuda de casi 70.000\u20ac<\/b>. Su \u00fanico \u201cdelito\u201d, como el de tantos otros, es ser v\u00edctimas del paro y la precariedad laboral.<br \/>\u00c1ngel y Yolanda colaboran activamente con la plataforma Stop Desahucios, y, con su ayuda, muchos afectados han conseguido parar su desalojo y negociar la daci\u00f3n en pago y el alquiler social.<\/p>\n<p>Ahora les toca a ellos, pero&nbsp;<b>NO EST\u00c1N SOLOS<\/b>.<\/p>\n<\/div>\n<div style=\"background-color: white; color: #222222; font-family: arial, sans-serif; font-size: 13px;\"><b><span style=\"font-size: medium;\">*<\/span><\/b>&nbsp;Si quieres recibir avisos en tu correo de las acciones de&nbsp;<b>STOP DESAHUCIOS ALICANTE<\/b>, rellena el siguiente formulario:<\/div>\n<div style=\"background-color: white; color: #222222; font-family: arial, sans-serif; font-size: 13px;\"><a href=\"https:\/\/docs.google.com\/forms\/d\/1OOHNKDTB-IvJFeKBnfRjlH_3SPc-DMY1MSuuq8_Y-g8\/viewform\" style=\"color: #1155cc;\" >Aviso de las acciones<\/a><\/p>\n<\/div>\n<div style=\"background-color: white; color: #222222; font-family: arial, sans-serif; font-size: 13px;\"><span style=\"color: #222222; font-family: arial, sans-serif;\"><\/span><\/div>\n<p><br clear=\"all\" style=\"background-color: white; color: #222222; font-family: arial, sans-serif; font-size: 13px;\" \/><img fetchpriority=\"high\" decoding=\"async\" alt=\"Im\u00e1genes integradas 1\" class=\"GH\" height=\"640\" src=\"https:\/\/mail.google.com\/mail\/u\/0\/?ui=2&amp;ik=5e51efb382&amp;view=att&amp;th=13dc535974799cc4&amp;attid=0.1&amp;disp=emb&amp;realattid=ii_13dc5225bd396da5&amp;zw&amp;atsh=1\" style=\"-webkit-box-shadow: rgb(229, 229, 229) 0px 0px 0px 1px; background-color: white; box-shadow: rgb(229, 229, 229) 0px 0px 0px 1px; color: #222222; font-family: arial, sans-serif; font-size: 13px;\" width=\"451\" \/><\/p>\n<p><\/p>\n","protected":false},"excerpt":{"rendered":"<p><\/p>\n<div>\n<div><span><b><span>PAREMOS EL DESAHUCIO DE&nbsp;<\/span><\/b><\/span><\/div>\n<div><b><span><span>&Aacute;ngel y Yolanda<\/span><\/span><\/b><\/div>\n<div><\/div>\n<div>\n<div><b><span>Mi&eacute;rcoles, 3 de abril<span>&nbsp;a las 11:30<\/span>&nbsp;<\/span><\/b><\/div>\n<div>\n<b><span>Avda. de Alcoy 143 (<\/span><\/b><a href=\"http:\/\/goo.gl\/maps\/ZepUd\" target=\"_blank\">Plano<b><span><span>)<\/span><\/span><\/b><\/a>\n<\/div>\n<\/div>\n<\/div>\n<div><b><span><a href=\"http:\/\/www.facebook.com\/events\/417723031650361\/\" target=\"_blank\">Evento Facebook<\/a><\/span><\/b><\/div>\n<div><b><span><br \/><\/span><\/b><\/div>\n<div>El pr&oacute;ximo mi&eacute;rcoles se parar&aacute; el desahucio de Yolanda y &Aacute;ngel, no permitiremos que pasen a engrosar la lista de m&aacute;s de 40.000 desalojos acometidos en Alicante desde 2007. Esta pareja joven que llevaba pagando el piso desde 2006, que&nbsp;<b>BANKIA se ha adjudicado por el 60% de su valor de tasaci&oacute;n, se quedan sin casa y con una deuda de casi 70.000&euro;<\/b>. Su &uacute;nico &ldquo;delito&rdquo;, como el de tantos otros, es ser v&iacute;ctimas del paro y la precariedad laboral.<br \/>&Aacute;ngel y Yolanda colaboran activamente con la plataforma Stop Desahucios, y, con su ayuda, muchos afectados han conseguido parar su desalojo y negociar la daci&oacute;n en pago y el alquiler social.<\/p>\n<p>Ahora les toca a ellos, pero&nbsp;<b>NO EST&Aacute;N SOLOS<\/b>.<\/p>\n<\/div>\n<div>\n<b><span>*<\/span><\/b>&nbsp;Si quieres recibir avisos en tu correo de las acciones de&nbsp;<b>STOP DESAHUCIOS ALICANTE<\/b>, rellena el siguiente formulario:<\/div>\n<div>\n<a href=\"https:\/\/docs.google.com\/forms\/d\/1OOHNKDTB-IvJFeKBnfRjlH_3SPc-DMY1MSuuq8_Y-g8\/viewform\" target=\"_blank\">Aviso de las acciones<\/a><\/p>\n<\/div>\n<div><span><\/span><\/div>\n<p><img decoding=\"async\" alt=\"Im&aacute;genes integradas 1\" height=\"640\" src=\"https:\/\/mail.google.com\/mail\/u\/0\/?ui=2&amp;ik=5e51efb382&amp;view=att&amp;th=13dc535974799cc4&amp;attid=0.1&amp;disp=emb&amp;realattid=ii_13dc5225bd396da5&amp;zw&amp;atsh=1\" width=\"451\"><\/p>\n<p><\/p>\n","protected":false},"author":63,"featured_media":0,"comment_status":"closed","ping_status":"closed","sticky":false,"template":"","format":"standard","meta":{"footnotes":""},"categories":[31],"tags":[],"class_list":["post-386","post","type-post","status-publish","format-standard","hentry","category-fils-rss"],"_links":{"self":[{"href":"https:\/\/radioalma.eu\/horizonte\/wp-json\/wp\/v2\/posts\/386","targetHints":{"allow":["GET"]}}],"collection":[{"href":"https:\/\/radioalma.eu\/horizonte\/wp-json\/wp\/v2\/posts"}],"about":[{"href":"https:\/\/radioalma.eu\/horizonte\/wp-json\/wp\/v2\/types\/post"}],"author":[{"embeddable":true,"href":"https:\/\/radioalma.eu\/horizonte\/wp-json\/wp\/v2\/users\/63"}],"replies":[{"embeddable":true,"href":"https:\/\/radioalma.eu\/horizonte\/wp-json\/wp\/v2\/comments?post=386"}],"version-history":[{"count":0,"href":"https:\/\/radioalma.eu\/horizonte\/wp-json\/wp\/v2\/posts\/386\/revisions"}],"wp:attachment":[{"href":"https:\/\/radioalma.eu\/horizonte\/wp-json\/wp\/v2\/media?parent=386"}],"wp:term":[{"taxonomy":"category","embeddable":true,"href":"https:\/\/radioalma.eu\/horizonte\/wp-json\/wp\/v2\/categories?post=386"},{"taxonomy":"post_tag","embeddable":true,"href":"https:\/\/radioalma.eu\/horizonte\/wp-json\/wp\/v2\/tags?post=386"}],"curies":[{"name":"wp","href":"https:\/\/api.w.org\/{rel}","templated":true}]}}