{"id":394,"date":"2013-02-12T10:08:00","date_gmt":"2013-02-12T09:08:00","guid":{"rendered":"http:\/\/radioalma.eu\/horizonte\/?guid=934f067a0dddac806f710da314532a2c"},"modified":"2013-02-12T10:12:46","modified_gmt":"2013-02-12T09:12:46","slug":"entrevista-a-abrete-camino-del-c-r-p-s-los-carmenes","status":"publish","type":"post","link":"https:\/\/radioalma.eu\/horizonte\/2013\/02\/12\/entrevista-a-abrete-camino-del-c-r-p-s-los-carmenes\/","title":{"rendered":"Entrevista a &quot;\u00c1brete Camino&quot; del C.R.P.S. &quot;Los C\u00e1rmenes&quot;"},"content":{"rendered":"<div class=\"separator\" style=\"clear: both; text-align: center;\"><a href=\"http:\/\/4.bp.blogspot.com\/-mGfxnieyzDw\/URoGkHYrYSI\/AAAAAAAAAhQ\/Gkd667YzHdw\/s1600\/FF%252BAbreteCamino.jpg\" imageanchor=\"1\" style=\"clear: left; float: left; margin-bottom: 1em; margin-right: 1em;\"><img fetchpriority=\"high\" decoding=\"async\" border=\"0\" height=\"172\" src=\"http:\/\/4.bp.blogspot.com\/-mGfxnieyzDw\/URoGkHYrYSI\/AAAAAAAAAhQ\/Gkd667YzHdw\/s400\/FF%252BAbreteCamino.jpg\" width=\"400\" \/><\/a><\/div>\n<p><\/p>\n<div style=\"text-align: justify;\">\n<p>En el programa de esta semana mantenemos alguna de nuestras mejores secciones pero os dejamos un CONTENIDO ESPECIAL: Entrevistamos a nuestros compa\u00f1eros y amigos de \u00c1brete Camino, el programa de radio del CRPS \u00ab\u00a0Los C\u00e1rmenes\u00a0\u00bb gestionado por Intress (al igual que el nuestro) y perteneciente a la Red P\u00fablica de centros de atenci\u00f3n social a personas con enfermedad mental de la Comunidad de Madrid.  Pasamos un d\u00eda de emisi\u00f3n muy agradable y super divertido. Esperamos que os guste! <\/p><\/div>\n","protected":false},"excerpt":{"rendered":"<div><a href=\"http:\/\/4.bp.blogspot.com\/-mGfxnieyzDw\/URoGkHYrYSI\/AAAAAAAAAhQ\/Gkd667YzHdw\/s1600\/FF%252BAbreteCamino.jpg\" imageanchor=\"1\"><img decoding=\"async\" border=\"0\" height=\"172\" src=\"http:\/\/4.bp.blogspot.com\/-mGfxnieyzDw\/URoGkHYrYSI\/AAAAAAAAAhQ\/Gkd667YzHdw\/s400\/FF%252BAbreteCamino.jpg\" width=\"400\"><\/a><\/div>\n<p><\/p>\n<div>\n<p>En el programa de esta semana mantenemos alguna de nuestras mejores secciones pero os dejamos un CONTENIDO ESPECIAL: Entrevistamos a nuestros compa&ntilde;eros y amigos de &Aacute;brete Camino, el programa de radio del CRPS \u00ab\u00a0Los C&aacute;rmenes\u00a0\u00bb gestionado por Intress (al igual que el nuestro) y perteneciente a la Red P&uacute;blica de centros de atenci&oacute;n social a personas con enfermedad mental de la Comunidad de Madrid.  Pasamos un d&iacute;a de emisi&oacute;n muy agradable y super divertido. Esperamos que os guste! <\/p><\/div>\n","protected":false},"author":63,"featured_media":0,"comment_status":"closed","ping_status":"closed","sticky":false,"template":"","format":"standard","meta":{"footnotes":""},"categories":[31],"tags":[],"class_list":["post-394","post","type-post","status-publish","format-standard","hentry","category-fils-rss"],"_links":{"self":[{"href":"https:\/\/radioalma.eu\/horizonte\/wp-json\/wp\/v2\/posts\/394","targetHints":{"allow":["GET"]}}],"collection":[{"href":"https:\/\/radioalma.eu\/horizonte\/wp-json\/wp\/v2\/posts"}],"about":[{"href":"https:\/\/radioalma.eu\/horizonte\/wp-json\/wp\/v2\/types\/post"}],"author":[{"embeddable":true,"href":"https:\/\/radioalma.eu\/horizonte\/wp-json\/wp\/v2\/users\/63"}],"replies":[{"embeddable":true,"href":"https:\/\/radioalma.eu\/horizonte\/wp-json\/wp\/v2\/comments?post=394"}],"version-history":[{"count":0,"href":"https:\/\/radioalma.eu\/horizonte\/wp-json\/wp\/v2\/posts\/394\/revisions"}],"wp:attachment":[{"href":"https:\/\/radioalma.eu\/horizonte\/wp-json\/wp\/v2\/media?parent=394"}],"wp:term":[{"taxonomy":"category","embeddable":true,"href":"https:\/\/radioalma.eu\/horizonte\/wp-json\/wp\/v2\/categories?post=394"},{"taxonomy":"post_tag","embeddable":true,"href":"https:\/\/radioalma.eu\/horizonte\/wp-json\/wp\/v2\/tags?post=394"}],"curies":[{"name":"wp","href":"https:\/\/api.w.org\/{rel}","templated":true}]}}