{"id":395,"date":"2013-01-31T12:44:00","date_gmt":"2013-01-31T11:44:00","guid":{"rendered":"http:\/\/radioalma.eu\/horizonte\/?guid=c0d4068221a44796385ee9988c316282"},"modified":"2013-01-31T12:50:32","modified_gmt":"2013-01-31T11:50:32","slug":"krazen","status":"publish","type":"post","link":"https:\/\/radioalma.eu\/horizonte\/2013\/01\/31\/krazen\/","title":{"rendered":"KRAZ\u00c9N"},"content":{"rendered":"<p>Aqu\u00ed os dejamo el c\u00f3mic KRAZ\u00c9N de Santiago Mart\u00ednez. Puedes escuchar la entrevista al autor en el programa 16 del 30 de enero. Esperamos que os guste!<\/p>\n<div style=\"text-align: center;\"><\/div>\n<div style=\"text-align: center;\"><\/div>\n<p  style=\" margin: 12px auto 6px auto; font-family: Helvetica,Arial,Sans-serif; font-style: normal; font-variant: normal; font-weight: normal; font-size: 14px; line-height: normal; font-size-adjust: none; font-stretch: normal; -x-system-font: none; display: block;\">   <a title=\"View KRAZEN on Scribd\" href=\"http:\/\/www.scribd.com\/doc\/123133447\/KRAZEN\"  style=\"text-decoration: underline;\" >KRAZEN<\/a> by   <a title=\"View Frecuencia Favorable's profile on Scribd\" href=\"http:\/\/es.scribd.com\/ffavorable\"  style=\"text-decoration: underline;\" >Frecuencia Favorable<\/a> <\/p>\n<p><iframe class=\"scribd_iframe_embed\" src=\"http:\/\/www.scribd.com\/embeds\/123133447\/content?start_page=1&#038;view_mode=slideshow&#038;access_key=key-1d424mycgnr55i8vg5nx\" data-auto-height=\"false\" data-aspect-ratio=\"0.706697459584296\" scrolling=\"no\" id=\"doc_63590\" width=\"450\" height=\"600\" frameborder=\"0\"><\/iframe><\/p>\n<div style=\"text-align: center;\"><\/div>\n<div style=\"text-align: left;\"><i>Clica sobre en enlace de maximizar pantalla en el margen inferior derecho de la presentaci\u00f3n o en \u00ab\u00a0Scribd\u00a0\u00bb para aumentar el tama\u00f1o.<\/i><\/div>\n","protected":false},"excerpt":{"rendered":"<p>Aqu&iacute; os dejamo el c&oacute;mic KRAZ&Eacute;N de Santiago Mart&iacute;nez. Puedes escuchar la entrevista al autor en el programa 16 del 30 de enero. Esperamos que os guste!<\/p>\n<div><\/div>\n<div><\/div>\n<p>   <a title=\"View KRAZEN on Scribd\" href=\"http:\/\/www.scribd.com\/doc\/123133447\/KRAZEN\">KRAZEN<\/a> by   <a title=\"View Frecuencia Favorable's profile on Scribd\" href=\"http:\/\/es.scribd.com\/ffavorable\">Frecuencia Favorable<\/a> <\/p>\n<div><\/div>\n<div><i>Clica sobre en enlace de maximizar pantalla en el margen inferior derecho de la presentaci&oacute;n o en \u00ab\u00a0Scribd\u00a0\u00bb para aumentar el tama&ntilde;o.<\/i><\/div>\n","protected":false},"author":63,"featured_media":0,"comment_status":"closed","ping_status":"closed","sticky":false,"template":"","format":"standard","meta":{"footnotes":""},"categories":[31],"tags":[],"class_list":["post-395","post","type-post","status-publish","format-standard","hentry","category-fils-rss"],"_links":{"self":[{"href":"https:\/\/radioalma.eu\/horizonte\/wp-json\/wp\/v2\/posts\/395","targetHints":{"allow":["GET"]}}],"collection":[{"href":"https:\/\/radioalma.eu\/horizonte\/wp-json\/wp\/v2\/posts"}],"about":[{"href":"https:\/\/radioalma.eu\/horizonte\/wp-json\/wp\/v2\/types\/post"}],"author":[{"embeddable":true,"href":"https:\/\/radioalma.eu\/horizonte\/wp-json\/wp\/v2\/users\/63"}],"replies":[{"embeddable":true,"href":"https:\/\/radioalma.eu\/horizonte\/wp-json\/wp\/v2\/comments?post=395"}],"version-history":[{"count":0,"href":"https:\/\/radioalma.eu\/horizonte\/wp-json\/wp\/v2\/posts\/395\/revisions"}],"wp:attachment":[{"href":"https:\/\/radioalma.eu\/horizonte\/wp-json\/wp\/v2\/media?parent=395"}],"wp:term":[{"taxonomy":"category","embeddable":true,"href":"https:\/\/radioalma.eu\/horizonte\/wp-json\/wp\/v2\/categories?post=395"},{"taxonomy":"post_tag","embeddable":true,"href":"https:\/\/radioalma.eu\/horizonte\/wp-json\/wp\/v2\/tags?post=395"}],"curies":[{"name":"wp","href":"https:\/\/api.w.org\/{rel}","templated":true}]}}