{"id":396,"date":"2013-01-31T12:30:00","date_gmt":"2013-01-31T11:30:00","guid":{"rendered":"http:\/\/radioalma.eu\/horizonte\/?guid=d7f2772e5986da02e4fbac7adaccfcd0"},"modified":"2013-01-31T12:30:00","modified_gmt":"2013-01-31T11:30:00","slug":"frecuencia-favorable-en-radio-ritmo-getafe-programa-no16-300113","status":"publish","type":"post","link":"https:\/\/radioalma.eu\/horizonte\/2013\/01\/31\/frecuencia-favorable-en-radio-ritmo-getafe-programa-no16-300113\/","title":{"rendered":"Frecuencia Favorable en Radio Ritmo Getafe. Programa n\u00ba16: 30\/01\/13"},"content":{"rendered":"<p>En el programa 16 de esta temporada abordaremos los siguientes temas:<\/p>\n<p>&#8211; Efem\u00e9rides: D\u00eda de la Paz (Eli)<br \/>&#8211; Creaciones propias: \u00ab\u00a0Cuento Medieval\u00a0\u00bb de Nacho<br \/>&#8211; Entr<span class=\"displaynone\" id=\"md1751882\" style=\"display: inline;\">evista a Santiago Mart\u00ednez, guionista y dibujante  de \u00ab\u00a0Kraz\u00e9n\u00a0\u00bb<\/span><br \/><span class=\"displaynone\" id=\"md1751882\" style=\"display: inline;\">&#8211; Biograf\u00edas musicales de la mano de Anthony. Esta semana con los  Beatles<\/span><br \/><span class=\"displaynone\" id=\"md1751882\" style=\"display: inline;\">&#8211; Especial Salud Mental: prestamos atenci\u00f3n al \u00ab\u00a0Proyecto Chamberlin\u00a0\u00bb  contra el estigma de la enfermedad mental, elaborado por el CRL Nueva  Vida. Donde aprovechamos para saludar a nuestros amigos de Radio Alma en  Bruselas.<\/span><br \/><span class=\"displaynone\" id=\"md1751882\" style=\"display: inline;\">&#8211; Tauromaquia y la previsi\u00f3n metereol\u00f3gica con Fran&nbsp;<\/span><br \/><span class=\"displaynone\" id=\"md1751882\" style=\"display: inline;\">&#8211; y el previo a las semifinales de la Copa del Rey, Madrid &#8211; Bar\u00e7a con  Diegol<\/span><br \/><span class=\"displaynone\" id=\"md1751882\" style=\"display: inline;\">Esperamos que os guste!<\/span><br \/><span class=\"displaynone\" id=\"md1751882\" style=\"display: inline;\">La pr\u00f3xima semana estar\u00e1n con nosotros nuestros compa\u00f1eros de Abrete  Camino, el programa de radio del CRPS \u00ab\u00a0Los Carmenes\u00a0\u00bb gestionado por  Intress.  Saludos!                      <\/span><\/p>\n","protected":false},"excerpt":{"rendered":"<p>En el programa 16 de esta temporada abordaremos los siguientes temas:<\/p>\n<p>&#8211; Efem&eacute;rides: D&iacute;a de la Paz (Eli)<br \/>&#8211; Creaciones propias: \u00ab\u00a0Cuento Medieval\u00a0\u00bb de Nacho<br \/>&#8211; Entr<span>evista a Santiago Mart&iacute;nez, guionista y dibujante  de \u00ab\u00a0Kraz&eacute;n\u00a0\u00bb<\/span><br \/><span>&#8211; Biograf&iacute;as musicales de la mano de Anthony. Esta semana con los  Beatles<\/span><br \/><span>&#8211; Especial Salud Mental: prestamos atenci&oacute;n al \u00ab\u00a0Proyecto Chamberlin\u00a0\u00bb  contra el estigma de la enfermedad mental, elaborado por el CRL Nueva  Vida. Donde aprovechamos para saludar a nuestros amigos de Radio Alma en  Bruselas.<\/span><br \/><span>&#8211; Tauromaquia y la previsi&oacute;n metereol&oacute;gica con Fran&nbsp;<\/span><br \/><span>&#8211; y el previo a las semifinales de la Copa del Rey, Madrid &#8211; Bar&ccedil;a con  Diegol<\/span><br \/><span>Esperamos que os guste!<\/span><br \/><span>La pr&oacute;xima semana estar&aacute;n con nosotros nuestros compa&ntilde;eros de Abrete  Camino, el programa de radio del CRPS \u00ab\u00a0Los Carmenes\u00a0\u00bb gestionado por  Intress.  Saludos!                      <\/span><\/p>\n","protected":false},"author":63,"featured_media":0,"comment_status":"closed","ping_status":"closed","sticky":false,"template":"","format":"standard","meta":{"footnotes":""},"categories":[31],"tags":[],"class_list":["post-396","post","type-post","status-publish","format-standard","hentry","category-fils-rss"],"_links":{"self":[{"href":"https:\/\/radioalma.eu\/horizonte\/wp-json\/wp\/v2\/posts\/396","targetHints":{"allow":["GET"]}}],"collection":[{"href":"https:\/\/radioalma.eu\/horizonte\/wp-json\/wp\/v2\/posts"}],"about":[{"href":"https:\/\/radioalma.eu\/horizonte\/wp-json\/wp\/v2\/types\/post"}],"author":[{"embeddable":true,"href":"https:\/\/radioalma.eu\/horizonte\/wp-json\/wp\/v2\/users\/63"}],"replies":[{"embeddable":true,"href":"https:\/\/radioalma.eu\/horizonte\/wp-json\/wp\/v2\/comments?post=396"}],"version-history":[{"count":0,"href":"https:\/\/radioalma.eu\/horizonte\/wp-json\/wp\/v2\/posts\/396\/revisions"}],"wp:attachment":[{"href":"https:\/\/radioalma.eu\/horizonte\/wp-json\/wp\/v2\/media?parent=396"}],"wp:term":[{"taxonomy":"category","embeddable":true,"href":"https:\/\/radioalma.eu\/horizonte\/wp-json\/wp\/v2\/categories?post=396"},{"taxonomy":"post_tag","embeddable":true,"href":"https:\/\/radioalma.eu\/horizonte\/wp-json\/wp\/v2\/tags?post=396"}],"curies":[{"name":"wp","href":"https:\/\/api.w.org\/{rel}","templated":true}]}}