{"id":400,"date":"2013-01-02T12:54:00","date_gmt":"2013-01-02T11:54:00","guid":{"rendered":"http:\/\/radioalma.eu\/horizonte\/?guid=d5f9f27187d60d8369c7eb406f7a9984"},"modified":"2013-01-02T12:54:20","modified_gmt":"2013-01-02T11:54:20","slug":"frecuencia-favorable-en-radio-ritmo-getafe-programa-no12-020113","status":"publish","type":"post","link":"https:\/\/radioalma.eu\/horizonte\/2013\/01\/02\/frecuencia-favorable-en-radio-ritmo-getafe-programa-no12-020113\/","title":{"rendered":"Frecuencia Favorable en Radio Ritmo Getafe. Programa n\u00ba12: 02\/01\/13"},"content":{"rendered":"<p><span class=\"userContent\">En el primer programa del a\u00f1o 2013 os  ofrecemos un \u00ab\u00a0Especial Audiorelatos\u00a0\u00bb, y os animamos a escuchar los 6  audiorelatos que hemos editado&#8230; &#8230;hasta ahora.<\/p>\n<p> As\u00ed. pod\u00e9is  constatar que ni el fin del mundo de los mayas, ni las uvas, ni ning\u00fan  otro elemento ha podido acabar con nosotros !<br \/> Feliz A\u00f1o! <\/span><\/p>\n","protected":false},"excerpt":{"rendered":"<p><span>En el primer programa del a&ntilde;o 2013 os  ofrecemos un \u00ab\u00a0Especial Audiorelatos\u00a0\u00bb, y os animamos a escuchar los 6  audiorelatos que hemos editado&#8230; &#8230;hasta ahora.<\/p>\n<p> As&iacute;. pod&eacute;is  constatar que ni el fin del mundo de los mayas, ni las uvas, ni ning&uacute;n  otro elemento ha podido acabar con nosotros !<br \/> Feliz A&ntilde;o! <\/span><\/p>\n","protected":false},"author":63,"featured_media":0,"comment_status":"closed","ping_status":"closed","sticky":false,"template":"","format":"standard","meta":{"footnotes":""},"categories":[31],"tags":[],"class_list":["post-400","post","type-post","status-publish","format-standard","hentry","category-fils-rss"],"_links":{"self":[{"href":"https:\/\/radioalma.eu\/horizonte\/wp-json\/wp\/v2\/posts\/400","targetHints":{"allow":["GET"]}}],"collection":[{"href":"https:\/\/radioalma.eu\/horizonte\/wp-json\/wp\/v2\/posts"}],"about":[{"href":"https:\/\/radioalma.eu\/horizonte\/wp-json\/wp\/v2\/types\/post"}],"author":[{"embeddable":true,"href":"https:\/\/radioalma.eu\/horizonte\/wp-json\/wp\/v2\/users\/63"}],"replies":[{"embeddable":true,"href":"https:\/\/radioalma.eu\/horizonte\/wp-json\/wp\/v2\/comments?post=400"}],"version-history":[{"count":0,"href":"https:\/\/radioalma.eu\/horizonte\/wp-json\/wp\/v2\/posts\/400\/revisions"}],"wp:attachment":[{"href":"https:\/\/radioalma.eu\/horizonte\/wp-json\/wp\/v2\/media?parent=400"}],"wp:term":[{"taxonomy":"category","embeddable":true,"href":"https:\/\/radioalma.eu\/horizonte\/wp-json\/wp\/v2\/categories?post=400"},{"taxonomy":"post_tag","embeddable":true,"href":"https:\/\/radioalma.eu\/horizonte\/wp-json\/wp\/v2\/tags?post=400"}],"curies":[{"name":"wp","href":"https:\/\/api.w.org\/{rel}","templated":true}]}}