{"id":404,"date":"2012-11-29T13:29:00","date_gmt":"2012-11-29T12:29:00","guid":{"rendered":"http:\/\/radioalma.eu\/horizonte\/?guid=2b53bcf5243062025aad1c4879244bc1"},"modified":"2012-12-17T09:03:19","modified_gmt":"2012-12-17T08:03:19","slug":"frecuencia-favorable-en-radio-ritmo-getafe-programa-no-8-28-11-12","status":"publish","type":"post","link":"https:\/\/radioalma.eu\/horizonte\/2012\/11\/29\/frecuencia-favorable-en-radio-ritmo-getafe-programa-no-8-28-11-12\/","title":{"rendered":"Frecuencia Favorable en Radio Ritmo Getafe. Programa n\u00ba 8: 28-11-12."},"content":{"rendered":"<p>Hola radioyentes!,&nbsp; ya est\u00e1 listo nuestro octavo programa de la temporada, en el que encontrar\u00e9is:<\/p>\n<p>&nbsp;&#8211; Efem\u00e9rides, dando especial importancia a algo sin lo que la radio no ser\u00eda lo mismo, la M\u00fasica, que esta semana ha celebrado su santo. <br \/>&#8211; Seguimos con m\u00fasica, pero esta vez con una triste noticia, el fallecimiento del compsitor Juan Carlos Calder\u00f3n.<br \/>&#8211; M\u00e1s m\u00fasica: Al Di                    <span class=\"displaynone\" id=\"md1607023\" style=\"display: inline;\">                     Meola (guitarrista), biograf\u00eda y algunos de sus grandes temas.<\/span><br \/><span class=\"displaynone\" id=\"md1607023\" style=\"display: inline;\">&#8211; Nos adentramos en un Bosque Encantado&#8230;<\/span><br \/><span class=\"displaynone\" id=\"md1607023\" style=\"display: inline;\">&#8211; Salud Mental: Informaci\u00f3n sobre el Proyecto de Intress subvencionado por Telef\u00f3nica:  \u00ab\u00a0Mujeres con trastorno mental grave: la recuperaci\u00f3n a trav\u00e9s del  deporte\u00a0\u00bb&nbsp;<\/span><br \/><span class=\"displaynone\" id=\"md1607023\" style=\"display: inline;\">&#8211; Previsi\u00f3n metreol\u00f3gica, tauromaquia, debate, dedicatoria&#8230;<\/span><\/p>\n<p>Os recordamos que en esta nueva temporada de <b>Frecuencia Favorable<\/b>,  pod\u00e9is escucharnos en riguroso directo si est\u00e1is en <b>Getafe<\/b> en la  <b>99.9 Fm<\/b> del dial, todos los mi\u00e9rcoles entre las 12.00 h. y las  13.00h., y para el resto del planeta en: <a href=\"http:\/\/www.radioritmo.org\/\" id=\"yui_3_2_0_1_135005546884196\" rel=\"nofollow\" ><span style=\"color: #3d85c6;\">www.radioritmo.org<\/span><\/a> .<\/p>\n<p>Tambi\u00e9n pod\u00e9is participar en el programa llam\u00e1ndonos al <b>91 683 40 87<\/b>,  en directo!!<\/p>\n<p>No os lo perd\u00e1is!! <\/p>\n","protected":false},"excerpt":{"rendered":"<p>Hola radioyentes!,&nbsp; ya est&aacute; listo nuestro octavo programa de la temporada, en el que encontrar&eacute;is:<\/p>\n<p>&nbsp;&#8211; Efem&eacute;rides, dando especial importancia a algo sin lo que la radio no ser&iacute;a lo mismo, la M&uacute;sica, que esta semana ha celebrado su santo. <br \/>&#8211; Seguimos con m&uacute;sica, pero esta vez con una triste noticia, el fallecimiento del compsitor Juan Carlos Calder&oacute;n.<br \/>&#8211; M&aacute;s m&uacute;sica: Al Di                    <span>                     Meola (guitarrista), biograf&iacute;a y algunos de sus grandes temas.<\/span><br \/><span>&#8211; Nos adentramos en un Bosque Encantado&#8230;<\/span><br \/><span>&#8211; Salud Mental: Informaci&oacute;n sobre el Proyecto de Intress subvencionado por Telef&oacute;nica:  \u00ab\u00a0Mujeres con trastorno mental grave: la recuperaci&oacute;n a trav&eacute;s del  deporte\u00a0\u00bb&nbsp;<\/span><br \/><span>&#8211; Previsi&oacute;n metreol&oacute;gica, tauromaquia, debate, dedicatoria&#8230;<\/span><\/p>\n<p>Os recordamos que en esta nueva temporada de <b>Frecuencia Favorable<\/b>,  pod&eacute;is escucharnos en riguroso directo si est&aacute;is en <b>Getafe<\/b> en la  <b>99.9 Fm<\/b> del dial, todos los mi&eacute;rcoles entre las 12.00 h. y las  13.00h., y para el resto del planeta en: <a href=\"http:\/\/www.radioritmo.org\/\" rel=\"nofollow\" target=\"_blank\"><span>www.radioritmo.org<\/span><\/a> .<\/p>\n<p>Tambi&eacute;n pod&eacute;is participar en el programa llam&aacute;ndonos al <b>91 683 40 87<\/b>,  en directo!!<\/p>\n<p>No os lo perd&aacute;is!!<\/p>\n","protected":false},"author":63,"featured_media":0,"comment_status":"closed","ping_status":"closed","sticky":false,"template":"","format":"standard","meta":{"footnotes":""},"categories":[31],"tags":[],"class_list":["post-404","post","type-post","status-publish","format-standard","hentry","category-fils-rss"],"_links":{"self":[{"href":"https:\/\/radioalma.eu\/horizonte\/wp-json\/wp\/v2\/posts\/404","targetHints":{"allow":["GET"]}}],"collection":[{"href":"https:\/\/radioalma.eu\/horizonte\/wp-json\/wp\/v2\/posts"}],"about":[{"href":"https:\/\/radioalma.eu\/horizonte\/wp-json\/wp\/v2\/types\/post"}],"author":[{"embeddable":true,"href":"https:\/\/radioalma.eu\/horizonte\/wp-json\/wp\/v2\/users\/63"}],"replies":[{"embeddable":true,"href":"https:\/\/radioalma.eu\/horizonte\/wp-json\/wp\/v2\/comments?post=404"}],"version-history":[{"count":0,"href":"https:\/\/radioalma.eu\/horizonte\/wp-json\/wp\/v2\/posts\/404\/revisions"}],"wp:attachment":[{"href":"https:\/\/radioalma.eu\/horizonte\/wp-json\/wp\/v2\/media?parent=404"}],"wp:term":[{"taxonomy":"category","embeddable":true,"href":"https:\/\/radioalma.eu\/horizonte\/wp-json\/wp\/v2\/categories?post=404"},{"taxonomy":"post_tag","embeddable":true,"href":"https:\/\/radioalma.eu\/horizonte\/wp-json\/wp\/v2\/tags?post=404"}],"curies":[{"name":"wp","href":"https:\/\/api.w.org\/{rel}","templated":true}]}}