{"id":405,"date":"2012-11-26T12:56:00","date_gmt":"2012-11-26T11:56:00","guid":{"rendered":"http:\/\/radioalma.eu\/horizonte\/?guid=1a065465c3e68177a6173368b84f88d8"},"modified":"2012-11-26T12:56:12","modified_gmt":"2012-11-26T11:56:12","slug":"frecuencia-favorable-en-radio-ritmo-getafe-programa-no7-21-11-2012","status":"publish","type":"post","link":"https:\/\/radioalma.eu\/horizonte\/2012\/11\/26\/frecuencia-favorable-en-radio-ritmo-getafe-programa-no7-21-11-2012\/","title":{"rendered":"Frecuencia Favorable en Radio Ritmo Getafe. Programa n\u00ba7 : 21-11-2012"},"content":{"rendered":"<p>En el programa del 21 (el 14 no se emiti\u00f3 por la huelga general) pod\u00e9is escuchar: <\/p>\n<p>&#8211; Efem\u00e9rides <br \/>&#8211; Entrevistas del d\u00eda de la Huelga General                        <span id=\"descripcion_audio\" style=\"display: inline;\">                        <br \/>&#8211; Jornada \u00ab\u00a0Participa y Comprende\u00a0\u00bb, Mujer y  Salud Mental, con entrevistas a ponentes <br \/>&#8211; Entrevista al poeta Juan D\u00edaz <br \/>&#8211; Tauromaquia <br \/>&#8211; Compa\u00f1\u00eda de teatro \u00ab\u00a0El Candil\u00a0\u00bb&#8230;&nbsp;<\/span><\/p>\n<p>Os recordamos que en esta nueva temporada de <b>Frecuencia Favorable<\/b>, pod\u00e9is escucharnos en riguroso directo si est\u00e1is en <b>Getafe<\/b> en la <b>99.9 Fm<\/b> del dial, todos los mi\u00e9rcoles entre las 12.00 h. y las 13.00h., y para el resto del planeta en: <a href=\"http:\/\/www.radioritmo.org\/\" id=\"yui_3_2_0_1_135005546884196\" rel=\"nofollow\" ><span style=\"color: #3d85c6;\">www.radioritmo.org<\/span><\/a> .<\/p>\n<p>Tambi\u00e9n pod\u00e9is participar en el programa llam\u00e1ndonos al <b>91 683 40 87<\/b>, en directo!!<\/p>\n<p>Como siempre, esperamos que os guste!!<span id=\"descripcion_audio\" style=\"display: inline;\"> <\/span><\/p>\n","protected":false},"excerpt":{"rendered":"<p>En el programa del 21 (el 14 no se emiti&oacute; por la huelga general) pod&eacute;is escuchar: <\/p>\n<p>&#8211; Efem&eacute;rides <br \/>&#8211; Entrevistas del d&iacute;a de la Huelga General                        <span>                        <br \/>&#8211; Jornada \u00ab\u00a0Participa y Comprende\u00a0\u00bb, Mujer y  Salud Mental, con entrevistas a ponentes <br \/>&#8211; Entrevista al poeta Juan D&iacute;az <br \/>&#8211; Tauromaquia <br \/>&#8211; Compa&ntilde;&iacute;a de teatro \u00ab\u00a0El Candil\u00a0\u00bb&#8230;&nbsp;<\/span><\/p>\n<p>Os recordamos que en esta nueva temporada de <b>Frecuencia Favorable<\/b>, pod&eacute;is escucharnos en riguroso directo si est&aacute;is en <b>Getafe<\/b> en la <b>99.9 Fm<\/b> del dial, todos los mi&eacute;rcoles entre las 12.00 h. y las 13.00h., y para el resto del planeta en: <a href=\"http:\/\/www.radioritmo.org\/\" rel=\"nofollow\" target=\"_blank\"><span>www.radioritmo.org<\/span><\/a> .<\/p>\n<p>Tambi&eacute;n pod&eacute;is participar en el programa llam&aacute;ndonos al <b>91 683 40 87<\/b>, en directo!!<\/p>\n<p>Como siempre, esperamos que os guste!!<span> <\/span><\/p>\n","protected":false},"author":63,"featured_media":0,"comment_status":"closed","ping_status":"closed","sticky":false,"template":"","format":"standard","meta":{"footnotes":""},"categories":[31],"tags":[],"class_list":["post-405","post","type-post","status-publish","format-standard","hentry","category-fils-rss"],"_links":{"self":[{"href":"https:\/\/radioalma.eu\/horizonte\/wp-json\/wp\/v2\/posts\/405","targetHints":{"allow":["GET"]}}],"collection":[{"href":"https:\/\/radioalma.eu\/horizonte\/wp-json\/wp\/v2\/posts"}],"about":[{"href":"https:\/\/radioalma.eu\/horizonte\/wp-json\/wp\/v2\/types\/post"}],"author":[{"embeddable":true,"href":"https:\/\/radioalma.eu\/horizonte\/wp-json\/wp\/v2\/users\/63"}],"replies":[{"embeddable":true,"href":"https:\/\/radioalma.eu\/horizonte\/wp-json\/wp\/v2\/comments?post=405"}],"version-history":[{"count":0,"href":"https:\/\/radioalma.eu\/horizonte\/wp-json\/wp\/v2\/posts\/405\/revisions"}],"wp:attachment":[{"href":"https:\/\/radioalma.eu\/horizonte\/wp-json\/wp\/v2\/media?parent=405"}],"wp:term":[{"taxonomy":"category","embeddable":true,"href":"https:\/\/radioalma.eu\/horizonte\/wp-json\/wp\/v2\/categories?post=405"},{"taxonomy":"post_tag","embeddable":true,"href":"https:\/\/radioalma.eu\/horizonte\/wp-json\/wp\/v2\/tags?post=405"}],"curies":[{"name":"wp","href":"https:\/\/api.w.org\/{rel}","templated":true}]}}