{"id":407,"date":"2012-11-05T10:44:00","date_gmt":"2012-11-05T09:44:00","guid":{"rendered":"http:\/\/radioalma.eu\/horizonte\/?guid=42fa054d523e10ba02ac2445909e84bc"},"modified":"2012-11-26T12:26:35","modified_gmt":"2012-11-26T11:26:35","slug":"frecuencia-favorable-en-radio-ritmo-getafe-programa-no-5-31-10-2012","status":"publish","type":"post","link":"https:\/\/radioalma.eu\/horizonte\/2012\/11\/05\/frecuencia-favorable-en-radio-ritmo-getafe-programa-no-5-31-10-2012\/","title":{"rendered":"Frecuencia Favorable en Radio Ritmo Getafe. Programa n\u00ba 5: 31-10-2012"},"content":{"rendered":"<p>Aqu\u00ed estamos de nuevo&#8230; con un programa terror\u00ediiiiiiiiifico!:<\/p>\n<p>&#8211; Efem\u00e9rides y Santoral: tratado de Kyoto y especial Halloween, \u00bfsab\u00e9is de d\u00f3nde viene la tradici\u00f3n?, pues escuchad, escuchad.<\/p>\n<p>&#8211; Noticias de car\u00e1cter social, hablaremos de personas desfavorecidas, indigentes; y de car\u00e1cter pol\u00edtico, la huelga del 14 de noviembre.<\/p>\n<p>&#8211; M\u00e1s Getafe Negro, con interesantes entrevistas.&nbsp; <\/p>\n<p>&#8211;&nbsp; y no pod\u00edan faltar la previsi\u00f3n metereol\u00f3gica para la semana, las noticias del coraz\u00f3n, y la buena m\u00fasica, con Am\u00f3s Lora y Jeff Beck.<\/p>\n<p>&#8211;&nbsp;  Os recordamos que en esta nueva temporada de <b>Frecuencia Favorable<\/b>, pod\u00e9is escucharnos en riguroso directo si est\u00e1is en <b>Getafe<\/b> en la <b>99.9 Fm<\/b> del dial, todos los mi\u00e9rcoles entre las 12.00h. y las 13.00h. , y para el resto del planeta en: <a href=\"http:\/\/www.radioritmo.org\/\" id=\"yui_3_2_0_1_135005546884196\" rel=\"nofollow\" ><span style=\"color: #3d85c6;\">www.radioritmo.org<\/span><\/a> . Tambi\u00e9n pod\u00e9is participar en el programa llam\u00e1ndonos al <b>91 683 40 87<\/b>, en directo!!<\/p>\n<p>Como siempre, esperamos que os guste!!<\/p>\n<p><\/p>\n","protected":false},"excerpt":{"rendered":"<p>Aqu&iacute; estamos de nuevo&#8230; con un programa terror&iacute;iiiiiiiiifico!:<\/p>\n<p>&#8211; Efem&eacute;rides y Santoral: tratado de Kyoto y especial Halloween, &iquest;sab&eacute;is de d&oacute;nde viene la tradici&oacute;n?, pues escuchad, escuchad.<\/p>\n<p>&#8211; Noticias de car&aacute;cter social, hablaremos de personas desfavorecidas, indigentes; y de car&aacute;cter pol&iacute;tico, la huelga del 14 de noviembre.<\/p>\n<p>&#8211; M&aacute;s Getafe Negro, con interesantes entrevistas.&nbsp; <\/p>\n<p>&#8211;&nbsp; y no pod&iacute;an faltar la previsi&oacute;n metereol&oacute;gica para la semana, las noticias del coraz&oacute;n, y la buena m&uacute;sica, con Am&oacute;s Lora y Jeff Beck.<\/p>\n<p>&#8211;&nbsp;  Os recordamos que en esta nueva temporada de <b>Frecuencia Favorable<\/b>, pod&eacute;is escucharnos en riguroso directo si est&aacute;is en <b>Getafe<\/b> en la <b>99.9 Fm<\/b> del dial, todos los mi&eacute;rcoles entre las 12.00h. y las 13.00h. , y para el resto del planeta en: <a href=\"http:\/\/www.radioritmo.org\/\" rel=\"nofollow\" target=\"_blank\"><span>www.radioritmo.org<\/span><\/a> . Tambi&eacute;n pod&eacute;is participar en el programa llam&aacute;ndonos al <b>91 683 40 87<\/b>, en directo!!<\/p>\n<p>Como siempre, esperamos que os guste!!<\/p>\n<p><\/p>\n","protected":false},"author":63,"featured_media":0,"comment_status":"closed","ping_status":"closed","sticky":false,"template":"","format":"standard","meta":{"footnotes":""},"categories":[31],"tags":[],"class_list":["post-407","post","type-post","status-publish","format-standard","hentry","category-fils-rss"],"_links":{"self":[{"href":"https:\/\/radioalma.eu\/horizonte\/wp-json\/wp\/v2\/posts\/407","targetHints":{"allow":["GET"]}}],"collection":[{"href":"https:\/\/radioalma.eu\/horizonte\/wp-json\/wp\/v2\/posts"}],"about":[{"href":"https:\/\/radioalma.eu\/horizonte\/wp-json\/wp\/v2\/types\/post"}],"author":[{"embeddable":true,"href":"https:\/\/radioalma.eu\/horizonte\/wp-json\/wp\/v2\/users\/63"}],"replies":[{"embeddable":true,"href":"https:\/\/radioalma.eu\/horizonte\/wp-json\/wp\/v2\/comments?post=407"}],"version-history":[{"count":0,"href":"https:\/\/radioalma.eu\/horizonte\/wp-json\/wp\/v2\/posts\/407\/revisions"}],"wp:attachment":[{"href":"https:\/\/radioalma.eu\/horizonte\/wp-json\/wp\/v2\/media?parent=407"}],"wp:term":[{"taxonomy":"category","embeddable":true,"href":"https:\/\/radioalma.eu\/horizonte\/wp-json\/wp\/v2\/categories?post=407"},{"taxonomy":"post_tag","embeddable":true,"href":"https:\/\/radioalma.eu\/horizonte\/wp-json\/wp\/v2\/tags?post=407"}],"curies":[{"name":"wp","href":"https:\/\/api.w.org\/{rel}","templated":true}]}}