{"id":408,"date":"2012-11-04T11:23:00","date_gmt":"2012-11-04T10:23:00","guid":{"rendered":"http:\/\/radioalma.eu\/horizonte\/?guid=65d36e392516f215032b35210ac6358d"},"modified":"2012-11-20T00:41:58","modified_gmt":"2012-11-19T23:41:58","slug":"especial-getafe-negro","status":"publish","type":"post","link":"https:\/\/radioalma.eu\/horizonte\/2012\/11\/04\/especial-getafe-negro\/","title":{"rendered":"ESPECIAL GETAFE NEGRO"},"content":{"rendered":"<p><\/p>\n<div style=\"text-align: justify;\"><a href=\"http:\/\/2.bp.blogspot.com\/-Dg-cBhrFtqM\/UKoJXgyB_xI\/AAAAAAAAAUc\/u_6qx7vXvs8\/s1600\/NachoGetafeNegro+%252811%2529.jpg\" imageanchor=\"1\" style=\"clear: left; float: left; margin-bottom: 1em; margin-right: 1em;\"><img decoding=\"async\" border=\"0\" height=\"150\" src=\"http:\/\/2.bp.blogspot.com\/-Dg-cBhrFtqM\/UKoJXgyB_xI\/AAAAAAAAAUc\/u_6qx7vXvs8\/s200\/NachoGetafeNegro+%252811%2529.jpg\" width=\"200\" \/><\/a><span style=\"font-family: &quot;Arial&quot;,&quot;sans-serif&quot;;\">Del 20 al 28 de octubre de este a\u00f1o, se celebr\u00f3 en Getafe la V edici\u00f3n del festival de novela polic\u00edaca de Madrid. <\/span><\/div>\n<div style=\"text-align: justify;\"><span style=\"font-family: &quot;Arial&quot;,&quot;sans-serif&quot;;\">Nuestros compa\u00f1eros de Frecuencia Favorable, Nacho y Javi, estuvieron all\u00ed cubriendo el evento como colaboradores de Radio Ritmo Getafe, que un a\u00f1o m\u00e1s sac\u00f3 los micr\u00f3fonos a la calle, emitiendo desde la Plaza General Palacios. <\/span><\/div>\n<p><a href=\"http:\/\/1.bp.blogspot.com\/-0Uogxusem3U\/UKoJ9X4TBgI\/AAAAAAAAAU4\/onxry89Dt5E\/s1600\/NachoGetafeNegro+%284%29.jpg\" imageanchor=\"1\" style=\"clear: right; float: right; margin-bottom: 1em; margin-left: 1em;\"><img decoding=\"async\" border=\"0\" height=\"150\" src=\"http:\/\/1.bp.blogspot.com\/-0Uogxusem3U\/UKoJ9X4TBgI\/AAAAAAAAAU4\/onxry89Dt5E\/s200\/NachoGetafeNegro+%284%29.jpg\" width=\"200\" \/><\/a><span style=\"font-family: &quot;Arial&quot;,&quot;sans-serif&quot;;\"><\/span><span style=\"font-family: &quot;Arial&quot;,&quot;sans-serif&quot;;\"><br \/><\/span>  <\/p>\n<div style=\"text-align: justify;\"><span style=\"font-family: &quot;Arial&quot;,&quot;sans-serif&quot;;\">En el especial<span style=\"font-size: small;\"> que<\/span> os dejamos, en la secci\u00f3n de audios, podr\u00e9is escuchar entrevistas a Keko y Antonio Navarro, conocidos autores de c\u00f3mics, as\u00ed como alg\u00fan testimonio gr\u00e1fico del evento.<\/span><\/div>\n<div style=\"text-align: justify;\"><\/div>\n<div style=\"text-align: justify;\"><span style=\"font-family: &quot;Arial&quot;,&quot;sans-serif&quot;;\">Esperamos que os guste!<\/span><\/div>\n<div class=\"separator\" style=\"clear: both; text-align: center;\"><\/div>\n<div class=\"separator\" style=\"clear: both; text-align: center;\"><\/div>\n","protected":false},"excerpt":{"rendered":"<p><\/p>\n<div>\n<a href=\"http:\/\/2.bp.blogspot.com\/-Dg-cBhrFtqM\/UKoJXgyB_xI\/AAAAAAAAAUc\/u_6qx7vXvs8\/s1600\/NachoGetafeNegro+%252811%2529.jpg\" imageanchor=\"1\"><img decoding=\"async\" border=\"0\" height=\"150\" src=\"http:\/\/2.bp.blogspot.com\/-Dg-cBhrFtqM\/UKoJXgyB_xI\/AAAAAAAAAUc\/u_6qx7vXvs8\/s200\/NachoGetafeNegro+%252811%2529.jpg\" width=\"200\"><\/a><span>Del 20 al 28 de octubre de este a&ntilde;o, se celebr&oacute; en Getafe la V edici&oacute;n del festival de novela polic&iacute;aca de Madrid. <\/span>\n<\/div>\n<div><span>Nuestros compa&ntilde;eros de Frecuencia Favorable, Nacho y Javi, estuvieron all&iacute; cubriendo el evento como colaboradores de Radio Ritmo Getafe, que un a&ntilde;o m&aacute;s sac&oacute; los micr&oacute;fonos a la calle, emitiendo desde la Plaza General Palacios. <\/span><\/div>\n<p><a href=\"http:\/\/1.bp.blogspot.com\/-0Uogxusem3U\/UKoJ9X4TBgI\/AAAAAAAAAU4\/onxry89Dt5E\/s1600\/NachoGetafeNegro+%284%29.jpg\" imageanchor=\"1\"><img loading=\"lazy\" decoding=\"async\" border=\"0\" height=\"150\" src=\"http:\/\/1.bp.blogspot.com\/-0Uogxusem3U\/UKoJ9X4TBgI\/AAAAAAAAAU4\/onxry89Dt5E\/s200\/NachoGetafeNegro+%284%29.jpg\" width=\"200\"><\/a><span><\/span><span><br \/><\/span>  <\/p>\n<div><span>En el especial<span> que<\/span> os dejamos, en la secci&oacute;n de audios, podr&eacute;is escuchar entrevistas a Keko y Antonio Navarro, conocidos autores de c&oacute;mics, as&iacute; como alg&uacute;n testimonio gr&aacute;fico del evento.<\/span><\/div>\n<div><\/div>\n<div><span>Esperamos que os guste!<\/span><\/div>\n<div><\/div>\n<div><\/div>\n","protected":false},"author":63,"featured_media":0,"comment_status":"closed","ping_status":"closed","sticky":false,"template":"","format":"standard","meta":{"footnotes":""},"categories":[31],"tags":[],"class_list":["post-408","post","type-post","status-publish","format-standard","hentry","category-fils-rss"],"_links":{"self":[{"href":"https:\/\/radioalma.eu\/horizonte\/wp-json\/wp\/v2\/posts\/408","targetHints":{"allow":["GET"]}}],"collection":[{"href":"https:\/\/radioalma.eu\/horizonte\/wp-json\/wp\/v2\/posts"}],"about":[{"href":"https:\/\/radioalma.eu\/horizonte\/wp-json\/wp\/v2\/types\/post"}],"author":[{"embeddable":true,"href":"https:\/\/radioalma.eu\/horizonte\/wp-json\/wp\/v2\/users\/63"}],"replies":[{"embeddable":true,"href":"https:\/\/radioalma.eu\/horizonte\/wp-json\/wp\/v2\/comments?post=408"}],"version-history":[{"count":0,"href":"https:\/\/radioalma.eu\/horizonte\/wp-json\/wp\/v2\/posts\/408\/revisions"}],"wp:attachment":[{"href":"https:\/\/radioalma.eu\/horizonte\/wp-json\/wp\/v2\/media?parent=408"}],"wp:term":[{"taxonomy":"category","embeddable":true,"href":"https:\/\/radioalma.eu\/horizonte\/wp-json\/wp\/v2\/categories?post=408"},{"taxonomy":"post_tag","embeddable":true,"href":"https:\/\/radioalma.eu\/horizonte\/wp-json\/wp\/v2\/tags?post=408"}],"curies":[{"name":"wp","href":"https:\/\/api.w.org\/{rel}","templated":true}]}}