{"id":409,"date":"2012-10-28T10:33:00","date_gmt":"2012-10-28T09:33:00","guid":{"rendered":"http:\/\/radioalma.eu\/horizonte\/?guid=ff2cbec9fb3c7fa0fb212a0eba2401f9"},"modified":"2012-11-26T12:26:58","modified_gmt":"2012-11-26T11:26:58","slug":"frecuencia-favorable-en-radio-ritmo-de-getafe-programa-no-4-24-10-2012","status":"publish","type":"post","link":"https:\/\/radioalma.eu\/horizonte\/2012\/10\/28\/frecuencia-favorable-en-radio-ritmo-de-getafe-programa-no-4-24-10-2012\/","title":{"rendered":"Frecuencia Favorable en Radio Ritmo de Getafe. Programa n\u00ba 4: 24-10-2012"},"content":{"rendered":"<p>Hola radio oyentes!, ya pod\u00e9is escuchar nuestro quinto programa de la temporada, en el que encontrar\u00e9is:<\/p>\n<p>&#8211; Nuestras secciones fijas: efem\u00e9rides, previsi\u00f3n metereol\u00f3gica y las noticias con m\u00e1s coraz\u00f3n, as\u00ed como un interesante debate sobre seguridad en la red.<\/p>\n<p>&#8211; Tauromaquia, en esta ocasi\u00f3n nos haremos eco de una corrida ben\u00e9fica celebrada en Illescas.<\/p>\n<p>&#8211; M\u00fasica, con un especial de Luis Miguel, en el que adem\u00e1s de escuchar sus canciones, escucharemos tambi\u00e9n algunos de sus datos autobiogr\u00e1ficos m\u00e1s importantes.<\/p>\n<p>&#8211; Salud Mental y la Jornada celebrada por el CRPS de los C\u00e1rmenes con motivo del D\u00eda Mundial de la Salud Mental.<\/p>\n<p>&#8211; Getafe Negro, cr\u00f3nica sobre el evento y entrevista a uno de los organizadores.<\/p>\n<p>Disfrutadlo mucho!<\/p>\n","protected":false},"excerpt":{"rendered":"<p>Hola radio oyentes!, ya pod&eacute;is escuchar nuestro quinto programa de la temporada, en el que encontrar&eacute;is:<\/p>\n<p>&#8211; Nuestras secciones fijas: efem&eacute;rides, previsi&oacute;n metereol&oacute;gica y las noticias con m&aacute;s coraz&oacute;n, as&iacute; como un interesante debate sobre seguridad en la red.<\/p>\n<p>&#8211; Tauromaquia, en esta ocasi&oacute;n nos haremos eco de una corrida ben&eacute;fica celebrada en Illescas.<\/p>\n<p>&#8211; M&uacute;sica, con un especial de Luis Miguel, en el que adem&aacute;s de escuchar sus canciones, escucharemos tambi&eacute;n algunos de sus datos autobiogr&aacute;ficos m&aacute;s importantes.<\/p>\n<p>&#8211; Salud Mental y la Jornada celebrada por el CRPS de los C&aacute;rmenes con motivo del D&iacute;a Mundial de la Salud Mental.<\/p>\n<p>&#8211; Getafe Negro, cr&oacute;nica sobre el evento y entrevista a uno de los organizadores.<\/p>\n<p>Disfrutadlo mucho!<\/p>\n","protected":false},"author":63,"featured_media":0,"comment_status":"closed","ping_status":"closed","sticky":false,"template":"","format":"standard","meta":{"footnotes":""},"categories":[31],"tags":[],"class_list":["post-409","post","type-post","status-publish","format-standard","hentry","category-fils-rss"],"_links":{"self":[{"href":"https:\/\/radioalma.eu\/horizonte\/wp-json\/wp\/v2\/posts\/409","targetHints":{"allow":["GET"]}}],"collection":[{"href":"https:\/\/radioalma.eu\/horizonte\/wp-json\/wp\/v2\/posts"}],"about":[{"href":"https:\/\/radioalma.eu\/horizonte\/wp-json\/wp\/v2\/types\/post"}],"author":[{"embeddable":true,"href":"https:\/\/radioalma.eu\/horizonte\/wp-json\/wp\/v2\/users\/63"}],"replies":[{"embeddable":true,"href":"https:\/\/radioalma.eu\/horizonte\/wp-json\/wp\/v2\/comments?post=409"}],"version-history":[{"count":0,"href":"https:\/\/radioalma.eu\/horizonte\/wp-json\/wp\/v2\/posts\/409\/revisions"}],"wp:attachment":[{"href":"https:\/\/radioalma.eu\/horizonte\/wp-json\/wp\/v2\/media?parent=409"}],"wp:term":[{"taxonomy":"category","embeddable":true,"href":"https:\/\/radioalma.eu\/horizonte\/wp-json\/wp\/v2\/categories?post=409"},{"taxonomy":"post_tag","embeddable":true,"href":"https:\/\/radioalma.eu\/horizonte\/wp-json\/wp\/v2\/tags?post=409"}],"curies":[{"name":"wp","href":"https:\/\/api.w.org\/{rel}","templated":true}]}}