{"id":416,"date":"2013-02-01T13:58:26","date_gmt":"2013-02-01T12:58:26","guid":{"rendered":"http:\/\/www.ondacolor.org\/index.php\/quienes-somos"},"modified":"2013-02-01T13:58:26","modified_gmt":"2013-02-01T12:58:26","slug":"una-radio-hecha-de-gente","status":"publish","type":"post","link":"https:\/\/radioalma.eu\/horizonte\/2013\/02\/01\/una-radio-hecha-de-gente\/","title":{"rendered":"Una radio hecha de gente"},"content":{"rendered":"<div class=\"feed-description\">\n<p><img decoding=\"async\" src=\"http:\/\/www.ondacolor.org\/images\/fotosarticulos\/program04.jpg\" border=\"0\" alt=\"Gente como t\u00fa en los micr\u00f3fonos, en la mesa de mezclas, en la gesti\u00f3n de la radio\" title=\"Gente como t\u00fa en los micr\u00f3fonos, en la mesa de mezclas, en la gesti\u00f3n de la radio\" width=\"152\" height=\"101\" align=\"left\" style=\"float: left; border: 0; margin-top: 5px; margin-bottom: 5px; margin-left: 10px; margin-right: 10px;\" \/>Onda Color emite desde el 107.3 FM y www.ondacolor.org. Es una radio comunitaria vinculada a la Red de Medios Comunitarios (ReMC). Se ubica en el distrito de Palma Palmilla, en la ciudad de M\u00e1laga (Espa\u00f1a).<\/p>\n<p>La emisora pertenece a la asociaci\u00f3n Plataforma de Comunicaci\u00f3n Comunitaria Onda Color (POC, cuyo CIF es G-93025211) y es heredera de Onda Puerto Radio, promovida por la Asociaci\u00f3n de Vecinos Puerto de la Torre y trasladada en 2008 a Palma-Palmilla, donde el vecindario y el plan de desarrollo comunitario Proyecto Hogar reivindicaban desde hac\u00eda tiempo un medio de comunicaci\u00f3n de este tipo.<\/p>\n<\/div>\n","protected":false},"excerpt":{"rendered":"<div>\n<p><img decoding=\"async\" src=\"http:\/\/www.ondacolor.org\/images\/fotosarticulos\/program04.jpg\" border=\"0\" alt=\"Gente como t&uacute; en los micr&oacute;fonos, en la mesa de mezclas, en la gesti&oacute;n de la radio\" title=\"Gente como t&uacute; en los micr&oacute;fonos, en la mesa de mezclas, en la gesti&oacute;n de la radio\" width=\"152\" height=\"101\" align=\"left\">Onda Color emite desde el 107.3 FM y www.ondacolor.org. Es una radio comunitaria vinculada a la Red de Medios Comunitarios (ReMC). Se ubica en el distrito de Palma Palmilla, en la ciudad de M&aacute;laga (Espa&ntilde;a).<\/p>\n<p>La emisora pertenece a la asociaci&oacute;n Plataforma de Comunicaci&oacute;n Comunitaria Onda Color (POC, cuyo CIF es G-93025211) y es heredera de Onda Puerto Radio, promovida por la Asociaci&oacute;n de Vecinos Puerto de la Torre y trasladada en 2008 a Palma-Palmilla, donde el vecindario y el plan de desarrollo comunitario Proyecto Hogar reivindicaban desde hac&iacute;a tiempo un medio de comunicaci&oacute;n de este tipo.<\/p>\n<\/div>\n","protected":false},"author":60,"featured_media":0,"comment_status":"closed","ping_status":"closed","sticky":false,"template":"","format":"standard","meta":{"footnotes":""},"categories":[31],"tags":[],"class_list":["post-416","post","type-post","status-publish","format-standard","hentry","category-fils-rss"],"_links":{"self":[{"href":"https:\/\/radioalma.eu\/horizonte\/wp-json\/wp\/v2\/posts\/416","targetHints":{"allow":["GET"]}}],"collection":[{"href":"https:\/\/radioalma.eu\/horizonte\/wp-json\/wp\/v2\/posts"}],"about":[{"href":"https:\/\/radioalma.eu\/horizonte\/wp-json\/wp\/v2\/types\/post"}],"author":[{"embeddable":true,"href":"https:\/\/radioalma.eu\/horizonte\/wp-json\/wp\/v2\/users\/60"}],"replies":[{"embeddable":true,"href":"https:\/\/radioalma.eu\/horizonte\/wp-json\/wp\/v2\/comments?post=416"}],"version-history":[{"count":0,"href":"https:\/\/radioalma.eu\/horizonte\/wp-json\/wp\/v2\/posts\/416\/revisions"}],"wp:attachment":[{"href":"https:\/\/radioalma.eu\/horizonte\/wp-json\/wp\/v2\/media?parent=416"}],"wp:term":[{"taxonomy":"category","embeddable":true,"href":"https:\/\/radioalma.eu\/horizonte\/wp-json\/wp\/v2\/categories?post=416"},{"taxonomy":"post_tag","embeddable":true,"href":"https:\/\/radioalma.eu\/horizonte\/wp-json\/wp\/v2\/tags?post=416"}],"curies":[{"name":"wp","href":"https:\/\/api.w.org\/{rel}","templated":true}]}}