{"id":422,"date":"2013-03-09T10:55:00","date_gmt":"2013-03-09T09:55:00","guid":{"rendered":"http:\/\/radioalma.eu\/horizonte\/?guid=3bc7beb78b9d7b1051cf04c3cf17856e"},"modified":"2013-03-09T10:55:54","modified_gmt":"2013-03-09T09:55:54","slug":"artegalia-2013-03-09-105500","status":"publish","type":"post","link":"https:\/\/radioalma.eu\/horizonte\/2013\/03\/09\/artegalia-2013-03-09-105500\/","title":{"rendered":"artegalia 2013-03-09 10:55:00"},"content":{"rendered":"<p><\/p>\n<div style=\"background-color: white; font-family: Verdana, Arial, Helvetica, sans-serif; font-size: 13px; line-height: 22px; margin-bottom: 10px; padding: 0px; text-align: center;\"><strong><span style=\"color: red;\">MANIFESTACI\u00d3N EL&nbsp; 10 de marzo en todo el pa\u00eds \u00ab\u00a0contra el paro y por la regeneraci\u00f3n de la democracia\u00a0\u00bb,&nbsp;<\/span><\/strong><br \/><span style=\"color: #333333;\">con la que QUEREMOS expresar nuestro rechazo&nbsp; a las pol\u00edticas de austeridad y a una situaci\u00f3n pol\u00edtica \u00ab\u00a0trufada\u00a0\u00bb de casos de corrupci\u00f3n.<\/span><\/p>\n<p><strong style=\"color: #333333;\"><span style=\"background-color: violet;\">En ALICANTE, EL DOMINGO 10 DE MARZO A LAS 12 HORAS DESDE LA ESTACI\u00d3N DE RENFE EN LA CIUDAD DE ALICANTE<\/span><\/strong><br \/><span style=\"color: #333333;\">&nbsp;<\/span><\/div>\n<div style=\"background-color: white; color: #333333; font-family: Verdana, Arial, Helvetica, sans-serif; font-size: 13px; line-height: 22px; margin-bottom: 10px; padding: 0px;\">Tendr\u00e1n lugar movilizaciones en en m\u00e1s de 60 ciudades que han sido convocadas por las diferentes&nbsp;Cumbres Sociales, de la que forma parte CCOO y&nbsp; organizaciones sindicales y sociales, dentro del marco de movilizaciones europeas convocadas por la Confederaci\u00f3n Europea de Sindicatos (CES) en el conjunto de la Uni\u00f3n Europea. &nbsp;\u00ab\u00a0Queremos que estas movilizaciones sean el cauce que exprese el aumento del descontento y el creciente rechazo de la ciudadan\u00eda\u00a0\u00bb, contra unas pol\u00edticas que acent\u00faan la recesi\u00f3n y que adem\u00e1s tiene efectos demoledores en el plano pol\u00edtico con el alejamiento de la ciudadan\u00eda de las instituciones.<br style=\"margin: 0px; padding: 0px;\" \/><br style=\"margin: 0px; padding: 0px;\" \/>La situaci\u00f3n econ\u00f3mica y social empeorar\u00e1 con el marco presupuestario para el periodo 2014-2020 que acaba de aprobar la UE, con el que se prolongan las pol\u00edticas de austeridad que est\u00e1n incrementando la desigualdad, el desempleo, la miseria y la exclusi\u00f3n social. \u00ab\u00a0En nuestro pa\u00eds, en 1,8 millones de hogares ninguno de sus miembros tiene ingresos, m\u00e1s de 2 millones de personas carecen de cualquier tipo de protecci\u00f3n social\u00a0\u00bb, y pese a ello los gobiernos europeos se empecinan en las mismas pol\u00edticas.<br style=\"margin: 0px; padding: 0px;\" \/><br style=\"margin: 0px; padding: 0px;\" \/>Para CC.OO resulta prioritario resolver la crisis pol\u00edtica para resolver la crisis econ\u00f3mica, de ah\u00ed que las movilizaciones del 10 de marzo se convocan para protestar contra la pol\u00edtica econ\u00f3mica europea y espa\u00f1ola, pero tambi\u00e9n contra una situaci\u00f3n pol\u00edtica que hace que \u00ab\u00a0el aire sea irrespirable en nuestro pa\u00eds\u00a0\u00bb por la corrupci\u00f3n. La Cumbre Social quiere convertirse en el cauce por el que se exprese la ciudadan\u00eda espa\u00f1ola para hacer patente su descontento con las pol\u00edticas que se est\u00e1n desarrollando&nbsp;y ah\u00ed que podemos confluir con otros espacios y movimientos ciudadanos con un caracter unitario.<\/div>\n<div style=\"background-color: white; color: #333333; font-family: Verdana, Arial, Helvetica, sans-serif; font-size: 13px; line-height: 22px; margin-bottom: 10px; padding: 0px;\"><\/div>\n<div style=\"background-color: white; color: #333333; font-family: Verdana, Arial, Helvetica, sans-serif; font-size: 13px; line-height: 22px; margin-bottom: 10px; padding: 0px;\"><\/div>\n","protected":false},"excerpt":{"rendered":"<p><\/p>\n<div>\n<strong><span>MANIFESTACI&Oacute;N EL&nbsp; 10 de marzo en todo el pa&iacute;s \u00ab\u00a0contra el paro y por la regeneraci&oacute;n de la democracia\u00a0\u00bb,&nbsp;<\/span><\/strong><br \/><span>con la que QUEREMOS expresar nuestro rechazo&nbsp; a las pol&iacute;ticas de austeridad y a una situaci&oacute;n pol&iacute;tica \u00ab\u00a0trufada\u00a0\u00bb de casos de corrupci&oacute;n.<\/span><\/p>\n<p><strong><span>En ALICANTE, EL DOMINGO 10 DE MARZO A LAS 12 HORAS DESDE LA ESTACI&Oacute;N DE RENFE EN LA CIUDAD DE ALICANTE<\/span><\/strong><br \/><span>&nbsp;<\/span>\n<\/div>\n<div>Tendr&aacute;n lugar movilizaciones en en m&aacute;s de 60 ciudades que han sido convocadas por las diferentes&nbsp;Cumbres Sociales, de la que forma parte CCOO y&nbsp; organizaciones sindicales y sociales, dentro del marco de movilizaciones europeas convocadas por la Confederaci&oacute;n Europea de Sindicatos (CES) en el conjunto de la Uni&oacute;n Europea. &nbsp;\u00ab\u00a0Queremos que estas movilizaciones sean el cauce que exprese el aumento del descontento y el creciente rechazo de la ciudadan&iacute;a\u00a0\u00bb, contra unas pol&iacute;ticas que acent&uacute;an la recesi&oacute;n y que adem&aacute;s tiene efectos demoledores en el plano pol&iacute;tico con el alejamiento de la ciudadan&iacute;a de las instituciones.<\/p>\n<p>La situaci&oacute;n econ&oacute;mica y social empeorar&aacute; con el marco presupuestario para el periodo 2014-2020 que acaba de aprobar la UE, con el que se prolongan las pol&iacute;ticas de austeridad que est&aacute;n incrementando la desigualdad, el desempleo, la miseria y la exclusi&oacute;n social. \u00ab\u00a0En nuestro pa&iacute;s, en 1,8 millones de hogares ninguno de sus miembros tiene ingresos, m&aacute;s de 2 millones de personas carecen de cualquier tipo de protecci&oacute;n social\u00a0\u00bb, y pese a ello los gobiernos europeos se empecinan en las mismas pol&iacute;ticas.<\/p>\n<p>Para CC.OO resulta prioritario resolver la crisis pol&iacute;tica para resolver la crisis econ&oacute;mica, de ah&iacute; que las movilizaciones del 10 de marzo se convocan para protestar contra la pol&iacute;tica econ&oacute;mica europea y espa&ntilde;ola, pero tambi&eacute;n contra una situaci&oacute;n pol&iacute;tica que hace que \u00ab\u00a0el aire sea irrespirable en nuestro pa&iacute;s\u00a0\u00bb por la corrupci&oacute;n. La Cumbre Social quiere convertirse en el cauce por el que se exprese la ciudadan&iacute;a espa&ntilde;ola para hacer patente su descontento con las pol&iacute;ticas que se est&aacute;n desarrollando&nbsp;y ah&iacute; que podemos confluir con otros espacios y movimientos ciudadanos con un caracter unitario.<\/p><\/div>\n<div><\/div>\n<div><\/div>\n","protected":false},"author":63,"featured_media":0,"comment_status":"closed","ping_status":"closed","sticky":false,"template":"","format":"standard","meta":{"footnotes":""},"categories":[31],"tags":[],"class_list":["post-422","post","type-post","status-publish","format-standard","hentry","category-fils-rss"],"_links":{"self":[{"href":"https:\/\/radioalma.eu\/horizonte\/wp-json\/wp\/v2\/posts\/422","targetHints":{"allow":["GET"]}}],"collection":[{"href":"https:\/\/radioalma.eu\/horizonte\/wp-json\/wp\/v2\/posts"}],"about":[{"href":"https:\/\/radioalma.eu\/horizonte\/wp-json\/wp\/v2\/types\/post"}],"author":[{"embeddable":true,"href":"https:\/\/radioalma.eu\/horizonte\/wp-json\/wp\/v2\/users\/63"}],"replies":[{"embeddable":true,"href":"https:\/\/radioalma.eu\/horizonte\/wp-json\/wp\/v2\/comments?post=422"}],"version-history":[{"count":0,"href":"https:\/\/radioalma.eu\/horizonte\/wp-json\/wp\/v2\/posts\/422\/revisions"}],"wp:attachment":[{"href":"https:\/\/radioalma.eu\/horizonte\/wp-json\/wp\/v2\/media?parent=422"}],"wp:term":[{"taxonomy":"category","embeddable":true,"href":"https:\/\/radioalma.eu\/horizonte\/wp-json\/wp\/v2\/categories?post=422"},{"taxonomy":"post_tag","embeddable":true,"href":"https:\/\/radioalma.eu\/horizonte\/wp-json\/wp\/v2\/tags?post=422"}],"curies":[{"name":"wp","href":"https:\/\/api.w.org\/{rel}","templated":true}]}}