{"id":424,"date":"2013-03-08T08:28:00","date_gmt":"2013-03-08T07:28:00","guid":{"rendered":"http:\/\/radioalma.eu\/horizonte\/?guid=8b9f15a5c3e19bd582e84d49b3fc12c0"},"modified":"2013-03-08T08:37:40","modified_gmt":"2013-03-08T07:37:40","slug":"radio-sindical-en-artegalia-radio","status":"publish","type":"post","link":"https:\/\/radioalma.eu\/horizonte\/2013\/03\/08\/radio-sindical-en-artegalia-radio\/","title":{"rendered":"RADIO SINDICAL, en Artegalia Radio."},"content":{"rendered":"<div class=\"separator\" style=\"clear: both; text-align: center;\"><a href=\"http:\/\/3.bp.blogspot.com\/-I7Bw8Tarj3k\/UTmTFHxpI9I\/AAAAAAAABIM\/wx8207Xdnb0\/s1600\/1609797-preparacion_programa_Version2.jpg\" imageanchor=\"1\" style=\"clear: left; float: left; margin-bottom: 1em; margin-right: 1em;\"><img fetchpriority=\"high\" decoding=\"async\" border=\"0\" height=\"240\" src=\"http:\/\/3.bp.blogspot.com\/-I7Bw8Tarj3k\/UTmTFHxpI9I\/AAAAAAAABIM\/wx8207Xdnb0\/s320\/1609797-preparacion_programa_Version2.jpg\" width=\"320\" \/><\/a><\/div>\n<p><span style=\"background-color: white; color: #333333; font-family: Verdana, Arial, Helvetica, sans-serif; font-size: 13px; line-height: 22px;\">Tras meses de preparativos, comienza hoy, 8 de marzo, la andadura de un nuevo programa de radio realizado por CCOO de L\u2019Alacant\u00ed-Les Marines: Radio Sindical. Se trata de la concreci\u00f3n de una idea que ha ido tomado cuerpo a partir de la colaboraci\u00f3n estrecha entre la asociaci\u00f3n ARTEGALIA, su emisora de radio comunitaria y este sindicato.<\/span><br \/><br style=\"background-color: white; color: #333333; font-family: Verdana, Arial, Helvetica, sans-serif; font-size: 13px; line-height: 22px; margin: 0px; padding: 0px;\" \/><span style=\"background-color: white; color: #333333; font-family: Verdana, Arial, Helvetica, sans-serif; font-size: 13px; line-height: 22px;\">Cada semana, los viernes entre las 13 y las 14 horas, en Artegalia Radio y a trav\u00e9s de la web de ARTEGALIA:&nbsp;<\/span><a href=\"http:\/\/www.artegalia.com\/portal\/index.php\" style=\"background-color: white; font-family: Verdana, Arial, Helvetica, sans-serif; font-size: 13px; line-height: 22px; margin: 0px; padding: 0px;\" >http:\/\/www.artegalia.com<\/a><span style=\"background-color: white; color: #333333; font-family: Verdana, Arial, Helvetica, sans-serif; font-size: 13px; line-height: 22px;\">&nbsp;<\/span><span style=\"background-color: white; color: #333333; font-family: Verdana, Arial, Helvetica, sans-serif; font-size: 13px; line-height: 22px;\">se podr\u00e1 escuchar en directo y, en cualquier momento, se podr\u00e1 acceder a los podcast de cada programa. Este programa tiene como objetivo acercar la realidad de la acci\u00f3n sindical a un n\u00famero cada vez mayor de personas, de manera que la ciudadan\u00eda cuente con informaci\u00f3n directa y de primera mano sobre esta actividad. Se desarrollar\u00e1 tanto la faceta m\u00e1s laboral del sindicato (informaci\u00f3n sobre conflictos, convenios, salud laboral, igualdad de oportunidades, negociaci\u00f3n colectiva, resoluci\u00f3n de dudas laborales,&#8230;) como su papel m\u00e1s sociopol\u00edtico (movilizaci\u00f3n social, relaci\u00f3n con el tejido asociativo, etc) y cultural. Se contar\u00e1 con la colaboraci\u00f3n estable de sindicalistas como la propia Secretaria General, Consuelo Navarro y un equipo formado por Nevenka Rubio, Mar\u00eda Candelas, Javier P\u00e9rez, Carlos Torres y Txema Rubio entre otras personas.<\/span><br \/><br style=\"background-color: white; color: #333333; font-family: Verdana, Arial, Helvetica, sans-serif; font-size: 13px; line-height: 22px; margin: 0px; padding: 0px;\" \/><span style=\"background-color: white; color: #333333; font-family: Verdana, Arial, Helvetica, sans-serif; font-size: 13px; line-height: 22px;\">En el primer programa, que se emite este 8 de marzo, podr\u00e1 en marcha ya las secciones que ser\u00e1n habituales (valoraci\u00f3n de la situaci\u00f3n general a cargo de la Secretar\u00eda General de CCOO de L\u2019Alacant\u00ed-Les Marines, Consuelo Navarro; salud laboral por Javier P\u00e9rez; \u00ab\u00a0hablando de igualdad\u00a0\u00bb por Mar\u00eda Candelas; \u00ab\u00a0sindicalizando la cultura\u00a0\u00bb por Txema Rubio; entre otras) y se contar\u00e1 con la colaboraci\u00f3n de Luis Pastor (FSC) que explicar\u00e1 el conflicto de Iberia, y Sefora Bou que hablar\u00e1 del trabajo de la Plataforma Feminista, especialmente en una fecha como el 8 de marzo.<\/span><br \/><br style=\"background-color: white; color: #333333; font-family: Verdana, Arial, Helvetica, sans-serif; font-size: 13px; line-height: 22px; margin: 0px; padding: 0px;\" \/><br \/><object data=\"http:\/\/www.ivoox.com\/playerivoox_ep_1843705_1.html\" height=\"30\" type=\"application\/x-shockwave-flash\" width=\"173\"><param name=\"movie\" value=\"http:\/\/www.ivoox.com\/playerivoox_ep_1843705_1.html\"><\/param><param name=\"allowFullScreen\" value=\"true\"><\/param><param name=\"wmode\" value=\"transparent\"><\/param><embed src=\"http:\/\/www.ivoox.com\/playerivoox_ep_1843705_1.html\" type=\"application\/x-shockwave-flash\" allowfullscreen=\"true\" wmode=\"transparent\" width=\"173\" height=\"30\"><\/embed><\/object><a href=\"http:\/\/www.ivoox.com\/radio-sindical-08-03-2013-audios-mp3_rf_1843705_1.html\" style=\"bottom: 4px; color: #333333; font-size: 12px; position: relative;\" title=\"radio sindical 08-03-2013\"> Ir a descargar<\/a><\/p>\n<p><span style=\"background-color: white; color: #333333; font-family: Verdana, Arial, Helvetica, sans-serif; font-size: 13px; line-height: 22px;\">Hay que hacer un reconocimiento y agradecimiento especial, por un lado a la Radio ARTEGALIA que ha promovido este programa con el mismo inter\u00e9s y tes\u00f3n que este sindicato y, por otro a la compa\u00f1era Nevenka Rubio, coordinadora, responsable t\u00e9cnica, presentadora y conductora de este nuevo espacio para la acci\u00f3n sindical y la comunicaci\u00f3n obrera y ciudadana.<\/span><br \/><span style=\"background-color: white; color: #333333; font-family: Verdana, Arial, Helvetica, sans-serif; font-size: 13px; line-height: 22px;\"><br \/><\/span><span style=\"background-color: white; color: #333333; font-family: Verdana, Arial, Helvetica, sans-serif; font-size: 13px; line-height: 22px;\"><br \/><\/span><\/p>\n","protected":false},"excerpt":{"rendered":"<div><a href=\"http:\/\/3.bp.blogspot.com\/-I7Bw8Tarj3k\/UTmTFHxpI9I\/AAAAAAAABIM\/wx8207Xdnb0\/s1600\/1609797-preparacion_programa_Version2.jpg\"><img decoding=\"async\" border=\"0\" height=\"240\" src=\"http:\/\/3.bp.blogspot.com\/-I7Bw8Tarj3k\/UTmTFHxpI9I\/AAAAAAAABIM\/wx8207Xdnb0\/s320\/1609797-preparacion_programa_Version2.jpg\" width=\"320\"><\/a><\/div>\n<p><span>Tras meses de preparativos, comienza hoy, 8 de marzo, la andadura de un nuevo programa de radio realizado por CCOO de L&rsquo;Alacant&iacute;-Les Marines: Radio Sindical. Se trata de la concreci&oacute;n de una idea que ha ido tomado cuerpo a partir de la colaboraci&oacute;n estrecha entre la asociaci&oacute;n ARTEGALIA, su emisora de radio comunitaria y este sindicato.<\/span><\/p>\n<p><span>Cada semana, los viernes entre las 13 y las 14 horas, en Artegalia Radio y a trav&eacute;s de la web de ARTEGALIA:&nbsp;<\/span><a href=\"http:\/\/www.artegalia.com\/portal\/index.php\" target=\"blank\">http:\/\/www.artegalia.com<\/a><span>&nbsp;<\/span><span>se podr&aacute; escuchar en directo y, en cualquier momento, se podr&aacute; acceder a los podcast de cada programa. Este programa tiene como objetivo acercar la realidad de la acci&oacute;n sindical a un n&uacute;mero cada vez mayor de personas, de manera que la ciudadan&iacute;a cuente con informaci&oacute;n directa y de primera mano sobre esta actividad. Se desarrollar&aacute; tanto la faceta m&aacute;s laboral del sindicato (informaci&oacute;n sobre conflictos, convenios, salud laboral, igualdad de oportunidades, negociaci&oacute;n colectiva, resoluci&oacute;n de dudas laborales,&#8230;) como su papel m&aacute;s sociopol&iacute;tico (movilizaci&oacute;n social, relaci&oacute;n con el tejido asociativo, etc) y cultural. Se contar&aacute; con la colaboraci&oacute;n estable de sindicalistas como la propia Secretaria General, Consuelo Navarro y un equipo formado por Nevenka Rubio, Mar&iacute;a Candelas, Javier P&eacute;rez, Carlos Torres y Txema Rubio entre otras personas.<\/span><\/p>\n<p><span>En el primer programa, que se emite este 8 de marzo, podr&aacute; en marcha ya las secciones que ser&aacute;n habituales (valoraci&oacute;n de la situaci&oacute;n general a cargo de la Secretar&iacute;a General de CCOO de L&rsquo;Alacant&iacute;-Les Marines, Consuelo Navarro; salud laboral por Javier P&eacute;rez; \u00ab\u00a0hablando de igualdad\u00a0\u00bb por Mar&iacute;a Candelas; \u00ab\u00a0sindicalizando la cultura\u00a0\u00bb por Txema Rubio; entre otras) y se contar&aacute; con la colaboraci&oacute;n de Luis Pastor (FSC) que explicar&aacute; el conflicto de Iberia, y Sefora Bou que hablar&aacute; del trabajo de la Plataforma Feminista, especialmente en una fecha como el 8 de marzo.<\/span><\/p>\n<p><a href=\"http:\/\/www.ivoox.com\/radio-sindical-08-03-2013-audios-mp3_rf_1843705_1.html\" title=\"radio sindical 08-03-2013\"> Ir a descargar<\/a><\/p>\n<p><span>Hay que hacer un reconocimiento y agradecimiento especial, por un lado a la Radio ARTEGALIA que ha promovido este programa con el mismo inter&eacute;s y tes&oacute;n que este sindicato y, por otro a la compa&ntilde;era Nevenka Rubio, coordinadora, responsable t&eacute;cnica, presentadora y conductora de este nuevo espacio para la acci&oacute;n sindical y la comunicaci&oacute;n obrera y ciudadana.<\/span><br \/><span><br \/><\/span><span><br \/><\/span><\/p>\n","protected":false},"author":63,"featured_media":0,"comment_status":"closed","ping_status":"closed","sticky":false,"template":"","format":"standard","meta":{"footnotes":""},"categories":[31],"tags":[],"class_list":["post-424","post","type-post","status-publish","format-standard","hentry","category-fils-rss"],"_links":{"self":[{"href":"https:\/\/radioalma.eu\/horizonte\/wp-json\/wp\/v2\/posts\/424","targetHints":{"allow":["GET"]}}],"collection":[{"href":"https:\/\/radioalma.eu\/horizonte\/wp-json\/wp\/v2\/posts"}],"about":[{"href":"https:\/\/radioalma.eu\/horizonte\/wp-json\/wp\/v2\/types\/post"}],"author":[{"embeddable":true,"href":"https:\/\/radioalma.eu\/horizonte\/wp-json\/wp\/v2\/users\/63"}],"replies":[{"embeddable":true,"href":"https:\/\/radioalma.eu\/horizonte\/wp-json\/wp\/v2\/comments?post=424"}],"version-history":[{"count":0,"href":"https:\/\/radioalma.eu\/horizonte\/wp-json\/wp\/v2\/posts\/424\/revisions"}],"wp:attachment":[{"href":"https:\/\/radioalma.eu\/horizonte\/wp-json\/wp\/v2\/media?parent=424"}],"wp:term":[{"taxonomy":"category","embeddable":true,"href":"https:\/\/radioalma.eu\/horizonte\/wp-json\/wp\/v2\/categories?post=424"},{"taxonomy":"post_tag","embeddable":true,"href":"https:\/\/radioalma.eu\/horizonte\/wp-json\/wp\/v2\/tags?post=424"}],"curies":[{"name":"wp","href":"https:\/\/api.w.org\/{rel}","templated":true}]}}