{"id":427,"date":"2013-02-21T17:54:00","date_gmt":"2013-02-21T16:54:00","guid":{"rendered":"http:\/\/radioalma.eu\/horizonte\/?guid=fe049da309d3b0a8b1240dd840401e21"},"modified":"2013-02-21T20:25:35","modified_gmt":"2013-02-21T19:25:35","slug":"artegalia-se-suma-a-la-marea-ciudadana-este-sabado-23-de-febrero","status":"publish","type":"post","link":"https:\/\/radioalma.eu\/horizonte\/2013\/02\/21\/artegalia-se-suma-a-la-marea-ciudadana-este-sabado-23-de-febrero\/","title":{"rendered":"Artegalia se suma a la Marea Ciudadana este s\u00e1bado 23 de febrero"},"content":{"rendered":"<div class=\"separator\" style=\"clear: both; text-align: center;\"><a href=\"http:\/\/4.bp.blogspot.com\/-nN0psCOZycU\/USZQ0YeFdiI\/AAAAAAAABGw\/JlV49s9YYx0\/s1600\/Marea+Ciudadana.jpg\" imageanchor=\"1\" style=\"margin-left: 1em; margin-right: 1em;\"><img fetchpriority=\"high\" decoding=\"async\" border=\"0\" height=\"296\" src=\"http:\/\/4.bp.blogspot.com\/-nN0psCOZycU\/USZQ0YeFdiI\/AAAAAAAABGw\/JlV49s9YYx0\/s320\/Marea+Ciudadana.jpg\" width=\"320\" \/><\/a><\/div>\n<p>Este <b>s\u00e1bado 23 de febrero<\/b> se realizar\u00e1 la <a href=\"http:\/\/www.facebook.com\/pages\/Marea-Ciudadana\">Marea Ciudadana <\/a>a la que se suma <a href=\"http:\/\/www.artegalia.com\/\">Artegalia<\/a>. Se trata de un movimiento por parte de los ciudadanos en el que nos unimos en contra de los recortes y por la verdadera democracia. Artegalia se une a esta iniciativa con Marea Transparente, por la transparencia de la comunicaci\u00f3n e informaci\u00f3n en los medios de comunicaci\u00f3n.<\/p>\n<div><b style=\"font-family: 'lucida grande', tahoma, verdana, arial, sans-serif; font-size: 11px; line-height: 14px;\"><span style=\"color: orange;\"><br \/><\/span><\/b><\/div>\n<div><b style=\"font-family: 'lucida grande', tahoma, verdana, arial, sans-serif; font-size: 11px; line-height: 14px;\"><span style=\"color: orange;\">POR LA LIBERTAD. POR LA DEMOCRACIA. POR LOS DERECHOS SOCIALES Y AMBIENTALES<\/span><\/b><\/div>\n<div><br style=\"background-color: white; color: #333333; font-family: 'lucida grande', tahoma, verdana, arial, sans-serif; line-height: 14px;\" \/><span class=\"text_exposed_show\" style=\"background-color: white; color: #333333; display: inline; line-height: 14px;\"><span style=\"font-family: Times, Times New Roman, serif;\">La presi\u00f3n de los mercados financieros, la deuda ileg\u00edtima creada por el propio sistema financiero especulativo y las brutales pol\u00edticas de ajuste dirigidas contra la mayor\u00eda de la sociedad, junto con la corrupci\u00f3n y la p\u00e9rdida de legitimidad de las instituciones, est\u00e1n causando en nuestro pa\u00eds la mayor crisis de la democracia de las \u00faltimas d\u00e9cadas.<\/span><\/span><br \/><span style=\"font-family: Times, Times New Roman, serif;\"><span class=\"text_exposed_show\" style=\"background-color: white; color: #333333; display: inline; line-height: 14px;\">El creciente desempleo, el ataque a la Sanidad y la Educaci\u00f3n p\u00fablicas, a los derechos laborales y sociales, al medio ambiente, nos ha hecho confluir en las calles, en las mareas ciudadanas, blanca, verde, roja, naranja, groga, amarilla, negra, azul, violeta\u2026 defendiendo nuestros derechos.<\/span><span class=\"text_exposed_show\" style=\"background-color: white; color: #333333; display: inline; line-height: 14px;\">Una sociedad justa y viable s\u00f3lo ser\u00e1 posible si la ciudadan\u00eda se une para defender los derechos sociales por encima de los mercados y la pol\u00edtica honesta y la justicia social por encima de los intereses de las elites financieras.<\/span><span class=\"text_exposed_show\" style=\"background-color: white; color: #333333; display: inline; line-height: 14px;\">La reforma del art\u00edculo 135 de la Constituci\u00f3n espa\u00f1ola, sin consulta alguna a la ciudadan\u00eda, supedita todos los recursos del Estado al pago de esta deuda ileg\u00edtima a costa de recortar todos los servicios p\u00fablicos y de subastar a precio de saldo el patrimonio del Estado. Esta reforma supuso un \u201cgolpe de estado financiero\u201d, pues maniata al gobierno primando el pago de los intereses frente a las obligaciones propias de un Estado Social y de Derecho.<\/span><span class=\"text_exposed_show\" style=\"background-color: white; color: #333333; display: inline; line-height: 14px;\">En 1981, tras el golpe militar, la ciudadan\u00eda se manifest\u00f3 masivamente en defensa de la Libertad y la Democracia. Ahora, 32 a\u00f1os despu\u00e9s, llamamos a toda la ciudadan\u00eda, a todas las mareas, asambleas, organizaciones y colectivos a confluir en una jornada de movilizaci\u00f3n el pr\u00f3ximo 23 de febrero en defensa de una verdadera Democracia, la Libertad y los Derechos sociales.<\/span><span class=\"text_exposed_show\" style=\"background-color: white; color: #333333; display: inline; line-height: 14px;\">No al golpe de estado financiero. No debemos, no pagamos.<\/span><span class=\"text_exposed_show\" style=\"background-color: white; color: #333333; display: inline; line-height: 14px;\">Hay alternativas. Hay soluciones:<\/span><span class=\"text_exposed_show\" style=\"background-color: white; color: #333333; display: inline; line-height: 14px;\">&#8211; Por la Justicia social y ambiental.<\/span><span class=\"text_exposed_show\" style=\"background-color: white; color: #333333; display: inline; line-height: 14px;\">&#8211; Por la Transparencia y la Democracia participativa.<\/span><span class=\"text_exposed_show\" style=\"background-color: white; color: #333333; display: inline; line-height: 14px;\">&#8211; En defensa de unos Servicios P\u00fablicos y Universales.<\/span><span class=\"text_exposed_show\" style=\"background-color: white; color: #333333; display: inline; line-height: 14px;\">&#8211; Por una Auditoria Ciudadana de la Deuda. Contra la Deuda ileg\u00edtima.<\/span><\/span><br \/><span style=\"font-family: Times, Times New Roman, serif;\"><span class=\"text_exposed_show\" style=\"background-color: white; color: #333333; display: inline; line-height: 14px;\"><br \/><\/span><\/span><span style=\"font-family: Times, Times New Roman, serif;\"><span class=\"text_exposed_show\" style=\"background-color: white; color: #333333; display: inline; line-height: 14px;\"><br \/><\/span><\/span><\/p>\n<div class=\"separator\" style=\"clear: both; text-align: center;\"><object width=\"320\" height=\"266\" class=\"BLOGGER-youtube-video\" classid=\"clsid:D27CDB6E-AE6D-11cf-96B8-444553540000\" codebase=\"http:\/\/download.macromedia.com\/pub\/shockwave\/cabs\/flash\/swflash.cab#version=6,0,40,0\" data-thumbnail-src=\"http:\/\/0.gvt0.com\/vi\/HJcBs-O6fjw\/0.jpg\"><param name=\"movie\" value=\"http:\/\/www.youtube.com\/v\/HJcBs-O6fjw&#038;fs=1&#038;source=uds\" \/><param name=\"bgcolor\" value=\"#FFFFFF\" \/><param name=\"allowFullScreen\" value=\"true\" \/><embed width=\"320\" height=\"266\"  src=\"http:\/\/www.youtube.com\/v\/HJcBs-O6fjw&#038;fs=1&#038;source=uds\" type=\"application\/x-shockwave-flash\" allowfullscreen=\"true\"><\/embed><\/object><\/div>\n<p><span style=\"font-family: Times, Times New Roman, serif;\"><span class=\"text_exposed_show\" style=\"background-color: white; color: #333333; display: inline; line-height: 14px;\"><br \/><\/span><\/span><span style=\"font-family: Times, Times New Roman, serif;\"><span class=\"text_exposed_show\" style=\"background-color: white; color: #333333; display: inline; line-height: 14px;\"><br \/><\/span><\/span><\/div>\n","protected":false},"excerpt":{"rendered":"<div><a href=\"http:\/\/4.bp.blogspot.com\/-nN0psCOZycU\/USZQ0YeFdiI\/AAAAAAAABGw\/JlV49s9YYx0\/s1600\/Marea+Ciudadana.jpg\"><img decoding=\"async\" border=\"0\" height=\"296\" src=\"http:\/\/4.bp.blogspot.com\/-nN0psCOZycU\/USZQ0YeFdiI\/AAAAAAAABGw\/JlV49s9YYx0\/s320\/Marea+Ciudadana.jpg\" width=\"320\"><\/a><\/div>\n<p>Este <b>s&aacute;bado 23 de febrero<\/b> se realizar&aacute; la <a href=\"http:\/\/www.facebook.com\/pages\/Marea-Ciudadana\">Marea Ciudadana <\/a>a la que se suma <a href=\"http:\/\/www.artegalia.com\/\">Artegalia<\/a>. Se trata de un movimiento por parte de los ciudadanos en el que nos unimos en contra de los recortes y por la verdadera democracia. Artegalia se une a esta iniciativa con Marea Transparente, por la transparencia de la comunicaci&oacute;n e informaci&oacute;n en los medios de comunicaci&oacute;n.<\/p>\n<div><b><span><br \/><\/span><\/b><\/div>\n<div><b><span>POR LA LIBERTAD. POR LA DEMOCRACIA. POR LOS DERECHOS SOCIALES Y AMBIENTALES<\/span><\/b><\/div>\n<div>\n<br \/><span><span>La presi&oacute;n de los mercados financieros, la deuda ileg&iacute;tima creada por el propio sistema financiero especulativo y las brutales pol&iacute;ticas de ajuste dirigidas contra la mayor&iacute;a de la sociedad, junto con la corrupci&oacute;n y la p&eacute;rdida de legitimidad de las instituciones, est&aacute;n causando en nuestro pa&iacute;s la mayor crisis de la democracia de las &uacute;ltimas d&eacute;cadas.<\/span><\/span><br \/><span><span>El creciente desempleo, el ataque a la Sanidad y la Educaci&oacute;n p&uacute;blicas, a los derechos laborales y sociales, al medio ambiente, nos ha hecho confluir en las calles, en las mareas ciudadanas, blanca, verde, roja, naranja, groga, amarilla, negra, azul, violeta&hellip; defendiendo nuestros derechos.<\/span><span>Una sociedad justa y viable s&oacute;lo ser&aacute; posible si la ciudadan&iacute;a se une para defender los derechos sociales por encima de los mercados y la pol&iacute;tica honesta y la justicia social por encima de los intereses de las elites financieras.<\/span><span>La reforma del art&iacute;culo 135 de la Constituci&oacute;n espa&ntilde;ola, sin consulta alguna a la ciudadan&iacute;a, supedita todos los recursos del Estado al pago de esta deuda ileg&iacute;tima a costa de recortar todos los servicios p&uacute;blicos y de subastar a precio de saldo el patrimonio del Estado. Esta reforma supuso un &ldquo;golpe de estado financiero&rdquo;, pues maniata al gobierno primando el pago de los intereses frente a las obligaciones propias de un Estado Social y de Derecho.<\/span><span>En 1981, tras el golpe militar, la ciudadan&iacute;a se manifest&oacute; masivamente en defensa de la Libertad y la Democracia. Ahora, 32 a&ntilde;os despu&eacute;s, llamamos a toda la ciudadan&iacute;a, a todas las mareas, asambleas, organizaciones y colectivos a confluir en una jornada de movilizaci&oacute;n el pr&oacute;ximo 23 de febrero en defensa de una verdadera Democracia, la Libertad y los Derechos sociales.<\/span><span>No al golpe de estado financiero. No debemos, no pagamos.<\/span><span>Hay alternativas. Hay soluciones:<\/span><span>&#8211; Por la Justicia social y ambiental.<\/span><span>&#8211; Por la Transparencia y la Democracia participativa.<\/span><span>&#8211; En defensa de unos Servicios P&uacute;blicos y Universales.<\/span><span>&#8211; Por una Auditoria Ciudadana de la Deuda. Contra la Deuda ileg&iacute;tima.<\/span><\/span><br \/><span><span><br \/><\/span><\/span><span><span><br \/><\/span><\/span><\/p>\n<div><\/div>\n<p><span><span><br \/><\/span><\/span><span><span><br \/><\/span><\/span>\n<\/div>\n","protected":false},"author":63,"featured_media":0,"comment_status":"closed","ping_status":"closed","sticky":false,"template":"","format":"standard","meta":{"footnotes":""},"categories":[31],"tags":[],"class_list":["post-427","post","type-post","status-publish","format-standard","hentry","category-fils-rss"],"_links":{"self":[{"href":"https:\/\/radioalma.eu\/horizonte\/wp-json\/wp\/v2\/posts\/427","targetHints":{"allow":["GET"]}}],"collection":[{"href":"https:\/\/radioalma.eu\/horizonte\/wp-json\/wp\/v2\/posts"}],"about":[{"href":"https:\/\/radioalma.eu\/horizonte\/wp-json\/wp\/v2\/types\/post"}],"author":[{"embeddable":true,"href":"https:\/\/radioalma.eu\/horizonte\/wp-json\/wp\/v2\/users\/63"}],"replies":[{"embeddable":true,"href":"https:\/\/radioalma.eu\/horizonte\/wp-json\/wp\/v2\/comments?post=427"}],"version-history":[{"count":0,"href":"https:\/\/radioalma.eu\/horizonte\/wp-json\/wp\/v2\/posts\/427\/revisions"}],"wp:attachment":[{"href":"https:\/\/radioalma.eu\/horizonte\/wp-json\/wp\/v2\/media?parent=427"}],"wp:term":[{"taxonomy":"category","embeddable":true,"href":"https:\/\/radioalma.eu\/horizonte\/wp-json\/wp\/v2\/categories?post=427"},{"taxonomy":"post_tag","embeddable":true,"href":"https:\/\/radioalma.eu\/horizonte\/wp-json\/wp\/v2\/tags?post=427"}],"curies":[{"name":"wp","href":"https:\/\/api.w.org\/{rel}","templated":true}]}}