{"id":430,"date":"2013-02-19T12:26:00","date_gmt":"2013-02-19T11:26:00","guid":{"rendered":"http:\/\/radioalma.eu\/horizonte\/?guid=71506902b0098a46d530d7939a6b213f"},"modified":"2013-02-21T20:27:54","modified_gmt":"2013-02-21T19:27:54","slug":"marea-ciudadana-23f","status":"publish","type":"post","link":"https:\/\/radioalma.eu\/horizonte\/2013\/02\/19\/marea-ciudadana-23f\/","title":{"rendered":"Marea Ciudadana 23F"},"content":{"rendered":"<div style=\"text-align: center;\"><b>MANIFESTACI\u00d3N DE LA MAREA CIUDADANA CONTRA LOS RECORTES Y POR UNA VERDADERA DEMOCRACIA<\/b><\/div>\n<p><\/p>\n<div class=\"separator\" style=\"clear: both; text-align: center;\"><object width=\"320\" height=\"266\" class=\"BLOGGER-youtube-video\" classid=\"clsid:D27CDB6E-AE6D-11cf-96B8-444553540000\" codebase=\"http:\/\/download.macromedia.com\/pub\/shockwave\/cabs\/flash\/swflash.cab#version=6,0,40,0\" data-thumbnail-src=\"http:\/\/0.gvt0.com\/vi\/cD2XoPSokgA\/0.jpg\"><param name=\"movie\" value=\"http:\/\/www.youtube.com\/v\/cD2XoPSokgA&#038;fs=1&#038;source=uds\" \/><param name=\"bgcolor\" value=\"#FFFFFF\" \/><param name=\"allowFullScreen\" value=\"true\" \/><embed width=\"320\" height=\"266\"  src=\"http:\/\/www.youtube.com\/v\/cD2XoPSokgA&#038;fs=1&#038;source=uds\" type=\"application\/x-shockwave-flash\" allowfullscreen=\"true\"><\/embed><\/object><\/div>\n<p>No al golpe de estado financiero. No debemos, no pagamos  S\u00e1bado, 23 de febrero  18:00 h  Plaza de la Monta\u00f1eta  La presi\u00f3n de los mercados financieros, la deuda ileg\u00edtima creada por el propio sistema financiero especulativo y las brutales pol\u00edticas de ajuste dirigidas contra la mayor\u00eda de la sociedad, junto con la corrupci\u00f3n y la p\u00e9rdida de legitimidad de las instituciones, est\u00e1n causando en nuestro pa\u00eds la mayor crisis de la democracia de las \u00faltimas d\u00e9cadas.  El creciente desempleo, el ataque a la Sanidad y la Educaci\u00f3n p\u00fablicas, a los derechos laborales y sociales, al medio ambiente, nos ha hecho confluir en las calles, en las mareas ciudadanas, blanca, verde, roja, naranja, groga, amarilla, negra, azul, violeta\u2026 defendiendo nuestros derechos.  Una sociedad justa y viable s\u00f3lo ser\u00e1 posible si la ciudadan\u00eda se une para defender los derechos sociales por encima de los mercados y la pol\u00edtica honesta y la justicia social por encima de los intereses de las elites financieras.  La reforma del art\u00edculo 135 de la Constituci\u00f3n espa\u00f1ola, sin consulta alguna a la ciudadan\u00eda, supedita todos los recursos del Estado al pago de esta deuda ileg\u00edtima a costa de recortar todos los servicios p\u00fablicos y de subastar a precio de saldo el patrimonio del Estado. Esta reforma supuso un \u201cgolpe de estado financiero\u201d, pues maniata al gobierno primando el pago de los intereses frente a las obligaciones propias de un Estado Social y de Derecho.  En 1981, tras el golpe militar, la ciudadan\u00eda se manifest\u00f3 masivamente en defensa de la Libertad y la Democracia. Ahora, 32 a\u00f1os despu\u00e9s, llamamos a toda la ciudadan\u00eda, a todas las mareas, asambleas, organizaciones y colectivos a confluir en una jornada de movilizaci\u00f3n el pr\u00f3ximo 23 de febrero.  Por la Democracia, la Libertad y los Derechos sociales. No al golpe de estado financiero. No debemos, no pagamos.  Hay alternativas. Hay soluciones:  Por la Justicia social y ambiental. Por la Transparencia y la Democracia participativa. En defensa de unos Servicios P\u00fablicos y Universales. Por una Auditoria Ciudadana de la Deuda. Contra la Deuda ileg\u00edtima.  #23F<br \/>Convoca:  Marea Ciudadana (Lista de adhesiones)<br \/>Info web:  http:\/\/mareaciudadanaalicante.wordpress.com\/<br \/>Evento Facebook:  http:\/\/www.facebook.com\/events\/585745564787086\/<\/p>\n","protected":false},"excerpt":{"rendered":"<div><b>MANIFESTACI&Oacute;N DE LA MAREA CIUDADANA CONTRA LOS RECORTES Y POR UNA VERDADERA DEMOCRACIA<\/b><\/div>\n<p><\/p>\n<div><\/div>\n<p>No al golpe de estado financiero. No debemos, no pagamos  S&aacute;bado, 23 de febrero  18:00 h  Plaza de la Monta&ntilde;eta  La presi&oacute;n de los mercados financieros, la deuda ileg&iacute;tima creada por el propio sistema financiero especulativo y las brutales pol&iacute;ticas de ajuste dirigidas contra la mayor&iacute;a de la sociedad, junto con la corrupci&oacute;n y la p&eacute;rdida de legitimidad de las instituciones, est&aacute;n causando en nuestro pa&iacute;s la mayor crisis de la democracia de las &uacute;ltimas d&eacute;cadas.  El creciente desempleo, el ataque a la Sanidad y la Educaci&oacute;n p&uacute;blicas, a los derechos laborales y sociales, al medio ambiente, nos ha hecho confluir en las calles, en las mareas ciudadanas, blanca, verde, roja, naranja, groga, amarilla, negra, azul, violeta&hellip; defendiendo nuestros derechos.  Una sociedad justa y viable s&oacute;lo ser&aacute; posible si la ciudadan&iacute;a se une para defender los derechos sociales por encima de los mercados y la pol&iacute;tica honesta y la justicia social por encima de los intereses de las elites financieras.  La reforma del art&iacute;culo 135 de la Constituci&oacute;n espa&ntilde;ola, sin consulta alguna a la ciudadan&iacute;a, supedita todos los recursos del Estado al pago de esta deuda ileg&iacute;tima a costa de recortar todos los servicios p&uacute;blicos y de subastar a precio de saldo el patrimonio del Estado. Esta reforma supuso un &ldquo;golpe de estado financiero&rdquo;, pues maniata al gobierno primando el pago de los intereses frente a las obligaciones propias de un Estado Social y de Derecho.  En 1981, tras el golpe militar, la ciudadan&iacute;a se manifest&oacute; masivamente en defensa de la Libertad y la Democracia. Ahora, 32 a&ntilde;os despu&eacute;s, llamamos a toda la ciudadan&iacute;a, a todas las mareas, asambleas, organizaciones y colectivos a confluir en una jornada de movilizaci&oacute;n el pr&oacute;ximo 23 de febrero.  Por la Democracia, la Libertad y los Derechos sociales. No al golpe de estado financiero. No debemos, no pagamos.  Hay alternativas. Hay soluciones:  Por la Justicia social y ambiental. Por la Transparencia y la Democracia participativa. En defensa de unos Servicios P&uacute;blicos y Universales. Por una Auditoria Ciudadana de la Deuda. Contra la Deuda ileg&iacute;tima.  #23F<br \/>Convoca:  Marea Ciudadana (Lista de adhesiones)<br \/>Info web:  http:\/\/mareaciudadanaalicante.wordpress.com\/<br \/>Evento Facebook:  http:\/\/www.facebook.com\/events\/585745564787086\/<\/p>\n","protected":false},"author":63,"featured_media":0,"comment_status":"closed","ping_status":"closed","sticky":false,"template":"","format":"standard","meta":{"footnotes":""},"categories":[31],"tags":[],"class_list":["post-430","post","type-post","status-publish","format-standard","hentry","category-fils-rss"],"_links":{"self":[{"href":"https:\/\/radioalma.eu\/horizonte\/wp-json\/wp\/v2\/posts\/430","targetHints":{"allow":["GET"]}}],"collection":[{"href":"https:\/\/radioalma.eu\/horizonte\/wp-json\/wp\/v2\/posts"}],"about":[{"href":"https:\/\/radioalma.eu\/horizonte\/wp-json\/wp\/v2\/types\/post"}],"author":[{"embeddable":true,"href":"https:\/\/radioalma.eu\/horizonte\/wp-json\/wp\/v2\/users\/63"}],"replies":[{"embeddable":true,"href":"https:\/\/radioalma.eu\/horizonte\/wp-json\/wp\/v2\/comments?post=430"}],"version-history":[{"count":0,"href":"https:\/\/radioalma.eu\/horizonte\/wp-json\/wp\/v2\/posts\/430\/revisions"}],"wp:attachment":[{"href":"https:\/\/radioalma.eu\/horizonte\/wp-json\/wp\/v2\/media?parent=430"}],"wp:term":[{"taxonomy":"category","embeddable":true,"href":"https:\/\/radioalma.eu\/horizonte\/wp-json\/wp\/v2\/categories?post=430"},{"taxonomy":"post_tag","embeddable":true,"href":"https:\/\/radioalma.eu\/horizonte\/wp-json\/wp\/v2\/tags?post=430"}],"curies":[{"name":"wp","href":"https:\/\/api.w.org\/{rel}","templated":true}]}}