{"id":438,"date":"2013-02-12T09:39:00","date_gmt":"2013-02-12T08:39:00","guid":{"rendered":"http:\/\/radioalma.eu\/horizonte\/?guid=b3e68c5bb6c1c59d28905cd88491ba3d"},"modified":"2013-02-12T09:39:49","modified_gmt":"2013-02-12T08:39:49","slug":"agenda-de-movilizaciones","status":"publish","type":"post","link":"https:\/\/radioalma.eu\/horizonte\/2013\/02\/12\/agenda-de-movilizaciones\/","title":{"rendered":"Agenda de movilizaciones."},"content":{"rendered":"<p><\/p>\n<div style=\"background-color: white; color: #505050; font-family: arial, sans-serif; font-size: 14px; line-height: 21px;\"><span style=\"font-family: arial, helvetica, sans-serif;\"><strong style=\"color: #c00c29;\">MESA REDONDA \u00ab\u00a0INTERVENCI\u00d3N ARQUITECT\u00d3NICA Y URBAN\u00cdSTICA EN EL \u00c1REA DEL SOTERRAMIENTO\u00a0\u00bb, con la participaci\u00f3n de Iv\u00e1n Valero y Javier Garc\u00eda Solera, arquitectos y Jos\u00e9 Mar\u00eda Perea, presidente de la PIC.<\/strong><\/span><br \/><span style=\"font-family: arial, helvetica, sans-serif;\">Lunes 11 de febrero, a las 20\u00b400 horas, en el Club Informaci\u00f3n (Avda. Doctor Rico, 17).<br \/>Organiza: \u00c1rea de Urban\u00edstica de la Universidad de Alicante.<\/span><\/div>\n<div style=\"background-color: white; color: #505050; font-family: arial, sans-serif; font-size: 14px; line-height: 21px;\"><span style=\"font-family: arial, helvetica, sans-serif;\"><br \/><\/span><\/div>\n<div style=\"background-color: white; color: #505050; font-family: arial, sans-serif; font-size: 14px; line-height: 21px;\"><span style=\"font-family: arial, helvetica, sans-serif;\"><strong style=\"color: #c00c29;\">REUNI\u00d3N ABIERTA A TODOS LOS COLECTIVOS Y PERSONAS QUE LO DESEEN PARA PREPARAR UNA CAMPA\u00d1A CONTRA EL RACISMO Y LA XENOFOBIA EN LA ZONA NORTE DE ALICANTE&nbsp;<\/strong><br \/>Mi\u00e9rcoles 13 de febrero, a las 18\u00b430 horas, en el Instituto Virgen del Remedio (Avda. Baron\u00eda de Polop, 8).<br \/>Organiza: Plataforma Contra los Recortes Sociales.<\/span><\/div>\n<div style=\"background-color: white; color: #505050; font-family: arial, sans-serif; font-size: 14px; line-height: 21px;\"><span style=\"font-family: arial, helvetica, sans-serif;\"><br \/><\/span><\/div>\n<div style=\"background-color: white; color: #505050; font-family: arial, sans-serif; font-size: 14px; line-height: 21px;\"><strong style=\"color: #c00c29;\">CHARLA \u00ab\u00a0IMPERIALISMO Y GUERRA EN ORIENTE MEDIO\u00a0\u00bb, a cargo de Fayed Badawi.<\/strong><br \/>Jueves 14 de febrero, a las 20\u00b400 horas, en el Centro Social A Contracorriente (C\/ Cronista Joaqu\u00edn Coll\u00eda, 8 &#8211; Campoamor).<br \/>Organiza: Movimiento de Resistencia Global.<\/p>\n<p><span style=\"font-family: arial, helvetica, sans-serif;\"><strong style=\"color: #c00c29;\">MESA REDONDA \u00ab\u00a0DESIGUALDAD Y EMPOBRECIMIENTO LOCAL\u00a0\u00bb, a cargo de Silvia Ram\u00edrez, trabajadora social y Manolo Semper, miembro de la Plataforma Contra la Pobreza, la desigualdad y la exclusi\u00f3n social.<\/strong><br \/>Jueves 14 de febrero, a las 20\u00b415 horas, en la sede de la Universidad en la ciudad de Alicante (c\/ Ram\u00f3n y Cajal, 4).<br \/>Organizan: ATTAC y PIC.<\/span><\/div>\n<div style=\"background-color: white; color: #505050; font-family: arial, sans-serif; font-size: 14px; line-height: 21px;\"><span style=\"font-family: arial, helvetica, sans-serif;\"><br \/><\/span><\/div>\n<div style=\"background-color: white; color: #505050; font-family: arial, sans-serif; font-size: 14px; line-height: 21px;\"><span style=\"font-family: arial, helvetica, sans-serif;\"><strong style=\"color: #c00c29;\">VIDEO-F\u00d3RUM \u00ab\u00a0GOOD BYE LENIN\u00a0\u00bb<\/strong><br \/>Viernes 15 de febrero, a las 19\u00b400 horas, en la sede del PArtit Comunista dle Pa\u00eds Valenci\u00e0 (c\/ Pintor Murillo, 37).<br \/>Organiza: Joventut Comunista dle Pa\u00eds Valenci\u00e0.<\/span><\/div>\n<div style=\"background-color: white; color: #505050; font-family: arial, sans-serif; font-size: 14px; line-height: 21px;\"><span style=\"font-family: arial, helvetica, sans-serif;\"><br \/><\/span><\/div>\n<div style=\"background-color: white; color: #505050; font-family: arial, sans-serif; font-size: 14px; line-height: 21px;\"><span style=\"font-family: arial, helvetica, sans-serif;\"><strong style=\"color: #c00c29;\">ACTO P\u00daBLICO \u00ab\u00a0ALBERTO GARZ\u00d3N RESPONDE\u00a0\u00bb, con la presencia de Alberto Garz\u00f3n, diputado de IU en el Congreso de los diputados.<\/strong><br \/>S\u00e1bado 16 de febrero, a las 12\u00b400 horas, en la plaza de la Monta\u00f1eta.<br \/>Organiza: Esquerra Unida.<\/span><\/div>\n<div style=\"background-color: white; color: #505050; font-family: arial, sans-serif; font-size: 14px; line-height: 21px;\"><span style=\"font-family: arial, helvetica, sans-serif;\"><br \/><\/span><\/div>\n<div style=\"background-color: white; color: #505050; font-family: arial, sans-serif; font-size: 14px; line-height: 21px;\"><span style=\"font-family: arial, helvetica, sans-serif;\"><strong style=\"color: #c00c29;\">MANIFESTACI\u00d3N \u00ab\u00a0POR EL DERECHO A LA VIVIENDA. CONTRA EL TERRORISMO FINANCIERO\u00a0\u00bb&nbsp;<\/strong><br \/>S\u00e1bado 16 de febrero, a las 18\u00b400 horas, desde la calle Maestro Alonso, a la altura del Hospital General de Alicante.<br \/>Convocan: Stop Desahucios y Plataforma de Afectados por la Hipoteca.<\/span><\/div>\n<div style=\"background-color: white; color: #505050; font-family: arial, sans-serif; font-size: 14px; line-height: 21px;\"><span style=\"font-family: arial, helvetica, sans-serif;\"><br \/><\/span><\/div>\n<div style=\"background-color: white; color: #505050; font-family: arial, sans-serif; font-size: 14px; line-height: 21px;\"><span style=\"font-family: arial, helvetica, sans-serif;\"><br \/><\/span><\/div>\n","protected":false},"excerpt":{"rendered":"<p><\/p>\n<div>\n<span><strong>MESA REDONDA \u00ab\u00a0INTERVENCI&Oacute;N ARQUITECT&Oacute;NICA Y URBAN&Iacute;STICA EN EL &Aacute;REA DEL SOTERRAMIENTO\u00a0\u00bb, con la participaci&oacute;n de Iv&aacute;n Valero y Javier Garc&iacute;a Solera, arquitectos y Jos&eacute; Mar&iacute;a Perea, presidente de la PIC.<\/strong><\/span><br \/><span>Lunes 11 de febrero, a las 20&acute;00 horas, en el Club Informaci&oacute;n (Avda. Doctor Rico, 17).<br \/>Organiza: &Aacute;rea de Urban&iacute;stica de la Universidad de Alicante.<\/span>\n<\/div>\n<div><span><br \/><\/span><\/div>\n<div><span><strong>REUNI&Oacute;N ABIERTA A TODOS LOS COLECTIVOS Y PERSONAS QUE LO DESEEN PARA PREPARAR UNA CAMPA&Ntilde;A CONTRA EL RACISMO Y LA XENOFOBIA EN LA ZONA NORTE DE ALICANTE&nbsp;<\/strong><br \/>Mi&eacute;rcoles 13 de febrero, a las 18&acute;30 horas, en el Instituto Virgen del Remedio (Avda. Baron&iacute;a de Polop, 8).<br \/>Organiza: Plataforma Contra los Recortes Sociales.<\/span><\/div>\n<div><span><br \/><\/span><\/div>\n<div>\n<strong>CHARLA \u00ab\u00a0IMPERIALISMO Y GUERRA EN ORIENTE MEDIO\u00a0\u00bb, a cargo de Fayed Badawi.<\/strong><br \/>Jueves 14 de febrero, a las 20&acute;00 horas, en el Centro Social A Contracorriente (C\/ Cronista Joaqu&iacute;n Coll&iacute;a, 8 &#8211; Campoamor).<br \/>Organiza: Movimiento de Resistencia Global.<\/p>\n<p><span><strong>MESA REDONDA \u00ab\u00a0DESIGUALDAD Y EMPOBRECIMIENTO LOCAL\u00a0\u00bb, a cargo de Silvia Ram&iacute;rez, trabajadora social y Manolo Semper, miembro de la Plataforma Contra la Pobreza, la desigualdad y la exclusi&oacute;n social.<\/strong><br \/>Jueves 14 de febrero, a las 20&acute;15 horas, en la sede de la Universidad en la ciudad de Alicante (c\/ Ram&oacute;n y Cajal, 4).<br \/>Organizan: ATTAC y PIC.<\/span>\n<\/div>\n<div><span><br \/><\/span><\/div>\n<div><span><strong>VIDEO-F&Oacute;RUM \u00ab\u00a0GOOD BYE LENIN\u00a0\u00bb<\/strong><br \/>Viernes 15 de febrero, a las 19&acute;00 horas, en la sede del PArtit Comunista dle Pa&iacute;s Valenci&agrave; (c\/ Pintor Murillo, 37).<br \/>Organiza: Joventut Comunista dle Pa&iacute;s Valenci&agrave;.<\/span><\/div>\n<div><span><br \/><\/span><\/div>\n<div><span><strong>ACTO P&Uacute;BLICO \u00ab\u00a0ALBERTO GARZ&Oacute;N RESPONDE\u00a0\u00bb, con la presencia de Alberto Garz&oacute;n, diputado de IU en el Congreso de los diputados.<\/strong><br \/>S&aacute;bado 16 de febrero, a las 12&acute;00 horas, en la plaza de la Monta&ntilde;eta.<br \/>Organiza: Esquerra Unida.<\/span><\/div>\n<div><span><br \/><\/span><\/div>\n<div><span><strong>MANIFESTACI&Oacute;N \u00ab\u00a0POR EL DERECHO A LA VIVIENDA. CONTRA EL TERRORISMO FINANCIERO\u00a0\u00bb&nbsp;<\/strong><br \/>S&aacute;bado 16 de febrero, a las 18&acute;00 horas, desde la calle Maestro Alonso, a la altura del Hospital General de Alicante.<br \/>Convocan: Stop Desahucios y Plataforma de Afectados por la Hipoteca.<\/span><\/div>\n<div><span><br \/><\/span><\/div>\n<div><span><br \/><\/span><\/div>\n","protected":false},"author":63,"featured_media":0,"comment_status":"closed","ping_status":"closed","sticky":false,"template":"","format":"standard","meta":{"footnotes":""},"categories":[31],"tags":[],"class_list":["post-438","post","type-post","status-publish","format-standard","hentry","category-fils-rss"],"_links":{"self":[{"href":"https:\/\/radioalma.eu\/horizonte\/wp-json\/wp\/v2\/posts\/438","targetHints":{"allow":["GET"]}}],"collection":[{"href":"https:\/\/radioalma.eu\/horizonte\/wp-json\/wp\/v2\/posts"}],"about":[{"href":"https:\/\/radioalma.eu\/horizonte\/wp-json\/wp\/v2\/types\/post"}],"author":[{"embeddable":true,"href":"https:\/\/radioalma.eu\/horizonte\/wp-json\/wp\/v2\/users\/63"}],"replies":[{"embeddable":true,"href":"https:\/\/radioalma.eu\/horizonte\/wp-json\/wp\/v2\/comments?post=438"}],"version-history":[{"count":0,"href":"https:\/\/radioalma.eu\/horizonte\/wp-json\/wp\/v2\/posts\/438\/revisions"}],"wp:attachment":[{"href":"https:\/\/radioalma.eu\/horizonte\/wp-json\/wp\/v2\/media?parent=438"}],"wp:term":[{"taxonomy":"category","embeddable":true,"href":"https:\/\/radioalma.eu\/horizonte\/wp-json\/wp\/v2\/categories?post=438"},{"taxonomy":"post_tag","embeddable":true,"href":"https:\/\/radioalma.eu\/horizonte\/wp-json\/wp\/v2\/tags?post=438"}],"curies":[{"name":"wp","href":"https:\/\/api.w.org\/{rel}","templated":true}]}}