{"id":442,"date":"2013-02-07T10:44:00","date_gmt":"2013-02-07T09:44:00","guid":{"rendered":"http:\/\/radioalma.eu\/horizonte\/?guid=263a1568d1fe21817e012d00cd447e4e"},"modified":"2013-02-08T09:48:45","modified_gmt":"2013-02-08T08:48:45","slug":"carnaval-alicante-2013","status":"publish","type":"post","link":"https:\/\/radioalma.eu\/horizonte\/2013\/02\/07\/carnaval-alicante-2013\/","title":{"rendered":"Carnaval Alicante 2013"},"content":{"rendered":"<div class=\"separator\" style=\"clear: both; text-align: center;\"><a href=\"http:\/\/3.bp.blogspot.com\/-ag9E2N5OZrU\/URN3VsAI6sI\/AAAAAAAABEw\/s-4MhYeA9xY\/s1600\/ArtegaliaCarnaval+.jpg\" imageanchor=\"1\" style=\"margin-left: 1em; margin-right: 1em;\"><img decoding=\"async\" border=\"0\" height=\"123\" src=\"http:\/\/3.bp.blogspot.com\/-ag9E2N5OZrU\/URN3VsAI6sI\/AAAAAAAABEw\/s-4MhYeA9xY\/s320\/ArtegaliaCarnaval+.jpg\" width=\"320\" \/><\/a><\/div>\n<p>Lo prometido es deuda. Aqu\u00ed tienes toda la informaci\u00f3n de todo lo que se realizar\u00e1 durante estos d\u00edas de <b>Carnaval<\/b>.<\/p>\n<h3><span style=\"color: orange;\">Jueves 7 de febrero: DIJOUS GRAS<\/span><\/h3>\n<p>21:30 h. Concentraci\u00f3n de las hordas carnavaleras en la Plaza de Palmeretes y desfile del Rey MOMO hasta la Plaza de Quijano.<br \/>23:00h. Salchichada popular y gratis \u00ab\u00a0para todos los puercos, cerdos e hijos de Don Carnal\u00a0\u00bb en la Plaza Quijano.<br \/>23:30h. Gran Ball de Dimonis. Act\u00faan La Terapia + \u00a0\u00bb JAM DIMONICA\u00a0\u00bb hasta las 4:00<\/p>\n<h3><span style=\"color: orange;\">Viernes 8 de febrero: DIVENDRES DE PREG\u00d3<\/span><\/h3>\n<p>18:00h. Acci\u00f3n de protesta carnavalera. (Pza. Quijano).<br \/>23:00h. Auto de Carnaval 2013: \u201cLa manta al coll i a Quij_ano\u201d. \u00ab\u00a0Este a\u00f1o la Cuaresma se adelanta una semana y vienen a dar el Preg\u00f3n Do\u00f1a Dolores Fuertes de Cospedal acompa\u00f1ada de Luis B\u00e1rcenas. \u00bfC\u00f3mo conyo apa\u00f1ar\u00e1 la plaza Don Carnal?\u00a0\u00bb https:\/\/www.facebook.com\/events\/503327616386211<br \/>24:00h. Conciertos y verbena con KALASHNIFONK, MISERIA y DJ Vi\u00f1a MAREA ROCK<\/p>\n<h3><span style=\"color: orange;\">S\u00e1bado 9 de febrero: CARNAVAL INFANTIL Y DISSABTE RAMBLERO<\/span><\/h3>\n<p>18:00h. Carnaval infantil. (Plaza de toros- Quijano). Cercavila con BATUKADA a cargo de Pan de Az\u00facar, Ciudad de los Colores y Carnavalia desde Plaza de Toros hacia la Rambla y posterior llegada a Plaza de Quijano. Verbena Infantil a cargo de Dj\u2019 Xiki y Concurso de Disfraces para NANOS. Regalos para los carricoches m\u00e1s tuneados. En la Rambla, espect\u00e1culo de baile y canciones para toda la familia con Pim Pam Plum.<br \/>21:00-4:00h. Dissabte Ramblero<br \/>21:00h. Concert de Dimonis en la Plaza de Quijano.<br \/>22:00h. Verbena de Carnaval Rock, en la Plaza de Quijano<br \/>22:30 h. Verbenas del S\u00e1bado Ramblero en la Rambla de M\u00e9ndez N\u00fa\u00f1ez. M\u00fasica y fiesta.<br \/>02:00h. Concurso de disfraces individual y colecto. \u00ab\u00a0Jugosos y libidinosos\u00a0\u00bb premios en el RAC\u00d3 DE LA MEKA, este a\u00f1o en la Plaza de Quijano. Dj&rsquo; At\u00fan Calvo pondr\u00e1 las delicias para los all\u00ed presentes.<br \/>\u00ab\u00a0Se valorar\u00e1 s\u00e1tira y cr\u00edtica en los disfraces\u00a0\u00bb.<\/p>\n<h3><span style=\"color: orange;\">&nbsp;Domingo 10 de febrero: DOMINGO DE RESACA<\/span><\/h3>\n<h3><span style=\"color: orange;\">&nbsp;Martes 12 de febrero: DIMARTS DE CARNAVAL<\/span><\/h3>\n<p>21:00h. Plaza de San Cristobal. Procesi\u00f3n y manteo del PELELE en Plaza Santa Faz. Y Tornada a Plaza de San Cristobal.<\/p>\n<h3><span style=\"color: orange;\">&nbsp;Mi\u00e9rcoles 13 de febrero: SOTERRAMENT DE LA SARDINA<\/span><\/h3>\n<p>21:00h. VELATORIO en el Pante\u00f3n De Quijano (junto Plaza de Toros): Libro de firmas, letan\u00edas, roscos de an\u00eds en 2D y mistela Hacendina. Abst\u00e9nganse abuelas \u201croba-rosquillas\u201d.<br \/>22:00 h. Cortejo funebre hasta Plaza del Carmen, donde ser\u00e1 incinerada entre llantos desconsolados y rezos carnales.<br \/>23:00 h. Actuaci\u00f3n de EL MU\u00d1ECO DIAB\u00c9TICO<\/p>\n<h3><span style=\"color: orange;\">&nbsp;Domingo 17 de febrero: DIUMENGE DE PINYATA<\/span><\/h3>\n<p>12:00 &#8211; 14:00 h. Las pe\u00f1as de carnaval este a\u00f1o han escogido el Boulevard del Pla para este cierre infantil del Carnaval 2013.<br \/>12:00h. TALLERES DE CARNAVAL<br \/>13:00h. CONCIERTO PARA PEKES a cargo de LA ASOCIACI\u00d3N DE CANTAUTORES \u201cLA EXPLANADA\u201d<br \/>14:00h. PINYATAS ..<\/p>\n","protected":false},"excerpt":{"rendered":"<div><a href=\"http:\/\/3.bp.blogspot.com\/-ag9E2N5OZrU\/URN3VsAI6sI\/AAAAAAAABEw\/s-4MhYeA9xY\/s1600\/ArtegaliaCarnaval+.jpg\"><img decoding=\"async\" border=\"0\" height=\"123\" src=\"http:\/\/3.bp.blogspot.com\/-ag9E2N5OZrU\/URN3VsAI6sI\/AAAAAAAABEw\/s-4MhYeA9xY\/s320\/ArtegaliaCarnaval+.jpg\" width=\"320\"><\/a><\/div>\n<p>Lo prometido es deuda. Aqu&iacute; tienes toda la informaci&oacute;n de todo lo que se realizar&aacute; durante estos d&iacute;as de <b>Carnaval<\/b>.<\/p>\n<h3><span>Jueves 7 de febrero: DIJOUS GRAS<\/span><\/h3>\n<p>21:30 h. Concentraci&oacute;n de las hordas carnavaleras en la Plaza de Palmeretes y desfile del Rey MOMO hasta la Plaza de Quijano.<br \/>23:00h. Salchichada popular y gratis \u00ab\u00a0para todos los puercos, cerdos e hijos de Don Carnal\u00a0\u00bb en la Plaza Quijano.<br \/>23:30h. Gran Ball de Dimonis. Act&uacute;an La Terapia + \u00a0\u00bb JAM DIMONICA\u00a0\u00bb hasta las 4:00<\/p>\n<h3><span>Viernes 8 de febrero: DIVENDRES DE PREG&Oacute;<\/span><\/h3>\n<p>18:00h. Acci&oacute;n de protesta carnavalera. (Pza. Quijano).<br \/>23:00h. Auto de Carnaval 2013: &ldquo;La manta al coll i a Quij_ano&rdquo;. \u00ab\u00a0Este a&ntilde;o la Cuaresma se adelanta una semana y vienen a dar el Preg&oacute;n Do&ntilde;a Dolores Fuertes de Cospedal acompa&ntilde;ada de Luis B&aacute;rcenas. &iquest;C&oacute;mo conyo apa&ntilde;ar&aacute; la plaza Don Carnal?\u00a0\u00bb https:\/\/www.facebook.com\/events\/503327616386211<br \/>24:00h. Conciertos y verbena con KALASHNIFONK, MISERIA y DJ Vi&ntilde;a MAREA ROCK<\/p>\n<h3><span>S&aacute;bado 9 de febrero: CARNAVAL INFANTIL Y DISSABTE RAMBLERO<\/span><\/h3>\n<p>18:00h. Carnaval infantil. (Plaza de toros- Quijano). Cercavila con BATUKADA a cargo de Pan de Az&uacute;car, Ciudad de los Colores y Carnavalia desde Plaza de Toros hacia la Rambla y posterior llegada a Plaza de Quijano. Verbena Infantil a cargo de Dj&rsquo; Xiki y Concurso de Disfraces para NANOS. Regalos para los carricoches m&aacute;s tuneados. En la Rambla, espect&aacute;culo de baile y canciones para toda la familia con Pim Pam Plum.<br \/>21:00-4:00h. Dissabte Ramblero<br \/>21:00h. Concert de Dimonis en la Plaza de Quijano.<br \/>22:00h. Verbena de Carnaval Rock, en la Plaza de Quijano<br \/>22:30 h. Verbenas del S&aacute;bado Ramblero en la Rambla de M&eacute;ndez N&uacute;&ntilde;ez. M&uacute;sica y fiesta.<br \/>02:00h. Concurso de disfraces individual y colecto. \u00ab\u00a0Jugosos y libidinosos\u00a0\u00bb premios en el RAC&Oacute; DE LA MEKA, este a&ntilde;o en la Plaza de Quijano. Dj&rsquo; At&uacute;n Calvo pondr&aacute; las delicias para los all&iacute; presentes.<br \/>\u00ab\u00a0Se valorar&aacute; s&aacute;tira y cr&iacute;tica en los disfraces\u00a0\u00bb.<\/p>\n<h3><span>&nbsp;Domingo 10 de febrero: DOMINGO DE RESACA<\/span><\/h3>\n<h3><span>&nbsp;Martes 12 de febrero: DIMARTS DE CARNAVAL<\/span><\/h3>\n<p>21:00h. Plaza de San Cristobal. Procesi&oacute;n y manteo del PELELE en Plaza Santa Faz. Y Tornada a Plaza de San Cristobal.<\/p>\n<h3><span>&nbsp;Mi&eacute;rcoles 13 de febrero: SOTERRAMENT DE LA SARDINA<\/span><\/h3>\n<p>21:00h. VELATORIO en el Pante&oacute;n De Quijano (junto Plaza de Toros): Libro de firmas, letan&iacute;as, roscos de an&iacute;s en 2D y mistela Hacendina. Abst&eacute;nganse abuelas &ldquo;roba-rosquillas&rdquo;.<br \/>22:00 h. Cortejo funebre hasta Plaza del Carmen, donde ser&aacute; incinerada entre llantos desconsolados y rezos carnales.<br \/>23:00 h. Actuaci&oacute;n de EL MU&Ntilde;ECO DIAB&Eacute;TICO<\/p>\n<h3><span>&nbsp;Domingo 17 de febrero: DIUMENGE DE PINYATA<\/span><\/h3>\n<p>12:00 &#8211; 14:00 h. Las pe&ntilde;as de carnaval este a&ntilde;o han escogido el Boulevard del Pla para este cierre infantil del Carnaval 2013.<br \/>12:00h. TALLERES DE CARNAVAL<br \/>13:00h. CONCIERTO PARA PEKES a cargo de LA ASOCIACI&Oacute;N DE CANTAUTORES &ldquo;LA EXPLANADA&rdquo;<br \/>14:00h. PINYATAS ..<\/p>\n","protected":false},"author":63,"featured_media":0,"comment_status":"closed","ping_status":"closed","sticky":false,"template":"","format":"standard","meta":{"footnotes":""},"categories":[31],"tags":[],"class_list":["post-442","post","type-post","status-publish","format-standard","hentry","category-fils-rss"],"_links":{"self":[{"href":"https:\/\/radioalma.eu\/horizonte\/wp-json\/wp\/v2\/posts\/442","targetHints":{"allow":["GET"]}}],"collection":[{"href":"https:\/\/radioalma.eu\/horizonte\/wp-json\/wp\/v2\/posts"}],"about":[{"href":"https:\/\/radioalma.eu\/horizonte\/wp-json\/wp\/v2\/types\/post"}],"author":[{"embeddable":true,"href":"https:\/\/radioalma.eu\/horizonte\/wp-json\/wp\/v2\/users\/63"}],"replies":[{"embeddable":true,"href":"https:\/\/radioalma.eu\/horizonte\/wp-json\/wp\/v2\/comments?post=442"}],"version-history":[{"count":0,"href":"https:\/\/radioalma.eu\/horizonte\/wp-json\/wp\/v2\/posts\/442\/revisions"}],"wp:attachment":[{"href":"https:\/\/radioalma.eu\/horizonte\/wp-json\/wp\/v2\/media?parent=442"}],"wp:term":[{"taxonomy":"category","embeddable":true,"href":"https:\/\/radioalma.eu\/horizonte\/wp-json\/wp\/v2\/categories?post=442"},{"taxonomy":"post_tag","embeddable":true,"href":"https:\/\/radioalma.eu\/horizonte\/wp-json\/wp\/v2\/tags?post=442"}],"curies":[{"name":"wp","href":"https:\/\/api.w.org\/{rel}","templated":true}]}}