{"id":444,"date":"2013-02-07T09:01:00","date_gmt":"2013-02-07T08:01:00","guid":{"rendered":"http:\/\/radioalma.eu\/horizonte\/?guid=352ad0eb7fdbea5b3aa6f31641d8665d"},"modified":"2013-02-07T09:02:25","modified_gmt":"2013-02-07T08:02:25","slug":"artegalia-2013-02-07-090100","status":"publish","type":"post","link":"https:\/\/radioalma.eu\/horizonte\/2013\/02\/07\/artegalia-2013-02-07-090100\/","title":{"rendered":"artegalia 2013-02-07 09:01:00"},"content":{"rendered":"<p><\/p>\n<div align=\"center\" style=\"background-color: white; font-family: arial, sans-serif; font-size: 13px; line-height: 14.25pt; text-align: center;\"><b><span style=\"font-family: Arial, sans-serif; font-size: 14pt;\"><span style=\"color: red;\">Mesa Redonda \u00ab\u00a0Desigualdad y empobrecimiento local\u00a0\u00bb<\/span><\/span><\/b><span style=\"color: #222222; font-size: x-small;\"><span style=\"font-family: Arial, sans-serif; font-size: 10pt;\"><\/span><\/span><\/div>\n<div align=\"center\" style=\"background-color: white; color: #222222; font-family: arial, sans-serif; font-size: 13px; line-height: 14.25pt; text-align: center;\"><b><span style=\"font-family: Arial, sans-serif; font-size: 10pt;\">Jueves 14 de febrero de 2013, 20.15h<\/span><\/b><span style=\"font-family: Arial, sans-serif; font-size: 10pt;\"><\/span><\/div>\n<div align=\"center\" style=\"background-color: white; color: #222222; font-family: arial, sans-serif; font-size: 13px; line-height: 14.25pt; text-align: center;\"><b><span style=\"font-family: Arial, sans-serif; font-size: 10pt;\">Sede Universitaria Ciudad de Alicante<\/span><\/b><span style=\"font-family: Arial, sans-serif; font-size: 10pt;\"><\/span><\/div>\n<div style=\"background-color: white; color: #222222; font-family: arial, sans-serif; font-size: 13px; line-height: 14.25pt; text-align: justify;\"><\/div>\n<div style=\"background-color: white; color: #222222; font-family: arial, sans-serif; font-size: 13px; text-align: justify;\"><span style=\"font-family: Arial, sans-serif; font-size: 10pt;\">La<\/span><span style=\"font-family: Arial, sans-serif; font-size: 10pt;\">&nbsp;<\/span><b><span style=\"font-family: Arial, sans-serif; font-size: 10pt;\">Plataforma de Iniciativas Ciudadanas<\/span><\/b><span style=\"font-family: Arial, sans-serif; font-size: 10pt;\">&nbsp;<\/span><span style=\"font-family: Arial, sans-serif; font-size: 10pt;\">(PIC) de Alicante y el colectivo<\/span><span style=\"font-family: Arial, sans-serif; font-size: 10pt;\">&nbsp;<\/span><b><span style=\"font-family: Arial, sans-serif; font-size: 10pt;\">ATTAC-Alacant&nbsp;<\/span><\/b><span style=\"font-family: Arial, sans-serif; font-size: 10pt;\">han organizado para el pr\u00f3ximo<\/span><span style=\"font-family: Arial, sans-serif; font-size: 10pt;\">&nbsp;<\/span><b><span style=\"font-family: Arial, sans-serif; font-size: 10pt;\">jueves 14 de febrero<\/span><\/b><span style=\"font-family: Arial, sans-serif; font-size: 10pt;\">&nbsp;<\/span><span style=\"font-family: Arial, sans-serif; font-size: 10pt;\">la tercera mesa redonda del ciclo&nbsp;<b><i>Crisis Global y el espacio local<\/i><\/b>, bajo el t\u00edtulo \u00ab\u00a0Desigualdad y empobrecimiento local\u00a0\u00bb.<\/span><\/div>\n<div style=\"background-color: white; color: #222222; font-family: arial, sans-serif; font-size: 13px; text-align: justify;\"><span style=\"font-family: Arial, sans-serif; font-size: 10pt;\">En ella se pretende analizar las causas y las consecuencias de las desigualdades en la ciudad de Alicante, con especial referencia a los colectivos m\u00e1s afectados por la exclusi\u00f3n social y el empobrecimiento,&nbsp;as\u00ed como el debate de ideas sobre las propuestas que conducen a una ciudad m\u00e1s justa socialmente, igualitaria e inclusiva.<\/span><\/div>\n<div style=\"background-color: white; color: #222222; font-family: arial, sans-serif; font-size: 13px; text-align: justify;\"><\/div>\n<div style=\"background-color: white; color: #222222; font-family: arial, sans-serif; font-size: 13px; text-align: justify;\"><b><span style=\"font-family: Arial, sans-serif; font-size: 10pt;\">&nbsp;Participan:<\/span><\/b><span style=\"font-family: Arial, sans-serif; font-size: 10pt;\"><\/span><\/div>\n<div style=\"background-color: white; color: #222222; font-family: arial, sans-serif; font-size: 13px; text-align: justify;\"><span style=\"font-family: Arial, sans-serif; font-size: 10pt;\">&#8211;<b><i>Silvia Ram\u00edrez<\/i><\/b>, Trabajadora Social.<\/span><\/div>\n<div style=\"background-color: white; color: #222222; font-family: arial, sans-serif; font-size: 13px; text-align: justify;\"><span style=\"font-family: Arial, sans-serif; font-size: 10pt;\">&#8211;<b><i>Manuel Samper<\/i><\/b>, miembro de la Plataforma contra la Pobreza, la Desigualdad y la Exclusi\u00f3n Social en Alicante.<\/span><\/div>\n<div style=\"background-color: white; color: #222222; font-family: arial, sans-serif; font-size: 13px; text-align: justify;\"><\/div>\n<div style=\"background-color: white; color: #222222; font-family: arial, sans-serif; font-size: 13px; text-align: justify;\"><b><span style=\"font-family: Arial, sans-serif; font-size: 10pt;\">Modera:<\/span><\/b><span style=\"font-family: Arial, sans-serif; font-size: 10pt;\"><\/span><\/div>\n<div style=\"background-color: white; color: #222222; font-family: arial, sans-serif; font-size: 13px; text-align: justify;\"><span style=\"font-family: Arial, sans-serif; font-size: 10pt;\">Rafael Bonet, miembro de la PIC<\/span><\/div>\n<div style=\"background-color: white; color: #222222; font-family: arial, sans-serif; font-size: 13px; text-align: justify;\"><\/div>\n<div style=\"background-color: white; color: #222222; font-family: arial, sans-serif; font-size: 13px; text-align: justify;\"><b><span style=\"font-family: Arial, sans-serif; font-size: 10pt;\">Organizan:<\/span><\/b><span style=\"font-family: Arial, sans-serif; font-size: 10pt;\"><\/span><\/div>\n<div style=\"background-color: white; color: #222222; font-family: arial, sans-serif; font-size: 13px; text-align: justify;\"><span style=\"font-family: Arial, sans-serif; font-size: 10pt;\">PIC (Plataforma de Iniciativas Ciudadanas)<\/span><\/div>\n<div style=\"background-color: white; color: #222222; font-family: arial, sans-serif; font-size: 13px; text-align: justify;\"><span style=\"font-family: Arial, sans-serif; font-size: 10pt;\">ATTAC-Alacant<\/span><\/div>\n<div style=\"background-color: white; color: #222222; font-family: arial, sans-serif; font-size: 13px; text-align: justify;\"><span style=\"font-family: Arial, sans-serif; font-size: 10pt;\"><br \/><\/span><\/div>\n<div style=\"background-color: white; color: #222222; font-family: arial, sans-serif; font-size: 13px; text-align: justify;\"><span style=\"font-family: Arial, sans-serif; font-size: 10pt;\"><br \/><\/span><\/div>\n","protected":false},"excerpt":{"rendered":"<p><\/p>\n<div align=\"center\">\n<b><span><span>Mesa Redonda \u00ab\u00a0Desigualdad y empobrecimiento local\u00a0\u00bb<\/span><\/span><\/b><span><span><\/span><\/span>\n<\/div>\n<div align=\"center\">\n<b><span>Jueves 14 de febrero de 2013, 20.15h<\/span><\/b><span><\/span>\n<\/div>\n<div align=\"center\">\n<b><span>Sede Universitaria Ciudad de Alicante<\/span><\/b><span><\/span>\n<\/div>\n<div><\/div>\n<div>\n<span>La<\/span><span>&nbsp;<\/span><b><span>Plataforma de Iniciativas Ciudadanas<\/span><\/b><span>&nbsp;<\/span><span>(PIC) de Alicante y el colectivo<\/span><span>&nbsp;<\/span><b><span>ATTAC-Alacant&nbsp;<\/span><\/b><span>han organizado para el pr&oacute;ximo<\/span><span>&nbsp;<\/span><b><span>jueves 14 de febrero<\/span><\/b><span>&nbsp;<\/span><span>la tercera mesa redonda del ciclo&nbsp;<b><i>Crisis Global y el espacio local<\/i><\/b>, bajo el t&iacute;tulo \u00ab\u00a0Desigualdad y empobrecimiento local\u00a0\u00bb.<\/span>\n<\/div>\n<div><span>En ella se pretende analizar las causas y las consecuencias de las desigualdades en la ciudad de Alicante, con especial referencia a los colectivos m&aacute;s afectados por la exclusi&oacute;n social y el empobrecimiento,&nbsp;as&iacute; como el debate de ideas sobre las propuestas que conducen a una ciudad m&aacute;s justa socialmente, igualitaria e inclusiva.<\/span><\/div>\n<div><\/div>\n<div>\n<b><span>&nbsp;Participan:<\/span><\/b><span><\/span>\n<\/div>\n<div><span>&#8211;<b><i>Silvia Ram&iacute;rez<\/i><\/b>, Trabajadora Social.<\/span><\/div>\n<div><span>&#8211;<b><i>Manuel Samper<\/i><\/b>, miembro de la Plataforma contra la Pobreza, la Desigualdad y la Exclusi&oacute;n Social en Alicante.<\/span><\/div>\n<div><\/div>\n<div>\n<b><span>Modera:<\/span><\/b><span><\/span>\n<\/div>\n<div><span>Rafael Bonet, miembro de la PIC<\/span><\/div>\n<div><\/div>\n<div>\n<b><span>Organizan:<\/span><\/b><span><\/span>\n<\/div>\n<div><span>PIC (Plataforma de Iniciativas Ciudadanas)<\/span><\/div>\n<div><span>ATTAC-Alacant<\/span><\/div>\n<div><span><br \/><\/span><\/div>\n<div><span><br \/><\/span><\/div>\n","protected":false},"author":63,"featured_media":0,"comment_status":"closed","ping_status":"closed","sticky":false,"template":"","format":"standard","meta":{"footnotes":""},"categories":[31],"tags":[],"class_list":["post-444","post","type-post","status-publish","format-standard","hentry","category-fils-rss"],"_links":{"self":[{"href":"https:\/\/radioalma.eu\/horizonte\/wp-json\/wp\/v2\/posts\/444","targetHints":{"allow":["GET"]}}],"collection":[{"href":"https:\/\/radioalma.eu\/horizonte\/wp-json\/wp\/v2\/posts"}],"about":[{"href":"https:\/\/radioalma.eu\/horizonte\/wp-json\/wp\/v2\/types\/post"}],"author":[{"embeddable":true,"href":"https:\/\/radioalma.eu\/horizonte\/wp-json\/wp\/v2\/users\/63"}],"replies":[{"embeddable":true,"href":"https:\/\/radioalma.eu\/horizonte\/wp-json\/wp\/v2\/comments?post=444"}],"version-history":[{"count":0,"href":"https:\/\/radioalma.eu\/horizonte\/wp-json\/wp\/v2\/posts\/444\/revisions"}],"wp:attachment":[{"href":"https:\/\/radioalma.eu\/horizonte\/wp-json\/wp\/v2\/media?parent=444"}],"wp:term":[{"taxonomy":"category","embeddable":true,"href":"https:\/\/radioalma.eu\/horizonte\/wp-json\/wp\/v2\/categories?post=444"},{"taxonomy":"post_tag","embeddable":true,"href":"https:\/\/radioalma.eu\/horizonte\/wp-json\/wp\/v2\/tags?post=444"}],"curies":[{"name":"wp","href":"https:\/\/api.w.org\/{rel}","templated":true}]}}