{"id":445,"date":"2013-02-06T18:57:00","date_gmt":"2013-02-06T17:57:00","guid":{"rendered":"http:\/\/radioalma.eu\/horizonte\/?guid=23964f80c2911c8332c8a19bbc1b563a"},"modified":"2013-02-06T18:57:07","modified_gmt":"2013-02-06T17:57:07","slug":"mercado-arrels-en-san-juan","status":"publish","type":"post","link":"https:\/\/radioalma.eu\/horizonte\/2013\/02\/06\/mercado-arrels-en-san-juan\/","title":{"rendered":"Mercado Arrels, en San Juan."},"content":{"rendered":"<p><\/p>\n<div style=\"background-color: white; color: #222222; font-family: arial, sans-serif; font-size: 13px; margin-bottom: 0cm;\"><span style=\"color: black;\"><span style=\"font-family: Verdana, Arial, Helvetica, sans-serif;\"><b>Vuelve el mercado&nbsp;<\/b><\/span><\/span><b><span style=\"color: black;\"><span style=\"font-family: Verdana, Arial, Helvetica, sans-serif;\">Arrels<\/span><\/span><span style=\"color: black;\"><span style=\"font-family: Verdana, Arial, Helvetica, sans-serif;\">&nbsp;a la Plaza del Ayuntamiento de Sant Joan d&rsquo;Alacant.<\/span><\/span><\/b><br \/><span style=\"color: black;\"><span style=\"font-family: Verdana, Arial, Helvetica, sans-serif;\"><br \/><\/span><\/span><\/div>\n<div style=\"background-color: white; color: #222222; font-family: arial, sans-serif; font-size: 13px; margin-bottom: 0cm;\"><span style=\"color: black;\"><span style=\"font-family: Verdana, Arial, Helvetica, sans-serif;\">L<\/span><\/span><span style=\"color: black;\"><span style=\"font-family: Verdana, Arial, Helvetica, sans-serif;\">as actividades<\/span><\/span><span style=\"color: black;\"><span style=\"font-family: Verdana, Arial, Helvetica, sans-serif;\">&nbsp;especiales de este mercado&nbsp;<\/span><\/span><span style=\"color: black;\"><span style=\"font-family: Verdana, Arial, Helvetica, sans-serif;\">de febrero&nbsp;<\/span><\/span><span style=\"color: black;\"><span style=\"font-family: Verdana, Arial, Helvetica, sans-serif;\">ser\u00e1n:<\/span><\/span><br \/><span style=\"color: black;\"><span style=\"font-family: Verdana, Arial, Helvetica, sans-serif;\">&#8211; Para los ni\u00f1os y ni\u00f1as:&nbsp;<b>taller de arcilla a las 12h<\/b><\/span><\/span><b><br \/><\/b><span style=\"color: black;\"><span style=\"font-family: Verdana, Arial, Helvetica, sans-serif;\">&#8211; Para todos y todas:&nbsp;<b>cata del nuevo aceite de oliva del&nbsp;<\/b><\/span><\/span><span style=\"color: black;\"><span style=\"font-family: Verdana, Arial, Helvetica, sans-serif;\"><b>Oli<\/b><\/span><\/span><span style=\"color: black;\"><span style=\"font-family: Verdana, Arial, Helvetica, sans-serif;\"><b>&nbsp;del Xispes<\/b>&nbsp;de la campa\u00f1a 2012-2013! Paco y M\u00aaJos\u00e9 nos ense\u00f1ar\u00e1n a apreciar las c<\/span><\/span><span style=\"color: black;\"><span style=\"font-family: Verdana, Arial, Helvetica, sans-serif;\">u<\/span><\/span><span style=\"color: black;\"><span style=\"font-family: Verdana, Arial, Helvetica, sans-serif;\">alidades de un buen aceite de oliva. Ser\u00e1&nbsp;<\/span><\/span><span style=\"color: black;\"><span style=\"font-family: Verdana, Arial, Helvetica, sans-serif;\">en su puesto<\/span><\/span><span style=\"color: black;\"><span style=\"font-family: Verdana, Arial, Helvetica, sans-serif;\">&nbsp;a las 11, 12 y 13h en punto.<\/span><\/span><br \/><span style=\"color: black;\"><span style=\"font-family: Verdana, Arial, Helvetica, sans-serif;\"><br \/><\/span><\/span><\/div>\n<div style=\"background-color: white; color: #222222; font-family: arial, sans-serif; font-size: 13px; margin-bottom: 0cm;\"><span style=\"color: black;\"><span style=\"font-family: Verdana, Arial, Helvetica, sans-serif;\">A<\/span><\/span><span style=\"color: black;\"><span style=\"font-family: Verdana, Arial, Helvetica, sans-serif;\">dem\u00e1s<\/span><\/span><span style=\"color: black;\"><span style=\"font-family: Verdana, Arial, Helvetica, sans-serif;\">&nbsp;y como siempre, contaremos con frutas y verduras, para las&nbsp;<\/span><\/span><span style=\"color: black;\"><span style=\"font-family: Verdana, Arial, Helvetica, sans-serif;\">que<\/span><\/span><span style=\"color: black;\"><span style=\"font-family: Verdana, Arial, Helvetica, sans-serif;\">&nbsp;la temporada y la estaci\u00f3n va avanzando. Disfruta de los alimentos del invierno: toda la variedad de cruc\u00edferas (br\u00f3<\/span><\/span><span style=\"color: black;\"><span style=\"font-family: Verdana, Arial, Helvetica, sans-serif;\">coli<\/span><\/span><span style=\"color: black;\"><span style=\"font-family: Verdana, Arial, Helvetica, sans-serif;\">, coliflor, romanesco, col lisa, rizada, lombarda&#8230;), puerros, espinacas y acelgas, patatas, cebollas,&nbsp;<\/span><\/span><span style=\"color: black;\"><span style=\"font-family: Verdana, Arial, Helvetica, sans-serif;\">lechugas&#8230;<\/span><\/span><br \/><span style=\"color: black;\"><span style=\"font-family: Verdana, Arial, Helvetica, sans-serif;\">No olvid<\/span><\/span><span style=\"color: black;\"><span style=\"font-family: Verdana, Arial, Helvetica, sans-serif;\">ei<\/span><\/span><span style=\"color: black;\"><span style=\"font-family: Verdana, Arial, Helvetica, sans-serif;\">s que habr\u00e1 cal\u00e7ots, un producto con mucha tradici\u00f3n&nbsp;<\/span><\/span><span style=\"color: black;\"><span style=\"font-family: Verdana, Arial, Helvetica, sans-serif;\">en<\/span><\/span><span style=\"color: black;\"><span style=\"font-family: Verdana, Arial, Helvetica, sans-serif;\">&nbsp;nuestro<\/span><\/span><span style=\"color: black;\"><span style=\"font-family: Verdana, Arial, Helvetica, sans-serif;\">s pueblos<\/span><\/span><span style=\"color: black;\"><span style=\"font-family: Verdana, Arial, Helvetica, sans-serif;\">, para compartir y disfrutar al sol del invierno.<\/span><\/span><\/div>\n<div style=\"background-color: white; color: #222222; font-family: arial, sans-serif; font-size: 13px; margin-bottom: 0cm;\"><span style=\"color: black;\"><span style=\"font-family: Verdana, Arial, Helvetica, sans-serif;\">Elena y \u00c1ngel, de Biovegetalis (cosm\u00e9tica natural), destacan este mes el Gel Facial Post-Afeitado con ingredientes vegetales de cultivo ecol\u00f3gico,&nbsp;<\/span><\/span><span style=\"color: black;\"><span style=\"font-family: Verdana, Arial, Helvetica, sans-serif;\">y comunican que han mejorado la<\/span><\/span><span style=\"color: black;\"><span style=\"font-family: Verdana, Arial, Helvetica, sans-serif;\">&nbsp;pasta dental con ra\u00edz de&nbsp;<\/span><\/span><span style=\"color: black;\"><span style=\"font-family: Verdana, Arial, Helvetica, sans-serif;\"><i>S<\/i><\/span><\/span><span style=\"color: black;\"><span style=\"font-family: Verdana, Arial, Helvetica, sans-serif;\"><i>alvadora persica<\/i><\/span><\/span><span style=\"color: black;\"><span style=\"font-family: Verdana, Arial, Helvetica, sans-serif;\">&nbsp;<\/span><\/span><span style=\"color: black;\"><span style=\"font-family: Verdana, Arial, Helvetica, sans-serif;\">(A<\/span><\/span><span style=\"color: black;\"><span style=\"font-family: Verdana, Arial, Helvetica, sans-serif;\">rak<\/span><\/span><span style=\"color: black;\"><span style=\"font-family: Verdana, Arial, Helvetica, sans-serif;\">),<\/span><\/span><span style=\"color: black;\"><span style=\"font-family: Verdana, Arial, Helvetica, sans-serif;\">a\u00f1adi\u00e9ndole estevia (<\/span><\/span><span style=\"color: black;\"><span style=\"font-family: Verdana, Arial, Helvetica, sans-serif;\">bactericida natural<\/span><\/span><span style=\"color: black;\"><span style=\"font-family: Verdana, Arial, Helvetica, sans-serif;\">)<\/span><\/span><span style=\"color: black;\"><span style=\"font-family: Verdana, Arial, Helvetica, sans-serif;\">.<\/span><\/span><br \/><span style=\"color: black;\"><span style=\"font-family: Verdana, Arial, Helvetica, sans-serif;\"><br \/><\/span><\/span><\/div>\n<div style=\"background-color: white; color: #222222; font-family: arial, sans-serif; font-size: 13px; margin-bottom: 0cm;\"><span style=\"color: black;\"><span style=\"font-family: Verdana, Arial, Helvetica, sans-serif;\">Adem\u00e1s: turrones y dulces, reposter<\/span><\/span><span style=\"color: black;\"><span style=\"font-family: Verdana, Arial, Helvetica, sans-serif;\">\u00ed<\/span><\/span><span style=\"color: black;\"><span style=\"font-family: Verdana, Arial, Helvetica, sans-serif;\">a ecol\u00f3gica, cerve<\/span><\/span><span style=\"color: black;\"><span style=\"font-family: Verdana, Arial, Helvetica, sans-serif;\">zas<\/span><\/span><span style=\"color: black;\"><span style=\"font-family: Verdana, Arial, Helvetica, sans-serif;\">, vinos, frutos secos, comidas&nbsp;<\/span><\/span><span style=\"color: black;\"><span style=\"font-family: Verdana, Arial, Helvetica, sans-serif;\">para almorzar y comer<\/span><\/span><span style=\"color: black;\"><span style=\"font-family: Verdana, Arial, Helvetica, sans-serif;\">, pan, etc.<\/span><\/span><br \/><span style=\"color: black;\"><span style=\"font-family: Verdana, Arial, Helvetica, sans-serif;\"><br \/><\/span><\/span><\/div>\n<div style=\"background-color: white; color: #222222; font-family: arial, sans-serif; font-size: 13px; margin-bottom: 0cm;\"><span style=\"color: black;\"><span style=\"font-family: Verdana, Arial, Helvetica, sans-serif;\">El banco de&nbsp;<\/span><\/span><span style=\"color: black;\"><span style=\"font-family: Verdana, Arial, Helvetica, sans-serif;\">Semillas de L&rsquo;Alacant\u00ed<\/span><\/span><span style=\"color: black;\"><span style=\"font-family: Verdana, Arial, Helvetica, sans-serif;\">, estar\u00e1&nbsp;<\/span><\/span><span style=\"color: black;\"><span style=\"font-family: Verdana, Arial, Helvetica, sans-serif;\">en el puesto<\/span><\/span><span style=\"color: black;\"><span style=\"font-family: Verdana, Arial, Helvetica, sans-serif;\">&nbsp;de informaci\u00f3n para intercambiar&nbsp;<\/span><\/span><span style=\"color: black;\"><span style=\"font-family: Verdana, Arial, Helvetica, sans-serif;\">semillas<\/span><\/span><span style=\"color: black;\"><span style=\"font-family: Verdana, Arial, Helvetica, sans-serif;\">&nbsp;e informar de su importancia para la soberan\u00eda alimentaria.<\/span><\/span><br \/><span style=\"color: black;\"><span style=\"font-family: Verdana, Arial, Helvetica, sans-serif;\"><br \/><\/span><\/span><\/div>\n<div style=\"background-color: white; color: #222222; font-family: arial, sans-serif; font-size: 13px; margin-bottom: 0cm;\"><span style=\"color: black;\"><span style=\"font-family: Verdana, Arial, Helvetica, sans-serif;\">A<\/span><\/span><span style=\"color: black;\"><span style=\"font-family: Verdana, Arial, Helvetica, sans-serif;\">dem\u00e1s en este puesto<\/span><\/span><span style=\"color: black;\"><span style=\"font-family: Verdana, Arial, Helvetica, sans-serif;\">&nbsp;podr\u00e9is encontrar toda la informaci\u00f3n de las actividades de la Plataforma por la Soberan\u00eda Alimentaria, que el primer fin de semana de marzo cel<\/span><\/span><span style=\"color: black;\"><span style=\"font-family: Verdana, Arial, Helvetica, sans-serif;\">e<\/span><\/span><span style=\"color: black;\"><span style=\"font-family: Verdana, Arial, Helvetica, sans-serif;\">brar<\/span><\/span><span style=\"color: black;\"><span style=\"font-family: Verdana, Arial, Helvetica, sans-serif;\">\u00e1<\/span><\/span><span style=\"color: black;\"><span style=\"font-family: Verdana, Arial, Helvetica, sans-serif;\">&nbsp;<\/span><\/span><span style=\"color: black;\"><span style=\"font-family: Verdana, Arial, Helvetica, sans-serif;\">la 4\u00aa Trobada pr la Terra<\/span><\/span><span style=\"color: black;\"><span style=\"font-family: Verdana, Arial, Helvetica, sans-serif;\">, donde nos&nbsp;<\/span><\/span><span style=\"color: black;\"><span style=\"font-family: Verdana, Arial, Helvetica, sans-serif;\">juntamos<\/span><\/span><span style=\"color: black;\"><span style=\"font-family: Verdana, Arial, Helvetica, sans-serif;\">&nbsp;todas las personas y colectivos que trabajamos por la soberan\u00eda alimentaria&nbsp;<\/span><\/span><span style=\"color: black;\"><span style=\"font-family: Verdana, Arial, Helvetica, sans-serif;\">en el<\/span><\/span><span style=\"color: black;\"><span style=\"font-family: Verdana, Arial, Helvetica, sans-serif;\">&nbsp;Pa\u00eds Valenciano.<\/span><\/span><br \/><span style=\"color: black;\"><span style=\"font-family: Verdana, Arial, Helvetica, sans-serif;\"><br \/><\/span><\/span><\/div>\n<div style=\"background-color: white; color: #222222; font-family: arial, sans-serif; font-size: 13px; margin-bottom: 0cm;\"><span style=\"color: black;\"><span style=\"font-family: Verdana, Arial, Helvetica, sans-serif;\">Encuentra tambi\u00e9n libros, revistas y calendarios con la temporada natural de las frutas y verduras!<\/span><\/span><\/p>\n<p><span style=\"color: black;\"><span style=\"font-family: Verdana, Arial, Helvetica, sans-serif;\">Disfruta del domingo&nbsp;<\/span><\/span><span style=\"color: black;\"><span style=\"font-family: Verdana, Arial, Helvetica, sans-serif;\">apoyando<\/span><\/span><span style=\"color: black;\"><span style=\"font-family: Verdana, Arial, Helvetica, sans-serif;\">&nbsp;a los productores y productoras locales, disfrutando de sus productos,&nbsp;<\/span><\/span><span style=\"color: black;\"><span style=\"font-family: Verdana, Arial, Helvetica, sans-serif;\">cultivados y elaborados con&nbsp;<\/span><\/span><span style=\"color: black;\"><span style=\"font-family: Verdana, Arial, Helvetica, sans-serif;\">aprecio por lo que se hace!<\/span><\/span><\/div>\n<div style=\"background-color: white; font-size: 13px; margin-bottom: 0cm;\"><span style=\"font-family: Verdana, Arial, Helvetica, sans-serif;\"><br \/><\/span><b style=\"color: #222222; font-family: arial, sans-serif;\"><span style=\"color: black;\"><span style=\"font-family: Verdana, Arial, Helvetica, sans-serif;\">Ven al mercado&nbsp;<\/span><\/span><span style=\"color: black;\"><span style=\"font-family: Verdana, Arial, Helvetica, sans-serif;\">Arrels!<\/span><\/span><\/b><\/div>\n<div style=\"background-color: white; color: #222222; font-family: arial, sans-serif; font-size: 13px; margin-bottom: 0cm;\"><b><span style=\"color: black;\"><span style=\"font-family: Verdana, Arial, Helvetica, sans-serif;\">Visita<a href=\"http:\/\/mercatcamperolarrels.wordpress.com\/\" style=\"color: #1155cc;\" >&nbsp;nuestro blog!<\/a><\/span><\/span><\/b><\/div>\n<div class=\"yj6qo ajU\" style=\"background-color: white; color: #222222; cursor: pointer; font-family: arial, sans-serif; font-size: 13px; margin: 2px 0px 0px; outline: none; padding: 10px 0px; width: 22px;\"><\/div>\n<div class=\"yj6qo ajU\" style=\"background-color: white; color: #222222; cursor: pointer; font-family: arial, sans-serif; font-size: 13px; margin: 2px 0px 0px; outline: none; padding: 10px 0px; width: 22px;\"><\/div>\n","protected":false},"excerpt":{"rendered":"<p><\/p>\n<div>\n<span><span><b>Vuelve el mercado&nbsp;<\/b><\/span><\/span><b><span><span>Arrels<\/span><\/span><span><span>&nbsp;a la Plaza del Ayuntamiento de Sant Joan d&rsquo;Alacant.<\/span><\/span><\/b><br \/><span><span><br \/><\/span><\/span>\n<\/div>\n<div>\n<span><span>L<\/span><\/span><span><span>as actividades<\/span><\/span><span><span>&nbsp;especiales de este mercado&nbsp;<\/span><\/span><span><span>de febrero&nbsp;<\/span><\/span><span><span>ser&aacute;n:<\/span><\/span><br \/><span><span>&#8211; Para los ni&ntilde;os y ni&ntilde;as:&nbsp;<b>taller de arcilla a las 12h<\/b><\/span><\/span><b><br \/><\/b><span><span>&#8211; Para todos y todas:&nbsp;<b>cata del nuevo aceite de oliva del&nbsp;<\/b><\/span><\/span><span><span><b>Oli<\/b><\/span><\/span><span><span><b>&nbsp;del Xispes<\/b>&nbsp;de la campa&ntilde;a 2012-2013! Paco y M&ordf;Jos&eacute; nos ense&ntilde;ar&aacute;n a apreciar las c<\/span><\/span><span><span>u<\/span><\/span><span><span>alidades de un buen aceite de oliva. Ser&aacute;&nbsp;<\/span><\/span><span><span>en su puesto<\/span><\/span><span><span>&nbsp;a las 11, 12 y 13h en punto.<\/span><\/span><br \/><span><span><br \/><\/span><\/span>\n<\/div>\n<div>\n<span><span>A<\/span><\/span><span><span>dem&aacute;s<\/span><\/span><span><span>&nbsp;y como siempre, contaremos con frutas y verduras, para las&nbsp;<\/span><\/span><span><span>que<\/span><\/span><span><span>&nbsp;la temporada y la estaci&oacute;n va avanzando. Disfruta de los alimentos del invierno: toda la variedad de cruc&iacute;feras (br&oacute;<\/span><\/span><span><span>coli<\/span><\/span><span><span>, coliflor, romanesco, col lisa, rizada, lombarda&#8230;), puerros, espinacas y acelgas, patatas, cebollas,&nbsp;<\/span><\/span><span><span>lechugas&#8230;<\/span><\/span><br \/><span><span>No olvid<\/span><\/span><span><span>ei<\/span><\/span><span><span>s que habr&aacute; cal&ccedil;ots, un producto con mucha tradici&oacute;n&nbsp;<\/span><\/span><span><span>en<\/span><\/span><span><span>&nbsp;nuestro<\/span><\/span><span><span>s pueblos<\/span><\/span><span><span>, para compartir y disfrutar al sol del invierno.<\/span><\/span>\n<\/div>\n<div>\n<span><span>Elena y &Aacute;ngel, de Biovegetalis (cosm&eacute;tica natural), destacan este mes el Gel Facial Post-Afeitado con ingredientes vegetales de cultivo ecol&oacute;gico,&nbsp;<\/span><\/span><span><span>y comunican que han mejorado la<\/span><\/span><span><span>&nbsp;pasta dental con ra&iacute;z de&nbsp;<\/span><\/span><span><span><i>S<\/i><\/span><\/span><span><span><i>alvadora persica<\/i><\/span><\/span><span><span>&nbsp;<\/span><\/span><span><span>(A<\/span><\/span><span><span>rak<\/span><\/span><span><span>),<\/span><\/span><span><span>a&ntilde;adi&eacute;ndole estevia (<\/span><\/span><span><span>bactericida natural<\/span><\/span><span><span>)<\/span><\/span><span><span>.<\/span><\/span><br \/><span><span><br \/><\/span><\/span>\n<\/div>\n<div>\n<span><span>Adem&aacute;s: turrones y dulces, reposter<\/span><\/span><span><span>&iacute;<\/span><\/span><span><span>a ecol&oacute;gica, cerve<\/span><\/span><span><span>zas<\/span><\/span><span><span>, vinos, frutos secos, comidas&nbsp;<\/span><\/span><span><span>para almorzar y comer<\/span><\/span><span><span>, pan, etc.<\/span><\/span><br \/><span><span><br \/><\/span><\/span>\n<\/div>\n<div>\n<span><span>El banco de&nbsp;<\/span><\/span><span><span>Semillas de L&rsquo;Alacant&iacute;<\/span><\/span><span><span>, estar&aacute;&nbsp;<\/span><\/span><span><span>en el puesto<\/span><\/span><span><span>&nbsp;de informaci&oacute;n para intercambiar&nbsp;<\/span><\/span><span><span>semillas<\/span><\/span><span><span>&nbsp;e informar de su importancia para la soberan&iacute;a alimentaria.<\/span><\/span><br \/><span><span><br \/><\/span><\/span>\n<\/div>\n<div>\n<span><span>A<\/span><\/span><span><span>dem&aacute;s en este puesto<\/span><\/span><span><span>&nbsp;podr&eacute;is encontrar toda la informaci&oacute;n de las actividades de la Plataforma por la Soberan&iacute;a Alimentaria, que el primer fin de semana de marzo cel<\/span><\/span><span><span>e<\/span><\/span><span><span>brar<\/span><\/span><span><span>&aacute;<\/span><\/span><span><span>&nbsp;<\/span><\/span><span><span>la 4&ordf; Trobada pr la Terra<\/span><\/span><span><span>, donde nos&nbsp;<\/span><\/span><span><span>juntamos<\/span><\/span><span><span>&nbsp;todas las personas y colectivos que trabajamos por la soberan&iacute;a alimentaria&nbsp;<\/span><\/span><span><span>en el<\/span><\/span><span><span>&nbsp;Pa&iacute;s Valenciano.<\/span><\/span><br \/><span><span><br \/><\/span><\/span>\n<\/div>\n<div>\n<span><span>Encuentra tambi&eacute;n libros, revistas y calendarios con la temporada natural de las frutas y verduras!<\/span><\/span><\/p>\n<p><span><span>Disfruta del domingo&nbsp;<\/span><\/span><span><span>apoyando<\/span><\/span><span><span>&nbsp;a los productores y productoras locales, disfrutando de sus productos,&nbsp;<\/span><\/span><span><span>cultivados y elaborados con&nbsp;<\/span><\/span><span><span>aprecio por lo que se hace!<\/span><\/span>\n<\/div>\n<div>\n<span><br \/><\/span><b><span><span>Ven al mercado&nbsp;<\/span><\/span><span><span>Arrels!<\/span><\/span><\/b>\n<\/div>\n<div><b><span><span>Visita<a href=\"http:\/\/mercatcamperolarrels.wordpress.com\/\" target=\"_blank\">&nbsp;nuestro blog!<\/a><\/span><\/span><\/b><\/div>\n<div><\/div>\n<div><\/div>\n","protected":false},"author":63,"featured_media":0,"comment_status":"closed","ping_status":"closed","sticky":false,"template":"","format":"standard","meta":{"footnotes":""},"categories":[31],"tags":[],"class_list":["post-445","post","type-post","status-publish","format-standard","hentry","category-fils-rss"],"_links":{"self":[{"href":"https:\/\/radioalma.eu\/horizonte\/wp-json\/wp\/v2\/posts\/445","targetHints":{"allow":["GET"]}}],"collection":[{"href":"https:\/\/radioalma.eu\/horizonte\/wp-json\/wp\/v2\/posts"}],"about":[{"href":"https:\/\/radioalma.eu\/horizonte\/wp-json\/wp\/v2\/types\/post"}],"author":[{"embeddable":true,"href":"https:\/\/radioalma.eu\/horizonte\/wp-json\/wp\/v2\/users\/63"}],"replies":[{"embeddable":true,"href":"https:\/\/radioalma.eu\/horizonte\/wp-json\/wp\/v2\/comments?post=445"}],"version-history":[{"count":0,"href":"https:\/\/radioalma.eu\/horizonte\/wp-json\/wp\/v2\/posts\/445\/revisions"}],"wp:attachment":[{"href":"https:\/\/radioalma.eu\/horizonte\/wp-json\/wp\/v2\/media?parent=445"}],"wp:term":[{"taxonomy":"category","embeddable":true,"href":"https:\/\/radioalma.eu\/horizonte\/wp-json\/wp\/v2\/categories?post=445"},{"taxonomy":"post_tag","embeddable":true,"href":"https:\/\/radioalma.eu\/horizonte\/wp-json\/wp\/v2\/tags?post=445"}],"curies":[{"name":"wp","href":"https:\/\/api.w.org\/{rel}","templated":true}]}}