{"id":447,"date":"2013-04-03T23:26:08","date_gmt":"2013-04-03T22:26:08","guid":{"rendered":"http:\/\/radiomalva.org\/?p=10193"},"modified":"2013-04-03T23:26:08","modified_gmt":"2013-04-03T22:26:08","slug":"dolors-carrasquillatras-24-dias-abandona-la-huelga-de-hambre-pero-no-la-lucha","status":"publish","type":"post","link":"https:\/\/radioalma.eu\/horizonte\/2013\/04\/03\/dolors-carrasquillatras-24-dias-abandona-la-huelga-de-hambre-pero-no-la-lucha\/","title":{"rendered":"Dolors Carrasquilla(tras 24 dias) abandona la huelga de hambre, pero no la lucha."},"content":{"rendered":"<p>&#8220;Mi asunto en cuesti\u00f3n es muy injusto, tras 25 a\u00f1os de enfermedad y a d\u00eda de hoy 35 operaciones en una pierna me conceden una Gran Invalidez en 2009 en Catalu\u00f1a, a mi llegada a la Comunidad Valenciana en 2010 por una \u201cMilagrosa Mejor\u00eda\u201d me rebajan a una Absoluta, en la que me redujeron tambi\u00e9n [&#8230;]<img decoding=\"async\" alt=\"\" border=\"0\" src=\"http:\/\/stats.wordpress.com\/b.gif?host=radiomalva.org&#038;blog=150757&#038;%23038;post=10193&#038;%23038;subd=radiomalva&#038;%23038;ref=&#038;%23038;feed=1\" width=\"1\" height=\"1\" \/><\/p>\n","protected":false},"excerpt":{"rendered":"<p>&ldquo;Mi asunto en cuesti&oacute;n es muy injusto, tras 25 a&ntilde;os de enfermedad y a d&iacute;a de hoy 35 operaciones en una pierna me conceden una Gran Invalidez en 2009 en Catalu&ntilde;a, a mi llegada a la Comunidad Valenciana en 2010 por una &ldquo;Milagrosa Mejor&iacute;a&rdquo; me rebajan a una Absoluta, en la que me redujeron tambi&eacute;n [&#8230;]<img decoding=\"async\" alt=\"\" border=\"0\" src=\"http:\/\/stats.wordpress.com\/b.gif?host=radiomalva.org&amp;blog=150757&amp;post=10193&amp;subd=radiomalva&amp;ref=&amp;feed=1\" width=\"1\" height=\"1\"><\/p>\n","protected":false},"author":62,"featured_media":0,"comment_status":"closed","ping_status":"closed","sticky":false,"template":"","format":"standard","meta":{"footnotes":""},"categories":[31],"tags":[],"class_list":["post-447","post","type-post","status-publish","format-standard","hentry","category-fils-rss"],"_links":{"self":[{"href":"https:\/\/radioalma.eu\/horizonte\/wp-json\/wp\/v2\/posts\/447","targetHints":{"allow":["GET"]}}],"collection":[{"href":"https:\/\/radioalma.eu\/horizonte\/wp-json\/wp\/v2\/posts"}],"about":[{"href":"https:\/\/radioalma.eu\/horizonte\/wp-json\/wp\/v2\/types\/post"}],"author":[{"embeddable":true,"href":"https:\/\/radioalma.eu\/horizonte\/wp-json\/wp\/v2\/users\/62"}],"replies":[{"embeddable":true,"href":"https:\/\/radioalma.eu\/horizonte\/wp-json\/wp\/v2\/comments?post=447"}],"version-history":[{"count":0,"href":"https:\/\/radioalma.eu\/horizonte\/wp-json\/wp\/v2\/posts\/447\/revisions"}],"wp:attachment":[{"href":"https:\/\/radioalma.eu\/horizonte\/wp-json\/wp\/v2\/media?parent=447"}],"wp:term":[{"taxonomy":"category","embeddable":true,"href":"https:\/\/radioalma.eu\/horizonte\/wp-json\/wp\/v2\/categories?post=447"},{"taxonomy":"post_tag","embeddable":true,"href":"https:\/\/radioalma.eu\/horizonte\/wp-json\/wp\/v2\/tags?post=447"}],"curies":[{"name":"wp","href":"https:\/\/api.w.org\/{rel}","templated":true}]}}