{"id":450,"date":"2013-04-05T01:31:51","date_gmt":"2013-04-05T00:31:51","guid":{"rendered":"http:\/\/radiomalva.org\/?p=10245"},"modified":"2013-04-05T01:31:51","modified_gmt":"2013-04-05T00:31:51","slug":"argentina-condenan-a-50-anos-al-exdictador-argentino-videla-por-el-robo-de-bebes-en-la-dictadura","status":"publish","type":"post","link":"https:\/\/radioalma.eu\/horizonte\/2013\/04\/05\/argentina-condenan-a-50-anos-al-exdictador-argentino-videla-por-el-robo-de-bebes-en-la-dictadura\/","title":{"rendered":"(((Argentina))) Condenan a 50 a\u00f1os al exdictador argentino Videla por el robo de beb\u00e9s en la dictadura"},"content":{"rendered":"<p>Jorge Rafael Videla ha escuchado su condena sin inmutarse La Justicia argentina lo condena por un delito de lesa humanidad&#8230; &#8230; como parte de un &#8220;plan de aniquilaci\u00f3n&#8221; para acabar con la &#8220;subversi\u00f3n&#8221; Las Abuelas de Plaza de Mayo llevaban 16 a\u00f1os esperando esta sentencia El exdictador argentino\u00a0Jorge Rafael Videla, de 86 a\u00f1os de edad [&#8230;]<img decoding=\"async\" alt=\"\" border=\"0\" src=\"http:\/\/stats.wordpress.com\/b.gif?host=radiomalva.org&#038;blog=150757&#038;%23038;post=10245&#038;%23038;subd=radiomalva&#038;%23038;ref=&#038;%23038;feed=1\" width=\"1\" height=\"1\" \/><\/p>\n","protected":false},"excerpt":{"rendered":"<p>Jorge Rafael Videla ha escuchado su condena sin inmutarse La Justicia argentina lo condena por un delito de lesa humanidad&hellip; &hellip; como parte de un &ldquo;plan de aniquilaci&oacute;n&rdquo; para acabar con la &ldquo;subversi&oacute;n&rdquo; Las Abuelas de Plaza de Mayo llevaban 16 a&ntilde;os esperando esta sentencia El exdictador argentino&nbsp;Jorge Rafael Videla, de 86 a&ntilde;os de edad [&#8230;]<img decoding=\"async\" alt=\"\" border=\"0\" src=\"http:\/\/stats.wordpress.com\/b.gif?host=radiomalva.org&amp;blog=150757&amp;post=10245&amp;subd=radiomalva&amp;ref=&amp;feed=1\" width=\"1\" height=\"1\"><\/p>\n","protected":false},"author":61,"featured_media":0,"comment_status":"closed","ping_status":"closed","sticky":false,"template":"","format":"standard","meta":{"footnotes":""},"categories":[31],"tags":[],"class_list":["post-450","post","type-post","status-publish","format-standard","hentry","category-fils-rss"],"_links":{"self":[{"href":"https:\/\/radioalma.eu\/horizonte\/wp-json\/wp\/v2\/posts\/450","targetHints":{"allow":["GET"]}}],"collection":[{"href":"https:\/\/radioalma.eu\/horizonte\/wp-json\/wp\/v2\/posts"}],"about":[{"href":"https:\/\/radioalma.eu\/horizonte\/wp-json\/wp\/v2\/types\/post"}],"author":[{"embeddable":true,"href":"https:\/\/radioalma.eu\/horizonte\/wp-json\/wp\/v2\/users\/61"}],"replies":[{"embeddable":true,"href":"https:\/\/radioalma.eu\/horizonte\/wp-json\/wp\/v2\/comments?post=450"}],"version-history":[{"count":0,"href":"https:\/\/radioalma.eu\/horizonte\/wp-json\/wp\/v2\/posts\/450\/revisions"}],"wp:attachment":[{"href":"https:\/\/radioalma.eu\/horizonte\/wp-json\/wp\/v2\/media?parent=450"}],"wp:term":[{"taxonomy":"category","embeddable":true,"href":"https:\/\/radioalma.eu\/horizonte\/wp-json\/wp\/v2\/categories?post=450"},{"taxonomy":"post_tag","embeddable":true,"href":"https:\/\/radioalma.eu\/horizonte\/wp-json\/wp\/v2\/tags?post=450"}],"curies":[{"name":"wp","href":"https:\/\/api.w.org\/{rel}","templated":true}]}}