{"id":454,"date":"2013-04-08T09:20:58","date_gmt":"2013-04-08T08:20:58","guid":{"rendered":"http:\/\/radioalma.eu\/horizonte\/?p=454"},"modified":"2013-04-08T09:22:44","modified_gmt":"2013-04-08T08:22:44","slug":"entrevista-a-wendy-vidal-gascon-profesora-de-baile-troisieme-emission-de-radio-solidaria-amiga","status":"publish","type":"post","link":"https:\/\/radioalma.eu\/horizonte\/2013\/04\/08\/entrevista-a-wendy-vidal-gascon-profesora-de-baile-troisieme-emission-de-radio-solidaria-amiga\/","title":{"rendered":"\u00abEntrevista a Wendy Vidal Gasc\u00f3n, profesora de Baile\u00bb Troisi\u00e8me \u00e9mission de Radio Solidaria Amiga Online"},"content":{"rendered":"<p><a href=\"http:\/\/radioalma.eu\/horizonte\/files\/2013\/03\/RadioSolidariaAmiga.jpg\"><img decoding=\"async\" class=\"aligncenter size-thumbnail wp-image-128\" alt=\"\" src=\"http:\/\/radioalma.eu\/horizonte\/files\/2013\/03\/RadioSolidariaAmiga-150x150.jpg\" width=\"150\" height=\"150\" srcset=\"https:\/\/radioalma.eu\/horizonte\/files\/2013\/03\/RadioSolidariaAmiga-150x150.jpg 150w, https:\/\/radioalma.eu\/horizonte\/files\/2013\/03\/RadioSolidariaAmiga-60x60.jpg 60w, https:\/\/radioalma.eu\/horizonte\/files\/2013\/03\/RadioSolidariaAmiga-120x120.jpg 120w, https:\/\/radioalma.eu\/horizonte\/files\/2013\/03\/RadioSolidariaAmiga.jpg 190w\" sizes=\"(max-width: 150px) 100vw, 150px\" \/><\/a><\/p>\n<p><span style=\"font-family: Arial,sans-serif\"><span style=\"font-size: medium\">Radio Solidaria Amiga Online est une radio d&rsquo;\u00e9cole produite par les \u00e9l\u00e8ves de l&rsquo;\u00e9cole primaire \u00abEl Murtal\u00bb avec l&rsquo;aide de leurs professeurs, ainsi que de la fondatrice et directrice de la station: Magdalena Galiana Lloret.<\/span><\/span><\/p>\n<p><span style=\"font-family: Arial,sans-serif\"><span style=\"font-size: medium\">Pour cette \u00e9mission, les petits \u00e9coliers de deuxi\u00e8me de primaire \u201cB\u201d, interviewent \u00e0 Wendy Vidal Gasc\u00f3n, une danseuse et professeur de danse de salon. La danse a toujours tenu une place essentielle dans la vie de cette jeune promesse de Benidorm. Il y a 26 ans, elle a d\u00e9but\u00e9 sa carri\u00e8re professionnelle comme danseuse classique au Conservatoire Municipal de Benidorm. Parall\u00e8lement \u00e0 sa passion pour la danse, elle a fait des \u00e9tudes en communication audiovisuelle. En 2009, la danse devient son principal objectif et peu de temps apr\u00e8s, avec la collaboration de la mairie de La Nucia (\u00e0 Alicante), elle d\u00e9cide de cr\u00e9er sa propre \u00e9cole de danse. Mais sa passion ne la d\u00e9vore pas et elle aime profiter de la vie avec ses amis et sa famille. Comme Wendy aime \u00e0 le souligner, \u00ab\u00a0dans cette vie il y a du temps pour tout faire\u00a0\u00bb. <\/span><\/span><\/p>\n<p><span style=\"font-family: Arial,sans-serif\"><span style=\"font-size: medium\">La danse de salon et les rythmes latinos sont les danses favorites de Wendy. Les \u00e9l\u00e8ves de \u201cEl Murtal\u201d vont d\u00e9couvrir les nombreux prix qu&rsquo;elle a gagn\u00e9s tout au long de sa carri\u00e8re professionnelle. Aujourd\u2019hui, elle d\u00e9die son temps essentiellement \u00e0 l\u2019enseignement de la danse. \u00a0<\/span><\/span><\/p>\n<p><span style=\"font-family: Arial,sans-serif\"><span style=\"font-size: medium\">Combien de temps d\u00e9die-t-elle \u00e0 la danse? Est-ce qu&rsquo;elle utilise des accessoires particuliers? Quels sont ses objectifs pour la suite de sa carri\u00e8re? <\/span><\/span><\/p>\n<p><span style=\"font-family: Arial,sans-serif\"><span style=\"font-size: medium\">Radio Solidaria Amiga nous invite pour cette rencontre. Bonne \u00e9coute!<\/span><\/span><\/p>\n<p>&nbsp;<\/p>\n<p style=\"text-align: center\"><span style=\"font-family: Arial,sans-serif\"><span style=\"font-size: medium\"><strong>(( <\/strong><b>\u00c9MISSION ))<br \/>\n<\/b><\/span><\/span><\/p>\n<p>&nbsp;<\/p>\n<p><span style=\"font-family: Arial,sans-serif\"><span style=\"font-size: medium\">Radio Solidaria Amiga Online est une radio d&rsquo;\u00e9cole r\u00e9alis\u00e9e par les \u00e9l\u00e8ves de l&rsquo;\u00e9cole primaire \u00abEl Murtal\u00bb avec l&rsquo;aide de leurs professeurs, ainsi que de la fondatrice et directrice de la station: Magdalena Galiana Lloret. Vous pouvez suivre leurs \u00e9missions sur leur blog <\/span><\/span><a href=\"http:\/\/madagali.wordpress.com\/\" target=\"_blank\"><span style=\"color: #0000ff\"><span style=\"font-family: Arial,sans-serif\"><span style=\"font-size: medium\">http:\/\/madagali.wordpress.com<\/span><\/span><\/span><\/a><\/p>\n<p><span style=\"font-family: Arial,sans-serif\"><span style=\"font-size: medium\">L&rsquo;\u00e9cole est situ\u00e9e \u00e0 Benidorm (Alicante) et l\u2019objectif de ses \u00e9missions radio est de d\u00e9velopper chez l&rsquo;\u00e9l\u00e8ve ses valeurs de solidarit\u00e9. Les professeurs utilisent le m\u00e9dia pour motiver l&rsquo;apprentissage \u00e0 l\u2019\u00e9cole, ainsi que favoriser l\u2019int\u00e9gration sociale des \u00e9l\u00e8ves en provenance d&rsquo;autres pays. Ainsi, la radio devient un outil pr\u00e9cieux pour le futur CV des \u00e9l\u00e8ves. Il les aide \u00e0 mieux s\u2019exprimer en public et \u00e0 d\u00e9velopper des contacts avec une grande vari\u00e9t\u00e9 de milieux sociaux. Ce bagage leur sera tr\u00e8s utile pour leur future vie d&rsquo;adulte. En somme, la radio leur permet d&rsquo;apprendre tout en s&rsquo;amusant, elle enrichit la convivialit\u00e9 entre les \u00e9l\u00e8ves et r\u00e9pond \u00e0 leur curiosit\u00e9.<\/span><\/span><\/p>\n<p><span style=\"font-family: Arial,sans-serif\"><span style=\"font-size: medium\">Vous \u00e9coutez cette \u00e9mission dans le cadre de \u00ab\u00a0Projet Horizonte\u00a0\u00bb. Un partenariat o\u00f9 Radio Alma cherche \u00e0 promouvoir la richesse et la diversit\u00e9 des radios associatives en espagnol qui existent dans le monde. Nous remercions \u00ab\u00a0Radio Solidaria Amiga\u00a0\u00bb pour leur collaboration \u00e0 nous aider au d\u00e9veloppement de ce projet. Cette \u00e9mission a \u00e9t\u00e9 produite avec la voix de Nicolas Bruwier, le support linguistique de Jos\u00e9 Martinez y Ferreira et la r\u00e9daction de Paloma F\u00e1bregas.<\/span><\/span><\/p>\n<p><span style=\"font-family: Arial,sans-serif\"><span style=\"font-size: medium\">Radio Solidaria Amiga \u00e9mets \u00e0 travers \u00able Net\u00bb. Vous pouvez l&rsquo;\u00e9couter sur <\/span><\/span><a href=\"http:\/\/www.radiosolidariaamiga.es\/\" target=\"_blank\"><span style=\"color: #0000ff\"><span style=\"font-family: Arial,sans-serif\"><span style=\"font-size: medium\"><span style=\"text-decoration: underline\">www.radiosolidariaamiga.es<\/span><\/span><\/span><\/span><\/a><span style=\"font-family: Arial,sans-serif\"><span style=\"font-size: medium\">\u00a0chaque vendredi \u00e0 15 heures. Vous trouverez toutes les informations relatives \u00e0 \u00ab\u00a0Proyecto Horizonte\u00bb sur notre notre blog \u00a0<\/span><\/span><a href=\"http:\/\/www.radioalma.eu\/\" target=\"_blank\"><span style=\"color: #0000ff\"><span style=\"font-family: Arial,sans-serif\"><span style=\"font-size: medium\"><span style=\"text-decoration: underline\">www.radioalma.eu<\/span><\/span><\/span><\/span><\/a><span style=\"font-family: Arial,sans-serif\"><span style=\"font-size: medium\">. Vos critiques et suggestions sont les bienvenus!<br \/>\n<\/span><\/span><\/p>\n<p>&nbsp;<\/p>\n<p><a href=\"http:\/\/radioalma.eu\/horizonte\/files\/2013\/04\/Entrevista-a-Wendy-Gasc\u00f3n.jpg\"><img fetchpriority=\"high\" decoding=\"async\" alt=\"\" src=\"http:\/\/radioalma.eu\/horizonte\/files\/2013\/04\/Entrevista-a-Wendy-Gasc\u00f3n.jpg\" width=\"1200\" height=\"900\" \/><\/a><\/p>\n<p>&nbsp;<\/p>\n<p>&nbsp;<\/p>\n","protected":false},"excerpt":{"rendered":"<p>Radio Solidaria Amiga Online est une radio d&rsquo;\u00e9cole produite par les \u00e9l\u00e8ves de l&rsquo;\u00e9cole primaire \u00abEl Murtal\u00bb avec l&rsquo;aide de leurs professeurs, ainsi que de la fondatrice et directrice de la station: Magdalena Galiana Lloret. Pour cette \u00e9mission, les petits \u00e9coliers de deuxi\u00e8me de primaire \u201cB\u201d, interviewent \u00e0 Wendy Vidal&#8230;<\/p>\n","protected":false},"author":60,"featured_media":455,"comment_status":"open","ping_status":"open","sticky":false,"template":"","format":"standard","meta":{"footnotes":""},"categories":[17],"tags":[],"class_list":["post-454","post","type-post","status-publish","format-standard","has-post-thumbnail","hentry","category-en-cours"],"_links":{"self":[{"href":"https:\/\/radioalma.eu\/horizonte\/wp-json\/wp\/v2\/posts\/454","targetHints":{"allow":["GET"]}}],"collection":[{"href":"https:\/\/radioalma.eu\/horizonte\/wp-json\/wp\/v2\/posts"}],"about":[{"href":"https:\/\/radioalma.eu\/horizonte\/wp-json\/wp\/v2\/types\/post"}],"author":[{"embeddable":true,"href":"https:\/\/radioalma.eu\/horizonte\/wp-json\/wp\/v2\/users\/60"}],"replies":[{"embeddable":true,"href":"https:\/\/radioalma.eu\/horizonte\/wp-json\/wp\/v2\/comments?post=454"}],"version-history":[{"count":0,"href":"https:\/\/radioalma.eu\/horizonte\/wp-json\/wp\/v2\/posts\/454\/revisions"}],"wp:featuredmedia":[{"embeddable":true,"href":"https:\/\/radioalma.eu\/horizonte\/wp-json\/wp\/v2\/media\/455"}],"wp:attachment":[{"href":"https:\/\/radioalma.eu\/horizonte\/wp-json\/wp\/v2\/media?parent=454"}],"wp:term":[{"taxonomy":"category","embeddable":true,"href":"https:\/\/radioalma.eu\/horizonte\/wp-json\/wp\/v2\/categories?post=454"},{"taxonomy":"post_tag","embeddable":true,"href":"https:\/\/radioalma.eu\/horizonte\/wp-json\/wp\/v2\/tags?post=454"}],"curies":[{"name":"wp","href":"https:\/\/api.w.org\/{rel}","templated":true}]}}