{"id":462,"date":"2013-04-08T16:05:16","date_gmt":"2013-04-08T15:05:16","guid":{"rendered":"http:\/\/radiomalva.org\/?p=10276"},"modified":"2013-04-08T16:05:16","modified_gmt":"2013-04-08T15:05:16","slug":"9-abril-escrache-frente-a-la-sede-del-pp","status":"publish","type":"post","link":"https:\/\/radioalma.eu\/horizonte\/2013\/04\/08\/9-abril-escrache-frente-a-la-sede-del-pp\/","title":{"rendered":"9-Abril. Escrache frente a la sede del PP"},"content":{"rendered":"<p>9-A #primaveraverde frente al PP El martes 9 en diferentes ciudades concentraci\u00f3n-escrache frente a las sedes del PP. [Atentos a las convocatorias de vuestras ciudades].\u00a0La ILP por la daci\u00f3n en pago retroactiva, el alquiler social y la moratoria de desahucios se est\u00e1 debatiendo en el Congreso. Desde la PAH hemos agotado todas las v\u00edas para [&#8230;]<img decoding=\"async\" alt=\"\" border=\"0\" src=\"http:\/\/stats.wordpress.com\/b.gif?host=radiomalva.org&#038;blog=150757&#038;%23038;post=10276&#038;%23038;subd=radiomalva&#038;%23038;ref=&#038;%23038;feed=1\" width=\"1\" height=\"1\" \/><\/p>\n","protected":false},"excerpt":{"rendered":"<p>9-A #primaveraverde frente al PP El martes 9 en diferentes ciudades concentraci&oacute;n-escrache frente a las sedes del PP. [Atentos a las convocatorias de vuestras ciudades].&nbsp;La ILP por la daci&oacute;n en pago retroactiva, el alquiler social y la moratoria de desahucios se est&aacute; debatiendo en el Congreso. Desde la PAH hemos agotado todas las v&iacute;as para [&#8230;]<img decoding=\"async\" alt=\"\" border=\"0\" src=\"http:\/\/stats.wordpress.com\/b.gif?host=radiomalva.org&amp;blog=150757&amp;post=10276&amp;subd=radiomalva&amp;ref=&amp;feed=1\" width=\"1\" height=\"1\"><\/p>\n","protected":false},"author":62,"featured_media":0,"comment_status":"closed","ping_status":"closed","sticky":false,"template":"","format":"standard","meta":{"footnotes":""},"categories":[31],"tags":[],"class_list":["post-462","post","type-post","status-publish","format-standard","hentry","category-fils-rss"],"_links":{"self":[{"href":"https:\/\/radioalma.eu\/horizonte\/wp-json\/wp\/v2\/posts\/462","targetHints":{"allow":["GET"]}}],"collection":[{"href":"https:\/\/radioalma.eu\/horizonte\/wp-json\/wp\/v2\/posts"}],"about":[{"href":"https:\/\/radioalma.eu\/horizonte\/wp-json\/wp\/v2\/types\/post"}],"author":[{"embeddable":true,"href":"https:\/\/radioalma.eu\/horizonte\/wp-json\/wp\/v2\/users\/62"}],"replies":[{"embeddable":true,"href":"https:\/\/radioalma.eu\/horizonte\/wp-json\/wp\/v2\/comments?post=462"}],"version-history":[{"count":0,"href":"https:\/\/radioalma.eu\/horizonte\/wp-json\/wp\/v2\/posts\/462\/revisions"}],"wp:attachment":[{"href":"https:\/\/radioalma.eu\/horizonte\/wp-json\/wp\/v2\/media?parent=462"}],"wp:term":[{"taxonomy":"category","embeddable":true,"href":"https:\/\/radioalma.eu\/horizonte\/wp-json\/wp\/v2\/categories?post=462"},{"taxonomy":"post_tag","embeddable":true,"href":"https:\/\/radioalma.eu\/horizonte\/wp-json\/wp\/v2\/tags?post=462"}],"curies":[{"name":"wp","href":"https:\/\/api.w.org\/{rel}","templated":true}]}}