{"id":465,"date":"2013-04-08T15:33:33","date_gmt":"2013-04-08T14:33:33","guid":{"rendered":"http:\/\/radiomalva.org\/?p=10257"},"modified":"2013-04-08T15:33:33","modified_gmt":"2013-04-08T14:33:33","slug":"toque-a-bankia","status":"publish","type":"post","link":"https:\/\/radioalma.eu\/horizonte\/2013\/04\/08\/toque-a-bankia\/","title":{"rendered":"Toque a Bankia"},"content":{"rendered":"<p>\u00bfQue qu\u00e9 es Toque a Bankia? Una herramienta web que permitir\u00e1 organizarse a gente de forma individual para actuar de forma colectiva. Todas juntas, durante un d\u00eda completo en todo el Estado (y fuera), sin riesgos de multas ni detenciones, vamos a paralizar Bankia para devolverle el control a las personas. Las exigencias ser\u00e1n claras [&#8230;]<img decoding=\"async\" alt=\"\" border=\"0\" src=\"http:\/\/stats.wordpress.com\/b.gif?host=radiomalva.org&#038;blog=150757&#038;%23038;post=10257&#038;%23038;subd=radiomalva&#038;%23038;ref=&#038;%23038;feed=1\" width=\"1\" height=\"1\" \/><\/p>\n","protected":false},"excerpt":{"rendered":"<p>&iquest;Que qu&eacute; es Toque a Bankia? Una herramienta web que permitir&aacute; organizarse a gente de forma individual para actuar de forma colectiva. Todas juntas, durante un d&iacute;a completo en todo el Estado (y fuera), sin riesgos de multas ni detenciones, vamos a paralizar Bankia para devolverle el control a las personas. Las exigencias ser&aacute;n claras [&#8230;]<img decoding=\"async\" alt=\"\" border=\"0\" src=\"http:\/\/stats.wordpress.com\/b.gif?host=radiomalva.org&amp;blog=150757&amp;post=10257&amp;subd=radiomalva&amp;ref=&amp;feed=1\" width=\"1\" height=\"1\"><\/p>\n","protected":false},"author":62,"featured_media":0,"comment_status":"closed","ping_status":"closed","sticky":false,"template":"","format":"standard","meta":{"footnotes":""},"categories":[31],"tags":[],"class_list":["post-465","post","type-post","status-publish","format-standard","hentry","category-fils-rss"],"_links":{"self":[{"href":"https:\/\/radioalma.eu\/horizonte\/wp-json\/wp\/v2\/posts\/465","targetHints":{"allow":["GET"]}}],"collection":[{"href":"https:\/\/radioalma.eu\/horizonte\/wp-json\/wp\/v2\/posts"}],"about":[{"href":"https:\/\/radioalma.eu\/horizonte\/wp-json\/wp\/v2\/types\/post"}],"author":[{"embeddable":true,"href":"https:\/\/radioalma.eu\/horizonte\/wp-json\/wp\/v2\/users\/62"}],"replies":[{"embeddable":true,"href":"https:\/\/radioalma.eu\/horizonte\/wp-json\/wp\/v2\/comments?post=465"}],"version-history":[{"count":0,"href":"https:\/\/radioalma.eu\/horizonte\/wp-json\/wp\/v2\/posts\/465\/revisions"}],"wp:attachment":[{"href":"https:\/\/radioalma.eu\/horizonte\/wp-json\/wp\/v2\/media?parent=465"}],"wp:term":[{"taxonomy":"category","embeddable":true,"href":"https:\/\/radioalma.eu\/horizonte\/wp-json\/wp\/v2\/categories?post=465"},{"taxonomy":"post_tag","embeddable":true,"href":"https:\/\/radioalma.eu\/horizonte\/wp-json\/wp\/v2\/tags?post=465"}],"curies":[{"name":"wp","href":"https:\/\/api.w.org\/{rel}","templated":true}]}}