{"id":466,"date":"2013-04-09T07:18:00","date_gmt":"2013-04-09T06:18:00","guid":{"rendered":"http:\/\/radioalma.eu\/horizonte\/?guid=5d60c23775cc836882c2c883686fc378"},"modified":"2013-04-09T07:18:37","modified_gmt":"2013-04-09T06:18:37","slug":"artegalia-2013-04-09-071800","status":"publish","type":"post","link":"https:\/\/radioalma.eu\/horizonte\/2013\/04\/09\/artegalia-2013-04-09-071800\/","title":{"rendered":"artegalia 2013-04-09 07:18:00"},"content":{"rendered":"<p><\/p>\n<div style=\"font-family: arial,sans-serif; font-size: 13px; text-align: center;\"><span style=\"color: red;\"><span style=\"font-size: x-large;\">CONCENTRACI\u00d3N-ESCRACHE EN LA SEDE DEL PP &#8211;  ALICANTE<\/span><\/span><\/div>\n<div style=\"font-family: arial,sans-serif; font-size: 13px; text-align: center;\"><span style=\"color: red; font-size: medium;\"><b>Acci\u00f3n de las PAHs a nivel estatal<\/b><\/span><\/div>\n<div style=\"font-family: arial,sans-serif; font-size: 13px;\"><span style=\"color: #333333; font-family: Georgia, Bitstream Charter, serif;\"><span style=\"font-size: 14px; line-height: 23px;\"><br \/><\/span><\/span><\/div>\n<div style=\"font-family: arial,sans-serif; font-size: 13px;\">\n<div style=\"text-align: center;\"><b><span style=\"font-size: x-large;\">Martes, 9 de  Abril<\/span><\/b><\/div>\n<p><span style=\"font-family: arial, helvetica, sans-serif; font-size: medium;\"><\/p>\n<div style=\"font-family: arial,sans-serif; text-align: center;\"><b>11:00 h &#8211;  Avda. Salamanca 14<\/b><\/div>\n<div style=\"font-family: arial,sans-serif; text-align: center;\"><b><br \/><\/b><\/div>\n<div style=\"font-family: arial,sans-serif; text-align: center;\"><b><a href=\"http:\/\/www.facebook.com\/events\/576555545702655\/\"  title=\"blocked::http:\/\/www.facebook.com\/events\/576555545702655\/\">Evento  Facebook<\/a><\/b><\/div>\n<div style=\"font-family: arial,sans-serif; text-align: center;\"><\/div>\n<div style=\"font-family: arial, sans-serif;\"><span style=\"color: #333333; font-family: 'lucida grande',tahoma,verdana,arial,sans-serif; font-size: 13px; line-height: 16px;\">La  ILP por la daci\u00f3n en pago retroactiva, el alquiler social y la moratoria de  desahucios se est\u00e1 debatiendo en el Congreso. Desde la PAH hemos agotado todas  las v\u00edas para cambiar una ley injusta que condena a miles de personas, que  beneficia a una banca criminal rescatada con miles de millones de dinero  p\u00fablico.<\/p>\n<p>La ILP avalada por 1.402.854 firmas se acept\u00f3 a tr\u00e1mite gracias  a la presi\u00f3n social. Cuando todo el mundo lo daba por perdido, pero desde la PAH  sabemos que no podemos permitirnos el lujo de tirar la toalla. Porque hay  literalmente vidas en juego.<\/p>\n<p>El PP ha hecho un burdo intento de  criminalizar la campa\u00f1a de escraches informativos a los diputados del PP para  desviar la atenci\u00f3n, porque las demandas de la ILP tienen el apoyo del 90% de la  ciudadan\u00eda, y el Tribunal de Justica de la Uni\u00f3n Europea ha declarado que los  desahucios son ilegales, que durante todo este tiempo se han vulnerado los  derechos humanos sistem\u00e1ticamente. Lo que la ciudadan\u00eda hace cuatro a\u00f1os que  denuncia, ahora tambi\u00e9n lo dice Europa. Los desahucios son ilegales.<br \/>Hay que  cambiar la ley, y las soluciones est\u00e1n encima de la mesa: en la ILP  hipotecaria.<\/p>\n<p>Se ha acabado el plazo de enmiendas. Las enmiendas del PP  son una rebaja sustancial de las propuestas de la ILP. Y la ILP son propuestas  de m\u00ednimos, siempre lo hemos dicho. Vivimos en una democracia secuestrada por  los intereses de los lobbies financieros. Unos lobbies a los que solo la  ciudadan\u00eda ha plantado cara. Y el Partido Popular ahora tiene la obligaci\u00f3n de  escuchar el clamor popular, est\u00e1 en manos sus manos aceptar las demandas de la  ciudadan\u00eda, o continuar perpetuando una situaci\u00f3n que condena a miles de  personas a una muerte civil.<\/p>\n<p>Frente a la presi\u00f3n de los lobbies  financieros es m\u00e1s necesaria que nunca la presi\u00f3n social.<\/p>\n<p><b>S\u00ed Se  Puede.<\/b><\/span><\/div>\n<div style=\"font-family: arial, sans-serif;\"><span style=\"color: #333333; font-family: 'lucida grande',tahoma,verdana,arial,sans-serif; font-size: 13px; line-height: 16px;\"><b><br \/><\/b><\/span><\/div>\n<div style=\"font-family: arial, sans-serif;\"><span style=\"color: #333333; font-family: 'lucida grande',tahoma,verdana,arial,sans-serif; font-size: 13px; line-height: 16px;\"><b><br \/><\/b><\/span><\/div>\n<div style=\"font-family: arial, sans-serif;\"><span style=\"color: #333333; font-family: 'lucida grande',tahoma,verdana,arial,sans-serif; font-size: 13px; line-height: 16px;\"><b><br \/><\/b><\/span><\/div>\n<p><\/span><\/div>\n","protected":false},"excerpt":{"rendered":"<p><\/p>\n<div><span><span>CONCENTRACI&Oacute;N-ESCRACHE EN LA SEDE DEL PP &#8211;  ALICANTE<\/span><\/span><\/div>\n<div><span><b>Acci&oacute;n de las PAHs a nivel estatal<\/b><\/span><\/div>\n<div><span><span><br \/><\/span><\/span><\/div>\n<div>\n<div><b><span>Martes, 9 de  Abril<\/span><\/b><\/div>\n<p><span><\/p>\n<div><b>11:00 h &#8211;  Avda. Salamanca 14<\/b><\/div>\n<div><b><br \/><\/b><\/div>\n<div><b><a href=\"http:\/\/www.facebook.com\/events\/576555545702655\/\" target=\"_blank\" title=\"blocked::http:\/\/www.facebook.com\/events\/576555545702655\/\">Evento  Facebook<\/a><\/b><\/div>\n<div><\/div>\n<div><span>La  ILP por la daci&oacute;n en pago retroactiva, el alquiler social y la moratoria de  desahucios se est&aacute; debatiendo en el Congreso. Desde la PAH hemos agotado todas  las v&iacute;as para cambiar una ley injusta que condena a miles de personas, que  beneficia a una banca criminal rescatada con miles de millones de dinero  p&uacute;blico.<\/p>\n<p>La ILP avalada por 1.402.854 firmas se acept&oacute; a tr&aacute;mite gracias  a la presi&oacute;n social. Cuando todo el mundo lo daba por perdido, pero desde la PAH  sabemos que no podemos permitirnos el lujo de tirar la toalla. Porque hay  literalmente vidas en juego.<\/p>\n<p>El PP ha hecho un burdo intento de  criminalizar la campa&ntilde;a de escraches informativos a los diputados del PP para  desviar la atenci&oacute;n, porque las demandas de la ILP tienen el apoyo del 90% de la  ciudadan&iacute;a, y el Tribunal de Justica de la Uni&oacute;n Europea ha declarado que los  desahucios son ilegales, que durante todo este tiempo se han vulnerado los  derechos humanos sistem&aacute;ticamente. Lo que la ciudadan&iacute;a hace cuatro a&ntilde;os que  denuncia, ahora tambi&eacute;n lo dice Europa. Los desahucios son ilegales.<br \/>Hay que  cambiar la ley, y las soluciones est&aacute;n encima de la mesa: en la ILP  hipotecaria.<\/p>\n<p>Se ha acabado el plazo de enmiendas. Las enmiendas del PP  son una rebaja sustancial de las propuestas de la ILP. Y la ILP son propuestas  de m&iacute;nimos, siempre lo hemos dicho. Vivimos en una democracia secuestrada por  los intereses de los lobbies financieros. Unos lobbies a los que solo la  ciudadan&iacute;a ha plantado cara. Y el Partido Popular ahora tiene la obligaci&oacute;n de  escuchar el clamor popular, est&aacute; en manos sus manos aceptar las demandas de la  ciudadan&iacute;a, o continuar perpetuando una situaci&oacute;n que condena a miles de  personas a una muerte civil.<\/p>\n<p>Frente a la presi&oacute;n de los lobbies  financieros es m&aacute;s necesaria que nunca la presi&oacute;n social.<\/p>\n<p><b>S&iacute; Se  Puede.<\/b><\/span><\/div>\n<div><span><b><br \/><\/b><\/span><\/div>\n<div><span><b><br \/><\/b><\/span><\/div>\n<div><span><b><br \/><\/b><\/span><\/div>\n<p><\/span>\n<\/div>\n","protected":false},"author":63,"featured_media":0,"comment_status":"closed","ping_status":"closed","sticky":false,"template":"","format":"standard","meta":{"footnotes":""},"categories":[31],"tags":[],"class_list":["post-466","post","type-post","status-publish","format-standard","hentry","category-fils-rss"],"_links":{"self":[{"href":"https:\/\/radioalma.eu\/horizonte\/wp-json\/wp\/v2\/posts\/466","targetHints":{"allow":["GET"]}}],"collection":[{"href":"https:\/\/radioalma.eu\/horizonte\/wp-json\/wp\/v2\/posts"}],"about":[{"href":"https:\/\/radioalma.eu\/horizonte\/wp-json\/wp\/v2\/types\/post"}],"author":[{"embeddable":true,"href":"https:\/\/radioalma.eu\/horizonte\/wp-json\/wp\/v2\/users\/63"}],"replies":[{"embeddable":true,"href":"https:\/\/radioalma.eu\/horizonte\/wp-json\/wp\/v2\/comments?post=466"}],"version-history":[{"count":0,"href":"https:\/\/radioalma.eu\/horizonte\/wp-json\/wp\/v2\/posts\/466\/revisions"}],"wp:attachment":[{"href":"https:\/\/radioalma.eu\/horizonte\/wp-json\/wp\/v2\/media?parent=466"}],"wp:term":[{"taxonomy":"category","embeddable":true,"href":"https:\/\/radioalma.eu\/horizonte\/wp-json\/wp\/v2\/categories?post=466"},{"taxonomy":"post_tag","embeddable":true,"href":"https:\/\/radioalma.eu\/horizonte\/wp-json\/wp\/v2\/tags?post=466"}],"curies":[{"name":"wp","href":"https:\/\/api.w.org\/{rel}","templated":true}]}}