{"id":471,"date":"2013-04-11T01:31:58","date_gmt":"2013-04-11T00:31:58","guid":{"rendered":"http:\/\/radiomalva.org\/?p=10294"},"modified":"2013-04-11T01:31:58","modified_gmt":"2013-04-11T00:31:58","slug":"festa-en-suport-al-sahiri-dissabte-13-de-abril-2013","status":"publish","type":"post","link":"https:\/\/radioalma.eu\/horizonte\/2013\/04\/11\/festa-en-suport-al-sahiri-dissabte-13-de-abril-2013\/","title":{"rendered":"FESTA EN SUPORT AL SAHIRI. Dissabte 13 de Abril 2013"},"content":{"rendered":"<p>&#160; Obertura de portes 20.00h\u00a0 &#160; Hi haur\u00e0 una selecci\u00f3 dels millors bocates de la sahiri. &#160; 21.00h Magvi. M\u00e0gia de la bona&#8230;&#8230;&#8230;&#8230;. &#160; 22.00hCuando los humanos atacan. Grupuscle teatral adorador&#8230;.. &#160; 23.15h Ali farnat &#160; \u00a0Cap al gener de 2008 gent provinent d&#8217;altres grups musicals (Skaparapid, Escaramussa Folk, Fuzio Musikistaro) decidirem encetar un nou [&#8230;]<img decoding=\"async\" alt=\"\" border=\"0\" src=\"http:\/\/stats.wordpress.com\/b.gif?host=radiomalva.org&#038;blog=150757&#038;%23038;post=10294&#038;%23038;subd=radiomalva&#038;%23038;ref=&#038;%23038;feed=1\" width=\"1\" height=\"1\" \/><\/p>\n","protected":false},"excerpt":{"rendered":"<p>&nbsp; Obertura de portes 20.00h&nbsp; &nbsp; Hi haur&agrave; una selecci&oacute; dels millors bocates de la sahiri. &nbsp; 21.00h Magvi. M&agrave;gia de la bona&hellip;&hellip;&hellip;&hellip;. &nbsp; 22.00hCuando los humanos atacan. Grupuscle teatral adorador&hellip;.. &nbsp; 23.15h Ali farnat &nbsp; &nbsp;Cap al gener de 2008 gent provinent d&rsquo;altres grups musicals (Skaparapid, Escaramussa Folk, Fuzio Musikistaro) decidirem encetar un nou [&#8230;]<img decoding=\"async\" alt=\"\" border=\"0\" src=\"http:\/\/stats.wordpress.com\/b.gif?host=radiomalva.org&amp;blog=150757&amp;post=10294&amp;subd=radiomalva&amp;ref=&amp;feed=1\" width=\"1\" height=\"1\"><\/p>\n","protected":false},"author":62,"featured_media":0,"comment_status":"closed","ping_status":"closed","sticky":false,"template":"","format":"standard","meta":{"footnotes":""},"categories":[31],"tags":[],"class_list":["post-471","post","type-post","status-publish","format-standard","hentry","category-fils-rss"],"_links":{"self":[{"href":"https:\/\/radioalma.eu\/horizonte\/wp-json\/wp\/v2\/posts\/471","targetHints":{"allow":["GET"]}}],"collection":[{"href":"https:\/\/radioalma.eu\/horizonte\/wp-json\/wp\/v2\/posts"}],"about":[{"href":"https:\/\/radioalma.eu\/horizonte\/wp-json\/wp\/v2\/types\/post"}],"author":[{"embeddable":true,"href":"https:\/\/radioalma.eu\/horizonte\/wp-json\/wp\/v2\/users\/62"}],"replies":[{"embeddable":true,"href":"https:\/\/radioalma.eu\/horizonte\/wp-json\/wp\/v2\/comments?post=471"}],"version-history":[{"count":0,"href":"https:\/\/radioalma.eu\/horizonte\/wp-json\/wp\/v2\/posts\/471\/revisions"}],"wp:attachment":[{"href":"https:\/\/radioalma.eu\/horizonte\/wp-json\/wp\/v2\/media?parent=471"}],"wp:term":[{"taxonomy":"category","embeddable":true,"href":"https:\/\/radioalma.eu\/horizonte\/wp-json\/wp\/v2\/categories?post=471"},{"taxonomy":"post_tag","embeddable":true,"href":"https:\/\/radioalma.eu\/horizonte\/wp-json\/wp\/v2\/tags?post=471"}],"curies":[{"name":"wp","href":"https:\/\/api.w.org\/{rel}","templated":true}]}}