{"id":472,"date":"2013-04-11T01:27:03","date_gmt":"2013-04-11T00:27:03","guid":{"rendered":"http:\/\/radiomalva.org\/?p=10290"},"modified":"2013-04-11T01:27:03","modified_gmt":"2013-04-11T00:27:03","slug":"la-primavera-la-conciencia-altera-7-debates-para-una-primavera-rebelde","status":"publish","type":"post","link":"https:\/\/radioalma.eu\/horizonte\/2013\/04\/11\/la-primavera-la-conciencia-altera-7-debates-para-una-primavera-rebelde\/","title":{"rendered":"La Primavera la Conciencia Altera\u2026. 7 Debates para una Primavera Rebelde."},"content":{"rendered":"<p>LA PRIMAVERA LA CONCIENCIA ALTERA\u2026\u00a0 (7\u00a0DEBATES PARA UNA PRIMAVERA REBELDE). Queremos iniciar una serie de debates, orientados a estimular la formaci\u00f3n de personas que as\u00ed lo deseen, sobre asuntos de marcado peso hist\u00f3rico, relativamente recientes y sobre los que pesan muchos t\u00f3picos t\u00edpicos. En general se tiende a olvidar\u00a0que la historia tambi\u00e9n nos pertenece a [&#8230;]<img decoding=\"async\" alt=\"\" border=\"0\" src=\"http:\/\/stats.wordpress.com\/b.gif?host=radiomalva.org&#038;blog=150757&#038;%23038;post=10290&#038;%23038;subd=radiomalva&#038;%23038;ref=&#038;%23038;feed=1\" width=\"1\" height=\"1\" \/><\/p>\n","protected":false},"excerpt":{"rendered":"<p>LA PRIMAVERA LA CONCIENCIA ALTERA&hellip;&nbsp; (7&nbsp;DEBATES PARA UNA PRIMAVERA REBELDE). Queremos iniciar una serie de debates, orientados a estimular la formaci&oacute;n de personas que as&iacute; lo deseen, sobre asuntos de marcado peso hist&oacute;rico, relativamente recientes y sobre los que pesan muchos t&oacute;picos t&iacute;picos. En general se tiende a olvidar&nbsp;que la historia tambi&eacute;n nos pertenece a [&#8230;]<img decoding=\"async\" alt=\"\" border=\"0\" src=\"http:\/\/stats.wordpress.com\/b.gif?host=radiomalva.org&amp;blog=150757&amp;post=10290&amp;subd=radiomalva&amp;ref=&amp;feed=1\" width=\"1\" height=\"1\"><\/p>\n","protected":false},"author":62,"featured_media":0,"comment_status":"closed","ping_status":"closed","sticky":false,"template":"","format":"standard","meta":{"footnotes":""},"categories":[31],"tags":[],"class_list":["post-472","post","type-post","status-publish","format-standard","hentry","category-fils-rss"],"_links":{"self":[{"href":"https:\/\/radioalma.eu\/horizonte\/wp-json\/wp\/v2\/posts\/472","targetHints":{"allow":["GET"]}}],"collection":[{"href":"https:\/\/radioalma.eu\/horizonte\/wp-json\/wp\/v2\/posts"}],"about":[{"href":"https:\/\/radioalma.eu\/horizonte\/wp-json\/wp\/v2\/types\/post"}],"author":[{"embeddable":true,"href":"https:\/\/radioalma.eu\/horizonte\/wp-json\/wp\/v2\/users\/62"}],"replies":[{"embeddable":true,"href":"https:\/\/radioalma.eu\/horizonte\/wp-json\/wp\/v2\/comments?post=472"}],"version-history":[{"count":0,"href":"https:\/\/radioalma.eu\/horizonte\/wp-json\/wp\/v2\/posts\/472\/revisions"}],"wp:attachment":[{"href":"https:\/\/radioalma.eu\/horizonte\/wp-json\/wp\/v2\/media?parent=472"}],"wp:term":[{"taxonomy":"category","embeddable":true,"href":"https:\/\/radioalma.eu\/horizonte\/wp-json\/wp\/v2\/categories?post=472"},{"taxonomy":"post_tag","embeddable":true,"href":"https:\/\/radioalma.eu\/horizonte\/wp-json\/wp\/v2\/tags?post=472"}],"curies":[{"name":"wp","href":"https:\/\/api.w.org\/{rel}","templated":true}]}}