{"id":473,"date":"2013-04-11T01:54:24","date_gmt":"2013-04-11T00:54:24","guid":{"rendered":"http:\/\/radiomalva.org\/?p=10302"},"modified":"2013-04-11T01:54:24","modified_gmt":"2013-04-11T00:54:24","slug":"un-juez-de-valencia-pide-identificar-a-varios-policias-tras-admitir-una-denuncia-por-incidentes-el-14n","status":"publish","type":"post","link":"https:\/\/radioalma.eu\/horizonte\/2013\/04\/11\/un-juez-de-valencia-pide-identificar-a-varios-policias-tras-admitir-una-denuncia-por-incidentes-el-14n\/","title":{"rendered":"Un juez de Valencia pide identificar a varios polic\u00edas tras admitir una denuncia por incidentes el 14N"},"content":{"rendered":"<p>De Kaos en la Red.\u00a0 \u00a0Martes, 09 de Abril de 2013 08:35 &#160; Est\u00e1 dirigida contra el Jefe Superior de Polic\u00eda y la delegada del Gobierno. Los denunciantes fueron golpeados &#8216;sin provocaci\u00f3n alguna&#8217; mientras se refugiaban en el portal de un comercio durante la huelga general Agencias El juzgado de Instrucci\u00f3n n\u00famero 2 de Valencia [&#8230;]<img decoding=\"async\" alt=\"\" border=\"0\" src=\"http:\/\/stats.wordpress.com\/b.gif?host=radiomalva.org&#038;blog=150757&#038;%23038;post=10302&#038;%23038;subd=radiomalva&#038;%23038;ref=&#038;%23038;feed=1\" width=\"1\" height=\"1\" \/><\/p>\n","protected":false},"excerpt":{"rendered":"<p>De Kaos en la Red.&nbsp; &nbsp;Martes, 09 de Abril de 2013 08:35 &nbsp; Est&aacute; dirigida contra el Jefe Superior de Polic&iacute;a y la delegada del Gobierno. Los denunciantes fueron golpeados &lsquo;sin provocaci&oacute;n alguna&rsquo; mientras se refugiaban en el portal de un comercio durante la huelga general Agencias El juzgado de Instrucci&oacute;n n&uacute;mero 2 de Valencia [&#8230;]<img decoding=\"async\" alt=\"\" border=\"0\" src=\"http:\/\/stats.wordpress.com\/b.gif?host=radiomalva.org&amp;blog=150757&amp;post=10302&amp;subd=radiomalva&amp;ref=&amp;feed=1\" width=\"1\" height=\"1\"><\/p>\n","protected":false},"author":62,"featured_media":0,"comment_status":"closed","ping_status":"closed","sticky":false,"template":"","format":"standard","meta":{"footnotes":""},"categories":[31],"tags":[],"class_list":["post-473","post","type-post","status-publish","format-standard","hentry","category-fils-rss"],"_links":{"self":[{"href":"https:\/\/radioalma.eu\/horizonte\/wp-json\/wp\/v2\/posts\/473","targetHints":{"allow":["GET"]}}],"collection":[{"href":"https:\/\/radioalma.eu\/horizonte\/wp-json\/wp\/v2\/posts"}],"about":[{"href":"https:\/\/radioalma.eu\/horizonte\/wp-json\/wp\/v2\/types\/post"}],"author":[{"embeddable":true,"href":"https:\/\/radioalma.eu\/horizonte\/wp-json\/wp\/v2\/users\/62"}],"replies":[{"embeddable":true,"href":"https:\/\/radioalma.eu\/horizonte\/wp-json\/wp\/v2\/comments?post=473"}],"version-history":[{"count":0,"href":"https:\/\/radioalma.eu\/horizonte\/wp-json\/wp\/v2\/posts\/473\/revisions"}],"wp:attachment":[{"href":"https:\/\/radioalma.eu\/horizonte\/wp-json\/wp\/v2\/media?parent=473"}],"wp:term":[{"taxonomy":"category","embeddable":true,"href":"https:\/\/radioalma.eu\/horizonte\/wp-json\/wp\/v2\/categories?post=473"},{"taxonomy":"post_tag","embeddable":true,"href":"https:\/\/radioalma.eu\/horizonte\/wp-json\/wp\/v2\/tags?post=473"}],"curies":[{"name":"wp","href":"https:\/\/api.w.org\/{rel}","templated":true}]}}