{"id":475,"date":"2013-04-11T13:30:00","date_gmt":"2013-04-11T12:30:00","guid":{"rendered":"http:\/\/radioalma.eu\/horizonte\/?guid=dc68ea094c28e7d97844d8e1064f2e8b"},"modified":"2013-04-11T13:30:57","modified_gmt":"2013-04-11T12:30:57","slug":"frecuencia-favorable-en-radio-ritmo-getafe-programa-no26-10-04-13","status":"publish","type":"post","link":"https:\/\/radioalma.eu\/horizonte\/2013\/04\/11\/frecuencia-favorable-en-radio-ritmo-getafe-programa-no26-10-04-13\/","title":{"rendered":"Frecuencia Favorable en Radio Ritmo Getafe. Programa n\u00ba26, 10-04-13"},"content":{"rendered":"<p>Ya est\u00e1 aqu\u00ed nuestro programa 26!. En \u00e9l encontrar\u00e9is:<\/p>\n<p>&#8211; Efem\u00e9rides: d\u00eda del investigador&#8230;<br \/>&#8211; De todo coraz\u00f3n: Sara Montiel, Jos\u00e9 Luis Sampedro y m\u00e1s.<br \/>&#8211; M\u00fasica: Elton John, en solitario y un par de interesantes duetos.<br \/>&#8211; Deportes: Champions; f\u00fatbol Pro Salud Mental.<br \/>&#8211; Cine: \u00ab\u00a0Te vas a comer eso\u00a0\u00bb, eh??, escucha, escucha!<br \/>&#8211; Poes\u00eda: Joan Deo con \u00ab\u00a0Acr\u00f3stico\u00a0\u00bb y \u00ab\u00a0Bravas al alioli\u00a0\u00bb<br \/>&#8211; Naturaleza: el gato<br \/>&#8211; Colaboraci\u00f3n con Radio Alma: entrevista a Violeta Garc\u00eda, directora del Centro de D\u00eda y del EASC, de Getafe, perteneciente a la Comunidad de Madrid, gestionado por Intress.<\/p>\n<p>Esperamos que os guste!<\/p>\n","protected":false},"excerpt":{"rendered":"<p>Ya est&aacute; aqu&iacute; nuestro programa 26!. En &eacute;l encontrar&eacute;is:<\/p>\n<p>&#8211; Efem&eacute;rides: d&iacute;a del investigador&#8230;<br \/>&#8211; De todo coraz&oacute;n: Sara Montiel, Jos&eacute; Luis Sampedro y m&aacute;s.<br \/>&#8211; M&uacute;sica: Elton John, en solitario y un par de interesantes duetos.<br \/>&#8211; Deportes: Champions; f&uacute;tbol Pro Salud Mental.<br \/>&#8211; Cine: \u00ab\u00a0Te vas a comer eso\u00a0\u00bb, eh??, escucha, escucha!<br \/>&#8211; Poes&iacute;a: Joan Deo con \u00ab\u00a0Acr&oacute;stico\u00a0\u00bb y \u00ab\u00a0Bravas al alioli\u00a0\u00bb<br \/>&#8211; Naturaleza: el gato<br \/>&#8211; Colaboraci&oacute;n con Radio Alma: entrevista a Violeta Garc&iacute;a, directora del Centro de D&iacute;a y del EASC, de Getafe, perteneciente a la Comunidad de Madrid, gestionado por Intress.<\/p>\n<p>Esperamos que os guste!<\/p>\n","protected":false},"author":63,"featured_media":0,"comment_status":"closed","ping_status":"closed","sticky":false,"template":"","format":"standard","meta":{"footnotes":""},"categories":[31],"tags":[],"class_list":["post-475","post","type-post","status-publish","format-standard","hentry","category-fils-rss"],"_links":{"self":[{"href":"https:\/\/radioalma.eu\/horizonte\/wp-json\/wp\/v2\/posts\/475","targetHints":{"allow":["GET"]}}],"collection":[{"href":"https:\/\/radioalma.eu\/horizonte\/wp-json\/wp\/v2\/posts"}],"about":[{"href":"https:\/\/radioalma.eu\/horizonte\/wp-json\/wp\/v2\/types\/post"}],"author":[{"embeddable":true,"href":"https:\/\/radioalma.eu\/horizonte\/wp-json\/wp\/v2\/users\/63"}],"replies":[{"embeddable":true,"href":"https:\/\/radioalma.eu\/horizonte\/wp-json\/wp\/v2\/comments?post=475"}],"version-history":[{"count":0,"href":"https:\/\/radioalma.eu\/horizonte\/wp-json\/wp\/v2\/posts\/475\/revisions"}],"wp:attachment":[{"href":"https:\/\/radioalma.eu\/horizonte\/wp-json\/wp\/v2\/media?parent=475"}],"wp:term":[{"taxonomy":"category","embeddable":true,"href":"https:\/\/radioalma.eu\/horizonte\/wp-json\/wp\/v2\/categories?post=475"},{"taxonomy":"post_tag","embeddable":true,"href":"https:\/\/radioalma.eu\/horizonte\/wp-json\/wp\/v2\/tags?post=475"}],"curies":[{"name":"wp","href":"https:\/\/api.w.org\/{rel}","templated":true}]}}