{"id":476,"date":"2013-04-11T19:15:00","date_gmt":"2013-04-11T18:15:00","guid":{"rendered":"http:\/\/radioalma.eu\/horizonte\/?guid=df81f6be5b7fcb09e6722e7422515795"},"modified":"2013-04-11T19:15:00","modified_gmt":"2013-04-11T18:15:00","slug":"estrenamos-nueva-programacion-de-primavera","status":"publish","type":"post","link":"https:\/\/radioalma.eu\/horizonte\/2013\/04\/11\/estrenamos-nueva-programacion-de-primavera\/","title":{"rendered":"ESTRENAMOS NUEVA PROGRAMACI\u00d3N DE PRIMAVERA"},"content":{"rendered":"<p>El pr\u00f3ximo lunes Artegalia Radio inicia su nueva programaci\u00f3n de primavera. Vuelven todos nuestro programas habituales: Zona L\u00edmite, Cr\u00f3nicas de dos chicos como t\u00fa, M\u00e1s Voces Entiende, La Hora Z, Sunset Boulevard, Redesfera, El Camarote de los Marx y muchos m\u00e1s&#8230;<\/p>\n<p>Como siempre con toda la ilusi\u00f3n del momento volvemos cargados de energ\u00eda y dispuestos &nbsp;a seguir apostando por hacer una radio comprometida y cercana; apostando por la creatividad y los temas sociales y culturales.<br \/>Nuestro compromiso con la sociedad seguir\u00e1 patente en nuestros programas donde seguiremos informando de todo aquello que no suena en ning\u00fan otra emisora.<\/p>\n<p>\u00a1\u00a1\u00a1BIENVENIDOS A CASA!!!<\/p>\n<div class=\"separator\" style=\"clear: both; text-align: center;\"><a href=\"http:\/\/3.bp.blogspot.com\/-BiA7ncTYsKY\/UWb9YYCk_KI\/AAAAAAAABKM\/PhwnxjOqYvI\/s1600\/ARTEGALIA.jpg\" imageanchor=\"1\" style=\"margin-left: 1em; margin-right: 1em;\"><img decoding=\"async\" border=\"0\" height=\"84\" src=\"http:\/\/3.bp.blogspot.com\/-BiA7ncTYsKY\/UWb9YYCk_KI\/AAAAAAAABKM\/PhwnxjOqYvI\/s320\/ARTEGALIA.jpg\" width=\"320\" \/><\/a><\/div>\n","protected":false},"excerpt":{"rendered":"<p>El pr&oacute;ximo lunes Artegalia Radio inicia su nueva programaci&oacute;n de primavera. Vuelven todos nuestro programas habituales: Zona L&iacute;mite, Cr&oacute;nicas de dos chicos como t&uacute;, M&aacute;s Voces Entiende, La Hora Z, Sunset Boulevard, Redesfera, El Camarote de los Marx y muchos m&aacute;s&#8230;<\/p>\n<p>Como siempre con toda la ilusi&oacute;n del momento volvemos cargados de energ&iacute;a y dispuestos &nbsp;a seguir apostando por hacer una radio comprometida y cercana; apostando por la creatividad y los temas sociales y culturales.<br \/>Nuestro compromiso con la sociedad seguir&aacute; patente en nuestros programas donde seguiremos informando de todo aquello que no suena en ning&uacute;n otra emisora.<\/p>\n<p>&iexcl;&iexcl;&iexcl;BIENVENIDOS A CASA!!!<\/p>\n<div><a href=\"http:\/\/3.bp.blogspot.com\/-BiA7ncTYsKY\/UWb9YYCk_KI\/AAAAAAAABKM\/PhwnxjOqYvI\/s1600\/ARTEGALIA.jpg\"><img decoding=\"async\" border=\"0\" height=\"84\" src=\"http:\/\/3.bp.blogspot.com\/-BiA7ncTYsKY\/UWb9YYCk_KI\/AAAAAAAABKM\/PhwnxjOqYvI\/s320\/ARTEGALIA.jpg\" width=\"320\"><\/a><\/div>\n","protected":false},"author":63,"featured_media":0,"comment_status":"closed","ping_status":"closed","sticky":false,"template":"","format":"standard","meta":{"footnotes":""},"categories":[31],"tags":[],"class_list":["post-476","post","type-post","status-publish","format-standard","hentry","category-fils-rss"],"_links":{"self":[{"href":"https:\/\/radioalma.eu\/horizonte\/wp-json\/wp\/v2\/posts\/476","targetHints":{"allow":["GET"]}}],"collection":[{"href":"https:\/\/radioalma.eu\/horizonte\/wp-json\/wp\/v2\/posts"}],"about":[{"href":"https:\/\/radioalma.eu\/horizonte\/wp-json\/wp\/v2\/types\/post"}],"author":[{"embeddable":true,"href":"https:\/\/radioalma.eu\/horizonte\/wp-json\/wp\/v2\/users\/63"}],"replies":[{"embeddable":true,"href":"https:\/\/radioalma.eu\/horizonte\/wp-json\/wp\/v2\/comments?post=476"}],"version-history":[{"count":0,"href":"https:\/\/radioalma.eu\/horizonte\/wp-json\/wp\/v2\/posts\/476\/revisions"}],"wp:attachment":[{"href":"https:\/\/radioalma.eu\/horizonte\/wp-json\/wp\/v2\/media?parent=476"}],"wp:term":[{"taxonomy":"category","embeddable":true,"href":"https:\/\/radioalma.eu\/horizonte\/wp-json\/wp\/v2\/categories?post=476"},{"taxonomy":"post_tag","embeddable":true,"href":"https:\/\/radioalma.eu\/horizonte\/wp-json\/wp\/v2\/tags?post=476"}],"curies":[{"name":"wp","href":"https:\/\/api.w.org\/{rel}","templated":true}]}}