{"id":479,"date":"2013-04-12T12:07:26","date_gmt":"2013-04-12T11:07:26","guid":{"rendered":"http:\/\/radioalma.eu\/horizonte\/?p=479"},"modified":"2013-04-12T12:07:26","modified_gmt":"2013-04-12T11:07:26","slug":"entrevista-a-los-miembros-de-abrete-camino-tercer-programa-de-frecuencia-favorable","status":"publish","type":"post","link":"https:\/\/radioalma.eu\/horizonte\/2013\/04\/12\/entrevista-a-los-miembros-de-abrete-camino-tercer-programa-de-frecuencia-favorable\/","title":{"rendered":"Entrevista a los miembros de \u00ab\u00c1brete camino\u00bb, tercer programa de Frecuencia Favorable"},"content":{"rendered":"<p><a href=\"http:\/\/radioalma.eu\/horizonte\/files\/2013\/04\/Nuevo-logo-FF.jpg\"><img fetchpriority=\"high\" decoding=\"async\" class=\"aligncenter size-medium wp-image-480\" alt=\"\" src=\"http:\/\/radioalma.eu\/horizonte\/files\/2013\/04\/Nuevo-logo-FF-300x300.jpg\" width=\"300\" height=\"300\" srcset=\"https:\/\/radioalma.eu\/horizonte\/files\/2013\/04\/Nuevo-logo-FF-300x300.jpg 300w, https:\/\/radioalma.eu\/horizonte\/files\/2013\/04\/Nuevo-logo-FF-150x150.jpg 150w, https:\/\/radioalma.eu\/horizonte\/files\/2013\/04\/Nuevo-logo-FF-60x60.jpg 60w, https:\/\/radioalma.eu\/horizonte\/files\/2013\/04\/Nuevo-logo-FF.jpg 960w\" sizes=\"(max-width: 300px) 100vw, 300px\" \/><\/a><\/p>\n<p><span style=\"font-family: Arial,sans-serif\"><span style=\"font-size: medium\">Dans le cadre de Proyecto Horizonte, nous allons \u00e9couter une nouvelle contribution de \u00abFrecuencia Favorable\u00bb, une s\u00e9rie d&rsquo;\u00e9missions d\u00e9di\u00e9es \u00e0 la sant\u00e9 mentale. A cette occasion, les animateurs interviewent leurs coll\u00e8ges de \u00ab\u00c1brete Camino\u00bb, une \u00e9mission radiophonique r\u00e9alis\u00e9e par le Centre de R\u00e9habilitation Psychosociale de Los C\u00e1rmenes, \u00e0 Carabanchel, Madrid. <\/span><\/span><\/p>\n<p><span style=\"font-family: Arial,sans-serif\"><span style=\"font-size: medium\">Dans cette interview, r\u00e9alis\u00e9e en direct depuis le studio de Radio Ritmo, les animateurs de \u00ab\u00c1brete Camino\u00bb nous d\u00e9voilent les coulisses de leur \u00e9mission:<br \/>\nQui sont leurs auditeurs? Quelle a \u00e9t\u00e9 leur plus belle exp\u00e9rience? Depuis quand font-ils des animations en direct? L&rsquo;\u00e9quipe r\u00e9pond \u00e0 toutes ces questions. <\/span><\/span><\/p>\n<p><span style=\"font-family: Arial,sans-serif\"><span style=\"font-size: medium\">Nous d\u00e9couvrons \u00e9galement, comment ils pr\u00e9parent leur section \u201cradionovelas\u201d (\u201cfeuilletons radios\u201d). Dans cette section, ils nous narrent leurs cr\u00e9ations, avec une chute humoristique et d\u00e9cal\u00e9e. <\/span><\/span><\/p>\n<p><span style=\"font-family: Arial,sans-serif\"><span style=\"font-size: medium\">On nous explique aussi comment la radio les aide \u00e0 am\u00e9liorer leurs relations sociales et on termine sur la pr\u00e9sentation du livre \u201cC\u00f3mo deshacer la radio\u201d (\u201cComment d\u00e9faire la radio\u201d), \u00e9crit par un des animateurs. <\/span><\/span><\/p>\n<p><span style=\"font-family: Arial,sans-serif\"><span style=\"font-size: medium\">\u00ab\u00c1brete Camino\u00bb existe sur les ondes depuis 2004. C\u2019est une \u00e9mission ludique et d&rsquo;expression du monde culturel. Vous pouvez l&rsquo;\u00e9couter sur le 107.3 Fm, ainsi que sur le Net <\/span><\/span><span style=\"color: #000080\"><span style=\"text-decoration: underline\"><a href=\"http:\/\/abretecamino.com\/\" target=\"_blank\"><span style=\"font-family: Arial,sans-serif\"><span style=\"font-size: medium\">http:\/\/abretecamino.com<\/span><\/span><\/a><\/span><\/span><span style=\"font-family: Arial,sans-serif\"><span style=\"font-size: medium\">. Tant l\u2019institution de \u00abLos C\u00e1rmenes\u00bb comme celui de Getafe, sont g\u00e9r\u00e9s par INTRESS (Instituto de Trabajo Social y Servicios Sociales, \u00e0 Madrid)<\/span><\/span><\/p>\n<p><span style=\"font-family: Arial,sans-serif\"><span style=\"font-size: medium\">En fin d\u2019\u00e9mission, les \u00e9quipes de \u201cFrecuencia Favorable\u201d et \u201cAbrete Camino\u201d adressent un affectueux \u201cbonjour\u201d aux auditeurs de Radio Alma. <\/span><\/span><\/p>\n<p><span style=\"font-family: Arial,sans-serif\"><span style=\"font-size: medium\">Bonne \u00e9coute!<\/span><\/span><\/p>\n<p align=\"CENTER\"><span style=\"font-family: Arial,sans-serif\"><span style=\"font-size: medium\"><b>(( \u00e9mission ))<br \/>\n<\/b><\/span><\/span><\/p>\n<p>&nbsp;<\/p>\n<p>\u201c<span style=\"font-family: Arial,sans-serif\"><span style=\"font-size: medium\">Frecuencia Favorable\u201d est un programme au format magazine, qui traite divers th\u00e8mes : sport, politique, \u00e9conomie, tauromachie et d&rsquo;autres sujets d&rsquo;actualit\u00e9 espagnole. <\/span><\/span><\/p>\n<p><span style=\"font-family: Arial,sans-serif\"><span style=\"font-size: medium\">L&rsquo;\u00e9mission est r\u00e9alis\u00e9e par les membres du Centre de R\u00e9habilitation Psychosocial de Getafe, \u00e0 Madrid. <\/span><\/span><\/p>\n<p><span style=\"font-family: Arial,sans-serif\"><span style=\"font-size: medium\">Avec \u201cFrecuencia Favorable\u201d, les composantes de l&rsquo;\u00e9quipe am\u00e9liorent leurs aptitudes et savoir faire personnels, et cherchent \u00e0 se faire conna\u00eetre comme des personnes parfaitement int\u00e9gr\u00e9es dans la soci\u00e9t\u00e9. C&rsquo;est aussi par cette voie qu&rsquo;ils favorisent une meilleure int\u00e9gration sociale au niveau de leur quartier. <\/span><\/span><\/p>\n<p><span style=\"font-family: Arial,sans-serif\"><span style=\"font-size: medium\">L&rsquo;\u00e9mission est diffus\u00e9e sur Radio Ritmo, une radio sociale de la banlieue de Madrid. Qui depuis 1991, pr\u00e9tend rapprocher les micros \u00e0 toutes les personnes et \u00a0collectifs exclus des grands m\u00e9dias. Radio Ritmo a une grille de programmation tr\u00e8s vari\u00e9e avec un contenu social, politique et \u00e9ducatif marqu\u00e9. Son but est d&rsquo;offrir une programmation alternative et de pousser les gens \u00e0 d\u00e9velopper leur cr\u00e9ativit\u00e9 \u00e0 travers ses ateliers radio. <\/span><\/span><\/p>\n<p><span style=\"font-family: Arial,sans-serif\"><span style=\"font-size: medium\">Vous \u00e9coutez cette \u00e9mission dans le cadre de \u00abProyecto Horizonte\u00bb, un partenariat o\u00f9 Radio Alma cherche \u00e0 promouvoir la richesse et la diversit\u00e9 des radios associatives en espagnol qui existent dans le monde. Nous remercions \u00abRadio Ritmo\u00bb et l&rsquo;\u00e9quipe de \u00abFrecuencia Favorable\u00bb pour leur collaboration au d\u00e9veloppement de ce projet. Cette \u00e9mission a \u00e9t\u00e9 produite avec la voix de Mateo Prieto, le support linguistique de Jos\u00e9 Mart\u00ednez y Ferreira et la r\u00e9daction de Paloma F\u00e1bregas. <\/span><\/span><\/p>\n<p><span style=\"font-family: Arial,sans-serif\"><span style=\"font-size: medium\">On peut \u00e9couter \u00abFrecuencia Favorable\u00bb chaque mercredi de 12h a 13h sur <\/span><\/span><span style=\"color: #000080\"><span style=\"text-decoration: underline\"><a href=\"http:\/\/www.radioritmo.org\/\" target=\"_blank\"><span style=\"font-family: Arial,sans-serif\"><span style=\"font-size: medium\">www.radioritmo.org<\/span><\/span><\/a><\/span><\/span><span style=\"font-family: Arial,sans-serif\"><span style=\"font-size: medium\"> ainsi que sur leur blog <\/span><\/span><span style=\"color: #000080\"><span style=\"text-decoration: underline\"><a href=\"http:\/\/frecuenciaf.blogspot.be\/\" target=\"_blank\"><span style=\"font-family: Arial,sans-serif\"><span style=\"font-size: medium\">http:\/\/frecuenciaf.blogspot.be<\/span><\/span><\/a><\/span><\/span><span style=\"font-family: Arial,sans-serif\"><span style=\"font-size: medium\">ou via son facebook. Vous pouvez r\u00e9\u00e9couter cette \u00e9mission sur notre blog \u00abProyecto Horizonte\u00bb \u00e0 <\/span><\/span><span style=\"color: #000080\"><span style=\"text-decoration: underline\"><a href=\"http:\/\/www.radioalma.eu\/\" target=\"_blank\"><span style=\"font-family: Arial,sans-serif\"><span style=\"font-size: medium\">www.radioalma.eu<\/span><\/span><\/a><\/span><\/span><span style=\"font-family: Arial,sans-serif\"><span style=\"font-size: medium\">. Vos critiques et suggestions sont les bienvenues!<\/span><\/span><\/p>\n<p>&nbsp;<\/p>\n<div id=\"attachment_481\" style=\"width: 570px\" class=\"wp-caption aligncenter\"><a href=\"http:\/\/radioalma.eu\/horizonte\/files\/2013\/04\/FFenaccion2013.jpg\"><img decoding=\"async\" aria-describedby=\"caption-attachment-481\" class=\"size-medium wp-image-481\" alt=\"\" src=\"http:\/\/radioalma.eu\/horizonte\/files\/2013\/04\/FFenaccion2013-300x179.jpg\" width=\"560\" height=\"335\" srcset=\"https:\/\/radioalma.eu\/horizonte\/files\/2013\/04\/FFenaccion2013-300x179.jpg 300w, https:\/\/radioalma.eu\/horizonte\/files\/2013\/04\/FFenaccion2013.jpg 960w\" sizes=\"(max-width: 560px) 100vw, 560px\" \/><\/a><p id=\"caption-attachment-481\" class=\"wp-caption-text\">L&rsquo;\u00e9quipe de \u00ab\u00a0Frecuence Favorable\u00a0\u00bb au studio de Radio Ritmo<\/p><\/div>\n<p align=\"JUSTIFY\">\n","protected":false},"excerpt":{"rendered":"<p>Dans le cadre de Proyecto Horizonte, nous allons \u00e9couter une nouvelle contribution de \u00abFrecuencia Favorable\u00bb, une s\u00e9rie d&rsquo;\u00e9missions d\u00e9di\u00e9es \u00e0 la sant\u00e9 mentale. A cette occasion, les animateurs interviewent leurs coll\u00e8ges de \u00ab\u00c1brete Camino\u00bb, une \u00e9mission radiophonique r\u00e9alis\u00e9e par le Centre de R\u00e9habilitation Psychosociale de Los C\u00e1rmenes, \u00e0 Carabanchel, Madrid&#8230;.<\/p>\n","protected":false},"author":60,"featured_media":481,"comment_status":"open","ping_status":"open","sticky":false,"template":"","format":"standard","meta":{"footnotes":""},"categories":[17],"tags":[],"class_list":["post-479","post","type-post","status-publish","format-standard","has-post-thumbnail","hentry","category-en-cours"],"_links":{"self":[{"href":"https:\/\/radioalma.eu\/horizonte\/wp-json\/wp\/v2\/posts\/479","targetHints":{"allow":["GET"]}}],"collection":[{"href":"https:\/\/radioalma.eu\/horizonte\/wp-json\/wp\/v2\/posts"}],"about":[{"href":"https:\/\/radioalma.eu\/horizonte\/wp-json\/wp\/v2\/types\/post"}],"author":[{"embeddable":true,"href":"https:\/\/radioalma.eu\/horizonte\/wp-json\/wp\/v2\/users\/60"}],"replies":[{"embeddable":true,"href":"https:\/\/radioalma.eu\/horizonte\/wp-json\/wp\/v2\/comments?post=479"}],"version-history":[{"count":0,"href":"https:\/\/radioalma.eu\/horizonte\/wp-json\/wp\/v2\/posts\/479\/revisions"}],"wp:featuredmedia":[{"embeddable":true,"href":"https:\/\/radioalma.eu\/horizonte\/wp-json\/wp\/v2\/media\/481"}],"wp:attachment":[{"href":"https:\/\/radioalma.eu\/horizonte\/wp-json\/wp\/v2\/media?parent=479"}],"wp:term":[{"taxonomy":"category","embeddable":true,"href":"https:\/\/radioalma.eu\/horizonte\/wp-json\/wp\/v2\/categories?post=479"},{"taxonomy":"post_tag","embeddable":true,"href":"https:\/\/radioalma.eu\/horizonte\/wp-json\/wp\/v2\/tags?post=479"}],"curies":[{"name":"wp","href":"https:\/\/api.w.org\/{rel}","templated":true}]}}