{"id":486,"date":"2013-04-12T14:30:31","date_gmt":"2013-04-12T13:30:31","guid":{"rendered":"http:\/\/radiomalva.org\/?p=10316"},"modified":"2013-04-12T14:30:31","modified_gmt":"2013-04-12T13:30:31","slug":"movimiento-de-los-trabajadores-sin-tierra-de-brasil","status":"publish","type":"post","link":"https:\/\/radioalma.eu\/horizonte\/2013\/04\/12\/movimiento-de-los-trabajadores-sin-tierra-de-brasil\/","title":{"rendered":"Movimiento de los Trabajadores sin Tierra de Brasil"},"content":{"rendered":"<p>Mundo Mendallon Aprovechando su paso por Valencia entrevistamos al compa\u00f1ero Augusto perteneciente al Movimiento de los Trabajadores sin Tierra del Brasil. Aurelio nos contar\u00e1 cu\u00e1l ha sido la trayectoria de este movimiento desde sus comienzos, c\u00f3mo ha sido su lucha durante todos ests a\u00f1os, m\u00e1s de treinta, nos explicar\u00e1 c\u00f3mo ha evolucionado la propia filosof\u00eda [&#8230;]<img decoding=\"async\" alt=\"\" border=\"0\" src=\"http:\/\/stats.wordpress.com\/b.gif?host=radiomalva.org&#038;blog=150757&#038;%23038;post=10316&#038;%23038;subd=radiomalva&#038;%23038;ref=&#038;%23038;feed=1\" width=\"1\" height=\"1\" \/><\/p>\n","protected":false},"excerpt":{"rendered":"<p>Mundo Mendallon Aprovechando su paso por Valencia entrevistamos al compa&ntilde;ero Augusto perteneciente al Movimiento de los Trabajadores sin Tierra del Brasil. Aurelio nos contar&aacute; cu&aacute;l ha sido la trayectoria de este movimiento desde sus comienzos, c&oacute;mo ha sido su lucha durante todos ests a&ntilde;os, m&aacute;s de treinta, nos explicar&aacute; c&oacute;mo ha evolucionado la propia filosof&iacute;a [&#8230;]<img decoding=\"async\" alt=\"\" border=\"0\" src=\"http:\/\/stats.wordpress.com\/b.gif?host=radiomalva.org&amp;blog=150757&amp;post=10316&amp;subd=radiomalva&amp;ref=&amp;feed=1\" width=\"1\" height=\"1\"><\/p>\n","protected":false},"author":62,"featured_media":0,"comment_status":"closed","ping_status":"closed","sticky":false,"template":"","format":"standard","meta":{"footnotes":""},"categories":[31],"tags":[],"class_list":["post-486","post","type-post","status-publish","format-standard","hentry","category-fils-rss"],"_links":{"self":[{"href":"https:\/\/radioalma.eu\/horizonte\/wp-json\/wp\/v2\/posts\/486","targetHints":{"allow":["GET"]}}],"collection":[{"href":"https:\/\/radioalma.eu\/horizonte\/wp-json\/wp\/v2\/posts"}],"about":[{"href":"https:\/\/radioalma.eu\/horizonte\/wp-json\/wp\/v2\/types\/post"}],"author":[{"embeddable":true,"href":"https:\/\/radioalma.eu\/horizonte\/wp-json\/wp\/v2\/users\/62"}],"replies":[{"embeddable":true,"href":"https:\/\/radioalma.eu\/horizonte\/wp-json\/wp\/v2\/comments?post=486"}],"version-history":[{"count":0,"href":"https:\/\/radioalma.eu\/horizonte\/wp-json\/wp\/v2\/posts\/486\/revisions"}],"wp:attachment":[{"href":"https:\/\/radioalma.eu\/horizonte\/wp-json\/wp\/v2\/media?parent=486"}],"wp:term":[{"taxonomy":"category","embeddable":true,"href":"https:\/\/radioalma.eu\/horizonte\/wp-json\/wp\/v2\/categories?post=486"},{"taxonomy":"post_tag","embeddable":true,"href":"https:\/\/radioalma.eu\/horizonte\/wp-json\/wp\/v2\/tags?post=486"}],"curies":[{"name":"wp","href":"https:\/\/api.w.org\/{rel}","templated":true}]}}