{"id":487,"date":"2013-04-14T01:58:29","date_gmt":"2013-04-14T00:58:29","guid":{"rendered":"http:\/\/radiomalva.org\/?p=10335"},"modified":"2013-04-14T01:58:29","modified_gmt":"2013-04-14T00:58:29","slug":"setmana-de-la-lluita-camperola-a-la-provincia-de-valencia","status":"publish","type":"post","link":"https:\/\/radioalma.eu\/horizonte\/2013\/04\/14\/setmana-de-la-lluita-camperola-a-la-provincia-de-valencia\/","title":{"rendered":"Setmana de la Lluita Camperola a la provincia de Val\u00e8ncia"},"content":{"rendered":"<p>Un a\u00f1o m\u00e1s, la Plataforma per la Sobirania Alimentaria del Pa\u00eds Valenci\u00e0 se suma a la llamada de la V\u00eda campesina a\u00a0la celebraci\u00f3n de este d\u00eda, organizando una serie de actividades por todo el territorio. La Plataforma aglutina a productores consumidores, organizaciones y colectivos que trabajan por la Soberan\u00eda\u00a0Alimentaria. \u00a0\u00c9sta se puede definir como el [&#8230;]<img decoding=\"async\" alt=\"\" border=\"0\" src=\"http:\/\/stats.wordpress.com\/b.gif?host=radiomalva.org&#038;blog=150757&#038;%23038;post=10335&#038;%23038;subd=radiomalva&#038;%23038;ref=&#038;%23038;feed=1\" width=\"1\" height=\"1\" \/><\/p>\n","protected":false},"excerpt":{"rendered":"<p>Un a&ntilde;o m&aacute;s, la Plataforma per la Sobirania Alimentaria del Pa&iacute;s Valenci&agrave; se suma a la llamada de la V&iacute;a campesina a&nbsp;la celebraci&oacute;n de este d&iacute;a, organizando una serie de actividades por todo el territorio. La Plataforma aglutina a productores consumidores, organizaciones y colectivos que trabajan por la Soberan&iacute;a&nbsp;Alimentaria. &nbsp;&Eacute;sta se puede definir como el [&#8230;]<img decoding=\"async\" alt=\"\" border=\"0\" src=\"http:\/\/stats.wordpress.com\/b.gif?host=radiomalva.org&amp;blog=150757&amp;post=10335&amp;subd=radiomalva&amp;ref=&amp;feed=1\" width=\"1\" height=\"1\"><\/p>\n","protected":false},"author":62,"featured_media":0,"comment_status":"closed","ping_status":"closed","sticky":false,"template":"","format":"standard","meta":{"footnotes":""},"categories":[31],"tags":[],"class_list":["post-487","post","type-post","status-publish","format-standard","hentry","category-fils-rss"],"_links":{"self":[{"href":"https:\/\/radioalma.eu\/horizonte\/wp-json\/wp\/v2\/posts\/487","targetHints":{"allow":["GET"]}}],"collection":[{"href":"https:\/\/radioalma.eu\/horizonte\/wp-json\/wp\/v2\/posts"}],"about":[{"href":"https:\/\/radioalma.eu\/horizonte\/wp-json\/wp\/v2\/types\/post"}],"author":[{"embeddable":true,"href":"https:\/\/radioalma.eu\/horizonte\/wp-json\/wp\/v2\/users\/62"}],"replies":[{"embeddable":true,"href":"https:\/\/radioalma.eu\/horizonte\/wp-json\/wp\/v2\/comments?post=487"}],"version-history":[{"count":0,"href":"https:\/\/radioalma.eu\/horizonte\/wp-json\/wp\/v2\/posts\/487\/revisions"}],"wp:attachment":[{"href":"https:\/\/radioalma.eu\/horizonte\/wp-json\/wp\/v2\/media?parent=487"}],"wp:term":[{"taxonomy":"category","embeddable":true,"href":"https:\/\/radioalma.eu\/horizonte\/wp-json\/wp\/v2\/categories?post=487"},{"taxonomy":"post_tag","embeddable":true,"href":"https:\/\/radioalma.eu\/horizonte\/wp-json\/wp\/v2\/tags?post=487"}],"curies":[{"name":"wp","href":"https:\/\/api.w.org\/{rel}","templated":true}]}}