{"id":489,"date":"2013-04-14T17:27:34","date_gmt":"2013-04-14T16:27:34","guid":{"rendered":"http:\/\/radiomalva.org\/?p=10344"},"modified":"2013-04-14T17:27:34","modified_gmt":"2013-04-14T16:27:34","slug":"documental-radio-malva","status":"publish","type":"post","link":"https:\/\/radioalma.eu\/horizonte\/2013\/04\/14\/documental-radio-malva\/","title":{"rendered":"Documental Radio Malva"},"content":{"rendered":"<p>Recuperamos un antiguo documental realizado por el compa\u00f1ero \u00e1ngel sobre nuestra querid\u00edsima Radio. Aqu\u00ed puedes ver algunos de los mejores momentos y antiguos compa\u00f1er@s de sus casi 15 a\u00f1os de historia. Recordando el pasado ahora que nos adentramos en una nueva etapa en Radio Malva.<img decoding=\"async\" alt=\"\" border=\"0\" src=\"http:\/\/stats.wordpress.com\/b.gif?host=radiomalva.org&#038;blog=150757&#038;%23038;post=10344&#038;%23038;subd=radiomalva&#038;%23038;ref=&#038;%23038;feed=1\" width=\"1\" height=\"1\" \/><\/p>\n","protected":false},"excerpt":{"rendered":"<p>Recuperamos un antiguo documental realizado por el compa&ntilde;ero &aacute;ngel sobre nuestra querid&iacute;sima Radio. Aqu&iacute; puedes ver algunos de los mejores momentos y antiguos compa&ntilde;er@s de sus casi 15 a&ntilde;os de historia. Recordando el pasado ahora que nos adentramos en una nueva etapa en Radio Malva.<img decoding=\"async\" alt=\"\" border=\"0\" src=\"http:\/\/stats.wordpress.com\/b.gif?host=radiomalva.org&amp;blog=150757&amp;post=10344&amp;subd=radiomalva&amp;ref=&amp;feed=1\" width=\"1\" height=\"1\"><\/p>\n","protected":false},"author":62,"featured_media":0,"comment_status":"closed","ping_status":"closed","sticky":false,"template":"","format":"standard","meta":{"footnotes":""},"categories":[31],"tags":[],"class_list":["post-489","post","type-post","status-publish","format-standard","hentry","category-fils-rss"],"_links":{"self":[{"href":"https:\/\/radioalma.eu\/horizonte\/wp-json\/wp\/v2\/posts\/489","targetHints":{"allow":["GET"]}}],"collection":[{"href":"https:\/\/radioalma.eu\/horizonte\/wp-json\/wp\/v2\/posts"}],"about":[{"href":"https:\/\/radioalma.eu\/horizonte\/wp-json\/wp\/v2\/types\/post"}],"author":[{"embeddable":true,"href":"https:\/\/radioalma.eu\/horizonte\/wp-json\/wp\/v2\/users\/62"}],"replies":[{"embeddable":true,"href":"https:\/\/radioalma.eu\/horizonte\/wp-json\/wp\/v2\/comments?post=489"}],"version-history":[{"count":0,"href":"https:\/\/radioalma.eu\/horizonte\/wp-json\/wp\/v2\/posts\/489\/revisions"}],"wp:attachment":[{"href":"https:\/\/radioalma.eu\/horizonte\/wp-json\/wp\/v2\/media?parent=489"}],"wp:term":[{"taxonomy":"category","embeddable":true,"href":"https:\/\/radioalma.eu\/horizonte\/wp-json\/wp\/v2\/categories?post=489"},{"taxonomy":"post_tag","embeddable":true,"href":"https:\/\/radioalma.eu\/horizonte\/wp-json\/wp\/v2\/tags?post=489"}],"curies":[{"name":"wp","href":"https:\/\/api.w.org\/{rel}","templated":true}]}}