{"id":493,"date":"2013-04-15T12:09:00","date_gmt":"2013-04-15T11:09:00","guid":{"rendered":"http:\/\/radiomalva.org\/?p=10364"},"modified":"2013-04-15T12:09:00","modified_gmt":"2013-04-15T11:09:00","slug":"acte-en-memoria-i-desgreuge-de-les-victimes-del-franquisme-enterrades-a-les-fosses-comunes-del-cementeri-general-de-valencia","status":"publish","type":"post","link":"https:\/\/radioalma.eu\/horizonte\/2013\/04\/15\/acte-en-memoria-i-desgreuge-de-les-victimes-del-franquisme-enterrades-a-les-fosses-comunes-del-cementeri-general-de-valencia\/","title":{"rendered":"Acte en mem\u00f2ria i desgreuge de les v\u00edctimes del franquisme enterrades a les fosses comunes del Cementeri general de Val\u00e8ncia."},"content":{"rendered":"<p>Diumenge 21 d\u2019abril a les 12 hores. Porta principal del Cementeri general de Val\u00e8ncia. Acudeix i ajuda\u2019ns a difondre aquesta informaci\u00f3. Veritat. Just\u00edcia. Reparaci\u00f3. Entrevista en Mundo Mendallon a Empar Salvador Programa de l\u2019acte \u00a012 hores: eixida de la comitiva de Dol. Durante el recorregut les colles de dol\u00e7aines i tabals Estrela Roja de Benimaclet, [&#8230;]<img decoding=\"async\" alt=\"\" border=\"0\" src=\"http:\/\/stats.wordpress.com\/b.gif?host=radiomalva.org&#038;blog=150757&#038;%23038;post=10364&#038;%23038;subd=radiomalva&#038;%23038;ref=&#038;%23038;feed=1\" width=\"1\" height=\"1\" \/><\/p>\n","protected":false},"excerpt":{"rendered":"<p>Diumenge 21 d&rsquo;abril a les 12 hores. Porta principal del Cementeri general de Val&egrave;ncia. Acudeix i ajuda&rsquo;ns a difondre aquesta informaci&oacute;. Veritat. Just&iacute;cia. Reparaci&oacute;. Entrevista en Mundo Mendallon a Empar Salvador Programa de l&rsquo;acte &nbsp;12 hores: eixida de la comitiva de Dol. Durante el recorregut les colles de dol&ccedil;aines i tabals Estrela Roja de Benimaclet, [&#8230;]<img decoding=\"async\" alt=\"\" border=\"0\" src=\"http:\/\/stats.wordpress.com\/b.gif?host=radiomalva.org&amp;blog=150757&amp;post=10364&amp;subd=radiomalva&amp;ref=&amp;feed=1\" width=\"1\" height=\"1\"><\/p>\n","protected":false},"author":62,"featured_media":0,"comment_status":"closed","ping_status":"closed","sticky":false,"template":"","format":"standard","meta":{"footnotes":""},"categories":[31],"tags":[],"class_list":["post-493","post","type-post","status-publish","format-standard","hentry","category-fils-rss"],"_links":{"self":[{"href":"https:\/\/radioalma.eu\/horizonte\/wp-json\/wp\/v2\/posts\/493","targetHints":{"allow":["GET"]}}],"collection":[{"href":"https:\/\/radioalma.eu\/horizonte\/wp-json\/wp\/v2\/posts"}],"about":[{"href":"https:\/\/radioalma.eu\/horizonte\/wp-json\/wp\/v2\/types\/post"}],"author":[{"embeddable":true,"href":"https:\/\/radioalma.eu\/horizonte\/wp-json\/wp\/v2\/users\/62"}],"replies":[{"embeddable":true,"href":"https:\/\/radioalma.eu\/horizonte\/wp-json\/wp\/v2\/comments?post=493"}],"version-history":[{"count":0,"href":"https:\/\/radioalma.eu\/horizonte\/wp-json\/wp\/v2\/posts\/493\/revisions"}],"wp:attachment":[{"href":"https:\/\/radioalma.eu\/horizonte\/wp-json\/wp\/v2\/media?parent=493"}],"wp:term":[{"taxonomy":"category","embeddable":true,"href":"https:\/\/radioalma.eu\/horizonte\/wp-json\/wp\/v2\/categories?post=493"},{"taxonomy":"post_tag","embeddable":true,"href":"https:\/\/radioalma.eu\/horizonte\/wp-json\/wp\/v2\/tags?post=493"}],"curies":[{"name":"wp","href":"https:\/\/api.w.org\/{rel}","templated":true}]}}