{"id":522,"date":"2013-04-20T15:49:58","date_gmt":"2013-04-20T14:49:58","guid":{"rendered":"http:\/\/radiomalva.org\/?p=10388"},"modified":"2013-04-20T15:49:58","modified_gmt":"2013-04-20T14:49:58","slug":"talleres-radio-malva-las-chicas-del-arca-de-noe-de-nazaret","status":"publish","type":"post","link":"https:\/\/radioalma.eu\/horizonte\/2013\/04\/20\/talleres-radio-malva-las-chicas-del-arca-de-noe-de-nazaret\/","title":{"rendered":"Talleres Radio Malva: Las Chicas del Arca de No\u00e9 de Nazaret"},"content":{"rendered":"<p>Desde el vecino barro de Nazaret nos visitan de nuevo los compa\u00f1eros del Arca de No\u00e9. Esta vez un variado grupo de nueve chicas vienen a la radio para hablarnos de sus cosas, sus proyectos, sus aprendizajes y por supuesto para ponernos su m\u00fasica. Algunas de ellas de etnia gitana nos contar\u00e1n tambi\u00e9n las particularidades [&#8230;]<img decoding=\"async\" alt=\"\" border=\"0\" src=\"http:\/\/stats.wordpress.com\/b.gif?host=radiomalva.org&#038;blog=150757&#038;%23038;post=10388&#038;%23038;subd=radiomalva&#038;%23038;ref=&#038;%23038;feed=1\" width=\"1\" height=\"1\" \/><\/p>\n","protected":false},"excerpt":{"rendered":"<p>Desde el vecino barro de Nazaret nos visitan de nuevo los compa&ntilde;eros del Arca de No&eacute;. Esta vez un variado grupo de nueve chicas vienen a la radio para hablarnos de sus cosas, sus proyectos, sus aprendizajes y por supuesto para ponernos su m&uacute;sica. Algunas de ellas de etnia gitana nos contar&aacute;n tambi&eacute;n las particularidades [&#8230;]<img decoding=\"async\" alt=\"\" border=\"0\" src=\"http:\/\/stats.wordpress.com\/b.gif?host=radiomalva.org&amp;blog=150757&amp;post=10388&amp;subd=radiomalva&amp;ref=&amp;feed=1\" width=\"1\" height=\"1\"><\/p>\n","protected":false},"author":62,"featured_media":0,"comment_status":"closed","ping_status":"closed","sticky":false,"template":"","format":"standard","meta":{"footnotes":""},"categories":[31],"tags":[],"class_list":["post-522","post","type-post","status-publish","format-standard","hentry","category-fils-rss"],"_links":{"self":[{"href":"https:\/\/radioalma.eu\/horizonte\/wp-json\/wp\/v2\/posts\/522","targetHints":{"allow":["GET"]}}],"collection":[{"href":"https:\/\/radioalma.eu\/horizonte\/wp-json\/wp\/v2\/posts"}],"about":[{"href":"https:\/\/radioalma.eu\/horizonte\/wp-json\/wp\/v2\/types\/post"}],"author":[{"embeddable":true,"href":"https:\/\/radioalma.eu\/horizonte\/wp-json\/wp\/v2\/users\/62"}],"replies":[{"embeddable":true,"href":"https:\/\/radioalma.eu\/horizonte\/wp-json\/wp\/v2\/comments?post=522"}],"version-history":[{"count":0,"href":"https:\/\/radioalma.eu\/horizonte\/wp-json\/wp\/v2\/posts\/522\/revisions"}],"wp:attachment":[{"href":"https:\/\/radioalma.eu\/horizonte\/wp-json\/wp\/v2\/media?parent=522"}],"wp:term":[{"taxonomy":"category","embeddable":true,"href":"https:\/\/radioalma.eu\/horizonte\/wp-json\/wp\/v2\/categories?post=522"},{"taxonomy":"post_tag","embeddable":true,"href":"https:\/\/radioalma.eu\/horizonte\/wp-json\/wp\/v2\/tags?post=522"}],"curies":[{"name":"wp","href":"https:\/\/api.w.org\/{rel}","templated":true}]}}