{"id":529,"date":"2013-04-24T08:57:41","date_gmt":"2013-04-24T07:57:41","guid":{"rendered":"http:\/\/radioalma.eu\/horizonte\/?p=529"},"modified":"2013-04-24T08:59:12","modified_gmt":"2013-04-24T07:59:12","slug":"mandanga-sonora-3-hartos-del-engano","status":"publish","type":"post","link":"https:\/\/radioalma.eu\/horizonte\/2013\/04\/24\/mandanga-sonora-3-hartos-del-engano\/","title":{"rendered":"Mandanga Sonora 3: \u00ab\u00a0Hartos del enga\u00f1o\u00a0\u00bb"},"content":{"rendered":"<p align=\"JUSTIFY\"><span style=\"font-family: Arial,sans-serif\"><span style=\"font-size: medium\"><a href=\"http:\/\/radioalma.eu\/horizonte\/files\/2013\/03\/Mandanga-sonora1.jpg\"><img decoding=\"async\" class=\"aligncenter size-full wp-image-93\" alt=\"\" src=\"http:\/\/radioalma.eu\/horizonte\/files\/2013\/03\/Mandanga-sonora1.jpg\" width=\"200\" height=\"151\" \/><\/a><\/span><\/span><\/p>\n<p align=\"JUSTIFY\">\n<p align=\"JUSTIFY\"><span style=\"font-family: Arial,sans-serif\"><span style=\"font-size: medium\">Dans le cadre de Proyecto Horizonte, nous vous pr\u00e9sentons une \u00abMandanga Sonora\u00bb, \u00a0produite depuis Valence par Radio Malva. Cette derni\u00e8re nous propose un r\u00e9sum\u00e9 de sa semaine radiophonique, sous son habituel \u00abaudio-collage\u00bb. Avec cette technique, Dj Nacho, d\u00e9coupe les contenus de la semaine et les arrange comme de la musique, pour composer un montage artistique connu comme \u00abinstallation sonore\u00bb. <\/span><\/span><\/p>\n<p><span style=\"font-family: Arial,sans-serif\"><span style=\"font-size: medium\">Dans cette production, Radio Malva, nous m\u00e8ne sur l&rsquo;autre rive de la M\u00e9diterran\u00e9e, pour nous parler des conflits syriens et arabes. L&rsquo;\u00e9mission, intitul\u00e9e \u00abY&rsquo;en a marre des escroqueries\u00bb, nous expose aussi le besoin d&rsquo;\u00e9tablir des syst\u00e8mes alternatifs d&rsquo;organisation sociale, mis en relief par les r\u00e9voltes du \u00abPrintemps arabe\u00bb.<\/span><\/span><\/p>\n<p><span style=\"font-family: Arial,sans-serif\"><span style=\"font-size: medium\">La bulle immobili\u00e8re, le plan d\u2019aust\u00e9rit\u00e9 pour r\u00e9duire le d\u00e9ficit public, ainsi que les probl\u00e8mes des expulsions sont quelques-uns des sujets trait\u00e9s dans l\u2019\u00e9mission. On commente aussi les paradoxes de l\u2019\u00e9conomie espagnole : de nos jours, l&rsquo;industrie du luxe produit plus de b\u00e9n\u00e9fices, tandis que le nombre de ch\u00f4meurs ne cesse de cro\u00eetre. Comment est ce possible? Qui r\u00e9git les r\u00e8gles de ce monde?<\/span><\/span><\/p>\n<p><span style=\"font-family: Arial,sans-serif\"><span style=\"font-size: medium\">Sur les ondes de Radio Malva, on ne r\u00e9pond pas \u00e0 ces questions, mais on essaie de changer les choses et apporter sa pierre \u00e0 l&rsquo;\u00e9difice pour sortir de cette crise. <\/span><\/span><\/p>\n<p><span style=\"font-family: Arial,sans-serif\"><span style=\"font-size: medium\">On vous laisse avec l&rsquo;\u00e9mission, qui comme toujours, commence par un rap. <\/span><\/span><\/p>\n<p><span style=\"font-family: Arial,sans-serif\"><span style=\"font-size: medium\">Bonne \u00e9coute!<\/span><\/span><\/p>\n<p style=\"text-align: center\"><span style=\"font-family: Arial,sans-serif\"><span style=\"font-size: medium\"><b><span style=\"font-size: medium\">(( \u00c9MISSION <span style=\"font-size: medium\">))\u00a0<\/span><\/span><\/b><\/span><\/span><\/p>\n<p>&nbsp;<\/p>\n<p><span style=\"font-family: Arial,sans-serif\"><span style=\"font-size: medium\">Dans cette bouff\u00e9e d&rsquo;air collectif, les sujets vont du local au global. Ils veulent non seulement distraire mais aussi suscit\u00e9 la r\u00e9flexion chez l&rsquo;auditeur. Pour ce faire, le choix s&rsquo;est port\u00e9 sur \u00abl\u2019installation sonore\u00bb, o\u00f9 on utilise le son comme un objet qui suscite chez l&rsquo;auditeur son esprit critique par le doute. Les d\u00e9coupes sonores ne poss\u00e8dent aucune information d\u00e9taill\u00e9e ni sp\u00e9cifique, car elles ne pr\u00e9tendent pas \u00eatre informatives, mais artistiques. De cette mani\u00e8re, c&rsquo;est \u00e0 l&rsquo;auditeur de finir l\u2019\u0153uvre par une \u00e9coute active. Montage artistique connu sous l\u2019appellation \u00abinstallation sonore\u00bb, il s&rsquo;agit de poser des \u00e9l\u00e9ments audio dans des lieux sp\u00e9cifiques choisis par l&rsquo;artiste.<\/span><\/span><\/p>\n<p><span style=\"font-family: Arial,sans-serif\"><span style=\"font-size: medium\">Radio Malva est une radio de quartier qui \u00e9met sur le 104.9Fm des \u00ab\u00a0Poblados Mar\u00edtimos\u00a0\u00bb de Valence, o\u00f9 elle recueille les t\u00e9moignages de ses citoyens. Cet espace de rencontres h\u00e9t\u00e9rog\u00e8ne se nourrit de la vie de son quartier. Par ailleurs, elle s&rsquo;est toujours engag\u00e9e dans les probl\u00e8mes de sa ville, Valence, et sp\u00e9cialement dans la lutte contre la sp\u00e9culation immobili\u00e8re qui d\u00e9truit le quartier \u00ab\u00a0Mar\u00edtimo\u00a0\u00bb valencien (El Cabanyal et la Malvarrosa).\u00a0 <\/span><\/span><\/p>\n<p><span style=\"font-family: Arial,sans-serif\"><span style=\"font-size: medium\">Vous \u00e9coutez cette \u00e9mission dans le cadre de Proyecto Horizonte, un partenariat o\u00f9 Radio Alma a pour objectif, la promotion de la richesse et de la diversit\u00e9 socioculturelle des radios associatives en espagnol qui existent dans le monde. Nous remercions Radio Malva pour leur collaboration au d\u00e9veloppement de ce projet. Cette \u00e9mission \u00e0 \u00e9t\u00e9 produite avec la voix de<span style=\"font-size: medium\"> <span style=\"font-size: medium\">Irene Quintela<\/span><\/span>, le support linguistique de Jos\u00e9 Martinez y Ferreira et la r\u00e9daction de Paloma F\u00e1bregas.<\/span><\/span><\/p>\n<p><span style=\"font-family: Arial,sans-serif\"><span style=\"font-size: medium\">Pour pouvez r\u00e9\u00e9couter l&rsquo;\u00e9mission de \u00abMandanga sonora\u00bb sur <\/span><\/span><span style=\"color: #000080\"><span style=\"text-decoration: underline\"><a href=\"http:\/\/mandangasonora.blogspot.be\/\" target=\"_blank\"><span style=\"font-family: Arial,sans-serif\"><span style=\"font-size: medium\">http:\/\/mandangasonora.blogspot.be<\/span><\/span><\/a><\/span><\/span><span style=\"font-family: Arial,sans-serif\"><span style=\"font-size: medium\">, ainsi que sur notre blog, Proyecto Horizonte, sur <\/span><\/span><span style=\"color: #000080\"><span style=\"text-decoration: underline\"><a href=\"http:\/\/www.radioalma.eu\/\" target=\"_blank\"><span style=\"font-family: Arial,sans-serif\"><span style=\"font-size: medium\">www.radioalma.eu<\/span><\/span><\/a><\/span><\/span><span style=\"font-family: Arial,sans-serif\"><span style=\"font-size: medium\">. Vos critiques et suggestions sont les bienvenus!<\/span><\/span><\/p>\n<p><a href=\"http:\/\/radioalma.eu\/horizonte\/files\/2013\/04\/MSonora-Radio-de-Colores.jpg\"><img fetchpriority=\"high\" decoding=\"async\" class=\"aligncenter size-full wp-image-532\" alt=\"\" src=\"http:\/\/radioalma.eu\/horizonte\/files\/2013\/04\/MSonora-Radio-de-Colores.jpg\" width=\"267\" height=\"189\" srcset=\"https:\/\/radioalma.eu\/horizonte\/files\/2013\/04\/MSonora-Radio-de-Colores.jpg 267w, https:\/\/radioalma.eu\/horizonte\/files\/2013\/04\/MSonora-Radio-de-Colores-100x70.jpg 100w\" sizes=\"(max-width: 267px) 100vw, 267px\" \/><\/a><\/p>\n<p>&nbsp;<\/p>\n","protected":false},"excerpt":{"rendered":"<p>Dans le cadre de Proyecto Horizonte, nous vous pr\u00e9sentons une \u00abMandanga Sonora\u00bb, \u00a0produite depuis Valence par Radio Malva. Cette derni\u00e8re nous propose un r\u00e9sum\u00e9 de sa semaine radiophonique, sous son habituel \u00abaudio-collage\u00bb. Avec cette technique, Dj Nacho, d\u00e9coupe les contenus de la semaine et les arrange comme de la musique,&#8230;<\/p>\n","protected":false},"author":60,"featured_media":532,"comment_status":"open","ping_status":"open","sticky":false,"template":"","format":"standard","meta":{"footnotes":""},"categories":[17],"tags":[65,67,68,61,63,66,64,62],"class_list":["post-529","post","type-post","status-publish","format-standard","has-post-thumbnail","hentry","category-en-cours","tag-arabe","tag-austeridad","tag-burbuja-inmobiliaria","tag-engano","tag-mediterraneo","tag-primavera","tag-siria","tag-sonoro"],"_links":{"self":[{"href":"https:\/\/radioalma.eu\/horizonte\/wp-json\/wp\/v2\/posts\/529","targetHints":{"allow":["GET"]}}],"collection":[{"href":"https:\/\/radioalma.eu\/horizonte\/wp-json\/wp\/v2\/posts"}],"about":[{"href":"https:\/\/radioalma.eu\/horizonte\/wp-json\/wp\/v2\/types\/post"}],"author":[{"embeddable":true,"href":"https:\/\/radioalma.eu\/horizonte\/wp-json\/wp\/v2\/users\/60"}],"replies":[{"embeddable":true,"href":"https:\/\/radioalma.eu\/horizonte\/wp-json\/wp\/v2\/comments?post=529"}],"version-history":[{"count":0,"href":"https:\/\/radioalma.eu\/horizonte\/wp-json\/wp\/v2\/posts\/529\/revisions"}],"wp:featuredmedia":[{"embeddable":true,"href":"https:\/\/radioalma.eu\/horizonte\/wp-json\/wp\/v2\/media\/532"}],"wp:attachment":[{"href":"https:\/\/radioalma.eu\/horizonte\/wp-json\/wp\/v2\/media?parent=529"}],"wp:term":[{"taxonomy":"category","embeddable":true,"href":"https:\/\/radioalma.eu\/horizonte\/wp-json\/wp\/v2\/categories?post=529"},{"taxonomy":"post_tag","embeddable":true,"href":"https:\/\/radioalma.eu\/horizonte\/wp-json\/wp\/v2\/tags?post=529"}],"curies":[{"name":"wp","href":"https:\/\/api.w.org\/{rel}","templated":true}]}}