{"id":536,"date":"2013-04-24T09:16:37","date_gmt":"2013-04-24T08:16:37","guid":{"rendered":"http:\/\/radioalma.eu\/horizonte\/?p=536"},"modified":"2013-04-24T10:00:22","modified_gmt":"2013-04-24T09:00:22","slug":"entrevista-a-miguel-llopis-quatrieme-emission-de-radio-solidaria-amiga","status":"publish","type":"post","link":"https:\/\/radioalma.eu\/horizonte\/2013\/04\/24\/entrevista-a-miguel-llopis-quatrieme-emission-de-radio-solidaria-amiga\/","title":{"rendered":"\u00abEntrevista a Miguel Llopis\u00bb, Quatri\u00e8me \u00e9mission de Radio Solidaria Amiga"},"content":{"rendered":"<p style=\"text-align: left\"><a href=\"http:\/\/radioalma.eu\/horizonte\/files\/2013\/04\/Entrevista-a-Miguel-Lopis.jpg\"><img fetchpriority=\"high\" decoding=\"async\" class=\"aligncenter size-full wp-image-538\" alt=\"\" src=\"http:\/\/radioalma.eu\/horizonte\/files\/2013\/04\/Entrevista-a-Miguel-Lopis.jpg\" width=\"698\" height=\"524\" srcset=\"https:\/\/radioalma.eu\/horizonte\/files\/2013\/04\/Entrevista-a-Miguel-Lopis.jpg 698w, https:\/\/radioalma.eu\/horizonte\/files\/2013\/04\/Entrevista-a-Miguel-Lopis-300x225.jpg 300w\" sizes=\"(max-width: 698px) 100vw, 698px\" \/><\/a><\/p>\n<p style=\"text-align: left\"><span style=\"font-family: Arial,sans-serif\"><span style=\"font-size: medium\"><br \/>\nAujourd&rsquo;hui, notre partenaire \u00abRadio Solidaria Amiga\u00bb nous offre, dans le cadre \u00abProyecto Horizonte\u00bb un voyage \u00e0 travers le temps. Cette radio scolaire de Benidorm, est produite par les \u00e9l\u00e8ves de l&rsquo;\u00e9cole \u00abEl Murtal\u00bb, qui \u00e0 cette occasion interviewent un expert de la culture \u00ab\u00a0Ib\u00e8re\u00a0\u00bb: Miguel Llopis Cartagena. <\/span><\/span><\/p>\n<p lang=\"fr-FR\" style=\"text-align: left\"><span style=\"font-family: Arial,sans-serif\"><span style=\"font-size: medium\">Miguel, m\u00e9decin et amateur d&rsquo;arch\u00e9ologie et d\u2019anthropologie, nous raconte le processus de cr\u00e9ation de son roman \u00abLa sacerdotisa Ibera\u00bb, un livre sur la vie de \u00abLa Dama de Elche\u00bb. Cette sculpture Ib\u00e8re en pierre, date du Ve si\u00e8cle ou du IVe si\u00e8cle avant J\u00e9sus-Christ. Elle fut trouv\u00e9e en 1897 sur un site arch\u00e9ologique de l&rsquo;Alcudia, \u00e0 Elche, o\u00fa elle \u00e9tait cach\u00e9e dans une muraille pendant plus de 2000 ans. <\/span><\/span><\/p>\n<p lang=\"fr-FR\" style=\"text-align: left\"><span style=\"font-family: Arial,sans-serif\"><span style=\"font-size: medium\">Dans cette \u00e9mission, les \u00e9l\u00e8ves de 4\u00b0 de primaire B sollicitent Miguel sur sa passion pour l&rsquo;histoire des Ib\u00e8res, ainsi que sur les d\u00e9tails de son roman. Dans ce dernier, Miguel essaie de reconstituer la vie de la \u00abDama de Elche\u00bb depuis qu&rsquo;elle \u00e9tait petite et nous raconte comment il a r\u00e9alis\u00e9 son travail de documentation. Il a visit\u00e9 d&rsquo;anciens sites Ib\u00e8res ainsi que des Mus\u00e9es en Catalogne, Valence, Grenade et Murcie pour \u00e9crire son roman. <\/span><\/span><\/p>\n<p lang=\"fr-FR\" style=\"text-align: left\"><span style=\"font-family: Arial,sans-serif\"><span style=\"font-size: medium\">Pour finir, il nous raconte son exp\u00e9rience comme m\u00e9decin et donne quelques conseils aux enfants pour am\u00e9liorer ou pr\u00e9server leur qualit\u00e9 de vie. <\/span><\/span><\/p>\n<p lang=\"fr-FR\"><span style=\"font-family: Arial,sans-serif\"><span style=\"font-size: medium\">Profitez de l&rsquo; interview !<\/span><\/span><\/p>\n<p>&nbsp;<\/p>\n<p lang=\"fr-FR\" style=\"text-align: center\"><span style=\"font-family: Arial,sans-serif\"><span style=\"font-size: medium\"><b><span style=\"font-size: medium\">(( \u00e9mission ))<\/span><\/b><\/span><\/span><\/p>\n<p lang=\"fr-FR\" style=\"text-align: center\">\n<p><span style=\"font-family: Arial,sans-serif\"><span style=\"font-size: medium\">Radio Solidaria Amiga Online est une radio d&rsquo;\u00e9cole r\u00e9alis\u00e9e par les \u00e9l\u00e8ves de l&rsquo;\u00e9cole primaire \u00abEl Murtal\u00bb avec l&rsquo;aide de leurs professeurs, ainsi que de la fondatrice et directrice de la station: Magdalena Galiana Lloret. Vous pouvez suivre leurs \u00e9missions sur leur blog <\/span><\/span><span style=\"color: #001469\"><span style=\"font-size: small\"><span style=\"text-decoration: underline\"><a href=\"http:\/\/madagali.wordpress.com\/\"><span style=\"font-family: Arial,sans-serif\"><span style=\"font-size: medium\">http:\/\/madagali.wordpress.com<\/span><\/span><\/a><\/span><\/span><\/span><\/p>\n<p lang=\"fr-FR\"><span style=\"font-family: Arial,sans-serif\"><span style=\"font-size: medium\">L&rsquo;\u00e9cole est situ\u00e9e \u00e0 Benidorm (Alicante) et l\u2019objectif de ses \u00e9missions radio est de d\u00e9velopper chez l&rsquo;\u00e9l\u00e8ve ses valeurs de solidarit\u00e9. Les professeurs utilisent le m\u00e9dia pour motiver l&rsquo;apprentissage \u00e0 l\u2019\u00e9cole, ainsi que favoriser l\u2019int\u00e9gration sociale des \u00e9l\u00e8ves en provenance d&rsquo;autres pays. Ainsi, la radio devient un outil pr\u00e9cieux pour le futur CV des \u00e9l\u00e8ves. Elle les aide \u00e0 mieux s\u2019exprimer en public et \u00e0 d\u00e9velopper des contacts avec une grande vari\u00e9t\u00e9 de milieux sociaux. Ce bagage leur sera tr\u00e8s utile pour leur future vie d&rsquo;adulte. En somme, la radio leur permet d&rsquo;apprendre tout en s&rsquo;amusant, elle enrichit la convivialit\u00e9 entre les \u00e9l\u00e8ves et r\u00e9pond \u00e0 leur curiosit\u00e9.<\/span><\/span><\/p>\n<p lang=\"fr-FR\"><span style=\"font-family: Arial,sans-serif\"><span style=\"font-size: medium\">Vous \u00e9coutez cette \u00e9mission dans le cadre de \u00abProyecto Horizonte\u00bb, un partenariat o\u00f9 Radio Alma cherche \u00e0 promouvoir la richesse et la diversit\u00e9 des radios associatives en espagnol qui existent dans le monde. Nous remercions \u00abRadio Solidaria Amiga\u00bb pour leur collaboration \u00e0 nous aider au d\u00e9veloppement d<\/span><\/span><span style=\"font-family: Arial,sans-serif\"><span style=\"font-size: medium\">e ce projet. Cette \u00e9mission a \u00e9t\u00e9 produite avec la voix de Irene Quintela, le support linguistique de Jos\u00e9 Martinez y Ferreira et la r\u00e9daction de Paloma F\u00e1bregas.<\/span><\/span><\/p>\n<p><span style=\"font-family: Arial,sans-serif\"><span style=\"font-size: medium\">Radio Solidaria Amiga \u00e9mets \u00e0 travers \u00able Net\u00bb. Vous pouvez l&rsquo;\u00e9couter sur <\/span><\/span><span style=\"color: #001469\"><span style=\"font-size: small\"><span style=\"text-decoration: underline\"><a href=\"http:\/\/www.radiosolidariaamiga.es\/\" target=\"_blank\"><span style=\"font-family: Arial,sans-serif\"><span style=\"font-size: medium\">www.radiosolidariaamiga.es<\/span><\/span><\/a><\/span><\/span><\/span><span style=\"font-family: Arial,sans-serif\"><span style=\"font-size: medium\"> chaque vendredi \u00e0 15 heures. Vous trouverez toutes les informations relatives \u00e0 \u00abProyecto Horizonte\u00bb sur notre notre blog <\/span><\/span><span style=\"color: #001469\"><span style=\"font-size: small\"><span style=\"text-decoration: underline\"><a href=\"http:\/\/www.radioalma.eu\/\" target=\"_blank\"><span style=\"font-family: Arial,sans-serif\"><span style=\"font-size: medium\">www.radioalma.eu<\/span><\/span><\/a><\/span><\/span><\/span><span style=\"font-family: Arial,sans-serif\"><span style=\"font-size: medium\">. Vos critiques et suggestions sont les bienvenus!<\/span><\/span><\/p>\n<p><span style=\"font-family: Arial,sans-serif\"><span style=\"font-size: medium\">\u00a0<\/span><\/span><\/p>\n<p><a href=\"http:\/\/radioalma.eu\/horizonte\/files\/2013\/03\/RadioSolidariaAmiga.jpg\"><img decoding=\"async\" class=\"aligncenter size-full wp-image-128\" alt=\"\" src=\"http:\/\/radioalma.eu\/horizonte\/files\/2013\/03\/RadioSolidariaAmiga.jpg\" width=\"190\" height=\"190\" srcset=\"https:\/\/radioalma.eu\/horizonte\/files\/2013\/03\/RadioSolidariaAmiga.jpg 190w, https:\/\/radioalma.eu\/horizonte\/files\/2013\/03\/RadioSolidariaAmiga-150x150.jpg 150w, https:\/\/radioalma.eu\/horizonte\/files\/2013\/03\/RadioSolidariaAmiga-60x60.jpg 60w, https:\/\/radioalma.eu\/horizonte\/files\/2013\/03\/RadioSolidariaAmiga-120x120.jpg 120w\" sizes=\"(max-width: 190px) 100vw, 190px\" \/><\/a><\/p>\n<p>&nbsp;<\/p>\n","protected":false},"excerpt":{"rendered":"<p>Aujourd&rsquo;hui, notre partenaire \u00abRadio Solidaria Amiga\u00bb nous offre, dans le cadre \u00abProyecto Horizonte\u00bb un voyage \u00e0 travers le temps. Cette radio scolaire de Benidorm, est produite par les \u00e9l\u00e8ves de l&rsquo;\u00e9cole \u00abEl Murtal\u00bb, qui \u00e0 cette occasion interviewent un expert de la culture \u00ab\u00a0Ib\u00e8re\u00a0\u00bb: Miguel Llopis Cartagena. Miguel, m\u00e9decin et&#8230;<\/p>\n","protected":false},"author":60,"featured_media":538,"comment_status":"open","ping_status":"open","sticky":false,"template":"","format":"standard","meta":{"footnotes":""},"categories":[17],"tags":[],"class_list":["post-536","post","type-post","status-publish","format-standard","has-post-thumbnail","hentry","category-en-cours"],"_links":{"self":[{"href":"https:\/\/radioalma.eu\/horizonte\/wp-json\/wp\/v2\/posts\/536","targetHints":{"allow":["GET"]}}],"collection":[{"href":"https:\/\/radioalma.eu\/horizonte\/wp-json\/wp\/v2\/posts"}],"about":[{"href":"https:\/\/radioalma.eu\/horizonte\/wp-json\/wp\/v2\/types\/post"}],"author":[{"embeddable":true,"href":"https:\/\/radioalma.eu\/horizonte\/wp-json\/wp\/v2\/users\/60"}],"replies":[{"embeddable":true,"href":"https:\/\/radioalma.eu\/horizonte\/wp-json\/wp\/v2\/comments?post=536"}],"version-history":[{"count":0,"href":"https:\/\/radioalma.eu\/horizonte\/wp-json\/wp\/v2\/posts\/536\/revisions"}],"wp:featuredmedia":[{"embeddable":true,"href":"https:\/\/radioalma.eu\/horizonte\/wp-json\/wp\/v2\/media\/538"}],"wp:attachment":[{"href":"https:\/\/radioalma.eu\/horizonte\/wp-json\/wp\/v2\/media?parent=536"}],"wp:term":[{"taxonomy":"category","embeddable":true,"href":"https:\/\/radioalma.eu\/horizonte\/wp-json\/wp\/v2\/categories?post=536"},{"taxonomy":"post_tag","embeddable":true,"href":"https:\/\/radioalma.eu\/horizonte\/wp-json\/wp\/v2\/tags?post=536"}],"curies":[{"name":"wp","href":"https:\/\/api.w.org\/{rel}","templated":true}]}}