{"id":543,"date":"2013-04-24T09:40:28","date_gmt":"2013-04-24T08:40:28","guid":{"rendered":"http:\/\/radioalma.eu\/horizonte\/?p=543"},"modified":"2013-06-25T16:38:54","modified_gmt":"2013-06-25T15:38:54","slug":"en-clave-de-sexo-cuatrieme-emission-de-radio-enlace","status":"publish","type":"post","link":"https:\/\/radioalma.eu\/horizonte\/2013\/04\/24\/en-clave-de-sexo-cuatrieme-emission-de-radio-enlace\/","title":{"rendered":"\u00ab\u00a0En clave de sexo\u00a0\u00bb, 4 \u00e9mission de Radio Enlace"},"content":{"rendered":"<p lang=\"fr-FR\"><a href=\"http:\/\/radioalma.eu\/horizonte\/files\/2013\/03\/Logo-En-clave-de-sexo.jpg\"><img fetchpriority=\"high\" decoding=\"async\" class=\"alignright size-full wp-image-25\" alt=\"\" src=\"http:\/\/radioalma.eu\/horizonte\/files\/2013\/03\/Logo-En-clave-de-sexo.jpg\" width=\"287\" height=\"249\" \/><\/a><\/p>\n<p lang=\"fr-FR\"><span style=\"font-family: Calibri,sans-serif\"><span style=\"font-size: medium\">Dans cette quatri\u00e8me \u00e9mission de \u00abEn clave de sexo\u00bb, de Radio Enlace, on d\u00e9codera une fois de plus, les mythes autour la sexualit\u00e9 et de l&rsquo;\u00e9rotisme. Le th\u00e8me central de cette semaine est la masturbation en solitaire, un sujet tabou et socialement stigmatis\u00e9.<\/span><\/span><\/p>\n<p lang=\"fr-FR\"><span style=\"font-family: Calibri,sans-serif\"><span style=\"font-size: medium\">Traditionnellement dans nos soci\u00e9t\u00e9s, l&rsquo;onanisme ou la pratique de la masturbation, tant f\u00e9minin comme masculin, a souvent \u00e9t\u00e9 entour\u00e9 d&rsquo;un sentiment de culpabilit\u00e9. Par exemple, Sigmund Freud, la consid\u00e9rait comme une pratique infantile qui pouvait d\u00e9g\u00e9n\u00e9rer en n\u00e9vrose. Tout au long de l&rsquo;histoire, tant l&rsquo;\u00c9glise comme l&rsquo;\u00c9tat ont favoris\u00e9 le r\u00f4le passive des femmes dans les relations de couple et ont exacerb\u00e9 leur sentiment de culpabilit\u00e9. Cependant, un contemporain de Freud, signalait que cette pratique \u00e9tait tr\u00e8s courante entre les hommes et femmes de tous \u00e2ges, mais que seulement les hommes la reconnaissaient. <\/span><\/span><\/p>\n<p lang=\"fr-FR\"><span style=\"font-family: Calibri,sans-serif\"><span style=\"font-size: medium\">F\u00e1tima Magro, animatrice de l&rsquo;\u00e9mission, raconte qu&rsquo;il y a trois mythes tr\u00e8s populaires sur l\u2019auto\u00e9rotisme : En premier, que la masturbation est une affaire\/un truc d&rsquo;hommes. Et que selon le deuxi\u00e8me, l&rsquo;on arr\u00eate cette pratique avec ses premi\u00e8res relations sexuelles. Enfin le dernier, qui consiste \u00e0 croire que si on est en couple, s&rsquo;auto proportionner du plaisir est un manque de respect pour son partenaire. Aujourd&rsquo;hui on va apprendre que cette pratique aide \u00e0 mieux se conna\u00eetre et qu&rsquo;elle est basique pour notre d\u00e9veloppement personnel. Car pour savoir aimer et respecter l&rsquo;autre, on doit commencer par soi-m\u00eame. <\/span><\/span><\/p>\n<p lang=\"fr-FR\"><span style=\"font-family: Calibri,sans-serif\"><span style=\"font-size: medium\">Comme nouveaut\u00e9 dans la s\u00e9rie, dans cette \u00e9mission on r\u00e9pondra \u00e0 la premi\u00e8re question des auditeurs: Peut-on perdre l\u2019app\u00e9tit sexuel quand on est amoureux?<\/span><\/span><\/p>\n<p lang=\"fr-FR\"><span style=\"font-family: Calibri,sans-serif\"><span style=\"font-size: medium\">Pour finir, F\u00e1tima nous lira un po\u00e8me \u00e9rotique de la po\u00e9tesse Salomon Borrasca, dont son vrai nom nous reste inconnu. <\/span><\/span><\/p>\n<p lang=\"fr-FR\"><span style=\"font-family: Calibri,sans-serif\"><span style=\"font-size: medium\">R\u00e9ussira-t-on \u00e0 casser cette spirale du silence sur la masturbation? On vous laisse avec \u00abEn clave de sexo\u00bb, l&rsquo;\u00e9mission o\u00f9 l&rsquo;on d\u00e9sapprend la rigidit\u00e9 sexuelle avec laquelle on a \u00e9t\u00e9 \u00e9duqu\u00e9s. <\/span><\/span><\/p>\n<p lang=\"fr-FR\"><span style=\"font-family: Calibri,sans-serif\"><span style=\"font-size: medium\">Bonne \u00e9coute!<\/span><\/span><\/p>\n<p>&nbsp;<\/p>\n<p lang=\"fr-FR\" style=\"text-align: center\"><span style=\"font-family: Calibri,sans-serif\"><span style=\"font-size: medium\"><b><span style=\"font-size: medium\">(( \u00e9mission<span style=\"font-size: medium\"> ))<\/span><\/span><\/b><\/span><\/span><\/p>\n<p lang=\"fr-FR\"><span style=\"font-family: Calibri,sans-serif\"><span style=\"font-size: medium\"><b><span style=\"font-size: medium\"><span style=\"font-size: medium\">\u00a0<\/span><\/span><\/b><\/span><\/span><\/p>\n<p lang=\"fr-FR\"><span style=\"font-family: Calibri,sans-serif\"><span style=\"font-size: medium\">F\u00e1tima Magro est travailleuse sociale et experte en \u00e9ducation sexuelle et \u00e9galit\u00e9. Cette \u00e9mission bimensuelle, fait partie de \u00abMujeres en las ondas\u00bb, un projet qui pr\u00e9tends instruire sur l\u2019\u00e9galit\u00e9 d\u2019opportunit\u00e9s dans le sexe. Dans ce contexte, chaque \u00e9mission traite d&rsquo;une mani\u00e8re didactique et am\u00e8ne un sujet concret, et toujours du point de vue f\u00e9minin. <\/span><\/span><\/p>\n<p>&nbsp;<\/p>\n<p><span style=\"font-family: Calibri,sans-serif\"><span style=\"font-size: medium\">\u00abEn clave de sexo\u00bb, c\u2019est une \u00e9mission de Radio Enlace, une association culturelle que, depuis 1989, organise des activit\u00e9s musicales, radiophoniques et th\u00e9\u00e2trales pour la communaut\u00e9 des voisins du district de Hortaleza, \u00e0 Madrid. Sa programmation a pour objectifs de servir sa communaut\u00e9 et refl\u00e8te d\u2019une mani\u00e8re utile et \u00e9quilibr\u00e9e la r\u00e9alit\u00e9 locale. Radio Enlace fonctionne gr\u00e2ce \u00e0 la participation des b\u00e9n\u00e9voles et comme radio associative, revendique un usage social et participatif des m\u00e9dias. Elle \u00e9met sur le 107.5 fm, ainsi que sur Internet \u00e0 <\/span><\/span><span style=\"color: #000080\"><span style=\"text-decoration: underline\"><a href=\"http:\/\/www.radioenlace.org\/\" target=\"_blank\"><span style=\"font-family: Calibri,sans-serif\"><span style=\"font-size: medium\">www.radioenlace.org<\/span><\/span><\/a><\/span><\/span><span style=\"font-family: Calibri,sans-serif\"><span style=\"font-size: medium\">.<\/span><\/span><\/p>\n<p>&nbsp;<\/p>\n<p lang=\"fr-FR\"><span style=\"font-family: Calibri,sans-serif\"><span style=\"font-size: medium\">Ce programme na\u00eet de l\u2019initiative de F\u00e1tima Magro, qui voulait pallier aux carences, mythes et aprioris qui existent autour du sexe. Bien que bombard\u00e9s par une publicit\u00e9 toujours plus sexualis\u00e9e, paradoxalement notre soci\u00e9t\u00e9 parle tr\u00e8s peu du sexe, et quand elle le fait, ce n\u00b4est pas \u00e0 des fins p\u00e9dagogiques. L\u2019objectif de \u00ab En clave de sexo \u00bb, est de d\u00e9sapprendre la rigidit\u00e9 de notre \u00e9ducation sexuelle, et de d\u00e9couvrir par nous-m\u00eames ce que la soci\u00e9t\u00e9 a voulu \u00e9touffer.<\/span><\/span><\/p>\n<p>&nbsp;<\/p>\n<p lang=\"fr-FR\"><span style=\"font-family: Calibri,sans-serif\"><span style=\"font-size: medium\">Radio Enlace croit qu\u2019une vision positive, juste et \u00e9galitaire de la sexualit\u00e9, aidera la soci\u00e9t\u00e9 \u00e0 mieux se conna\u00eetre, \u00e0 \u00e9liminer ces aprioris et \u00e0 d\u00e9velopper une sexualit\u00e9 \u00e9panouie. Dans les propres mots de Radio Enlace: \u00abla sant\u00e9 sexuelle est un droit, et pour cela, ce programme va aider \u00e0 un grand nombre de gens\u00bb. <\/span><\/span><\/p>\n<p>&nbsp;<\/p>\n<p lang=\"fr-FR\"><span style=\"font-family: Calibri,sans-serif\"><span style=\"font-size: medium\">Vous \u00e9coutez cette \u00e9mission dans le cadre de \u00ab\u00a0Proyecto Horizonte\u00a0\u00bb, un partenariat o\u00f9 Radio Alma a pour objectif, la promotion de la richesse et de la diversit\u00e9 socioculturelle des radios associatives en espagnol qui existent dans le monde. Nous remercions Radio Enlace pour leur collaboration au d\u00e9veloppement de ce projet. Cette \u00e9mission \u00e0 \u00e9t\u00e9 produite avec la voix de Irene Quintela, le support linguistique de Jos\u00e9 Martinez y Ferreira et la r\u00e9daction de Paloma F\u00e1bregas.<\/span><\/span><\/p>\n<p lang=\"fr-FR\"><span style=\"font-family: Calibri,sans-serif\"><span style=\"font-size: medium\">\u00a0<\/span><\/span><\/p>\n<p><span style=\"font-family: Calibri,sans-serif\"><span style=\"font-size: medium\">Vous pouvez r\u00e9\u00e9couter \u00abEn clave de sexo\u00bb sur le web de Radio Enlace, ainsi que sur notre blog, Proyecto Horizonte, sur <\/span><\/span><span style=\"color: #000080\"><span style=\"text-decoration: underline\"><a href=\"http:\/\/www.radioalma.eu\/\" target=\"_blank\"><span style=\"font-family: Calibri,sans-serif\"><span style=\"font-size: medium\">www.radioalma.eu<\/span><\/span><\/a><\/span><\/span><span style=\"font-family: Calibri,sans-serif\"><span style=\"font-size: medium\">. Vos critiques et suggestions sont les bienvenus!<\/span><\/span><\/p>\n<p>&nbsp;<\/p>\n<p><a href=\"http:\/\/radioalma.eu\/horizonte\/files\/2013\/03\/Logo-Radio-Enlace-Completo.jpg\"><img decoding=\"async\" class=\"aligncenter size-full wp-image-33\" alt=\"\" src=\"http:\/\/radioalma.eu\/horizonte\/files\/2013\/03\/Logo-Radio-Enlace-Completo.jpg\" width=\"292\" height=\"386\" srcset=\"https:\/\/radioalma.eu\/horizonte\/files\/2013\/03\/Logo-Radio-Enlace-Completo.jpg 292w, https:\/\/radioalma.eu\/horizonte\/files\/2013\/03\/Logo-Radio-Enlace-Completo-226x300.jpg 226w\" sizes=\"(max-width: 292px) 100vw, 292px\" \/><\/a><\/p>\n<p>&nbsp;<\/p>\n","protected":false},"excerpt":{"rendered":"<p>Dans cette quatri\u00e8me \u00e9mission de \u00abEn clave de sexo\u00bb, de Radio Enlace, on d\u00e9codera une fois de plus, les mythes autour la sexualit\u00e9 et de l&rsquo;\u00e9rotisme. Le th\u00e8me central de cette semaine est la masturbation en solitaire, un sujet tabou et socialement stigmatis\u00e9. Traditionnellement dans nos soci\u00e9t\u00e9s, l&rsquo;onanisme ou la&#8230;<\/p>\n","protected":false},"author":60,"featured_media":33,"comment_status":"open","ping_status":"open","sticky":false,"template":"","format":"standard","meta":{"footnotes":""},"categories":[17],"tags":[],"class_list":["post-543","post","type-post","status-publish","format-standard","has-post-thumbnail","hentry","category-en-cours"],"_links":{"self":[{"href":"https:\/\/radioalma.eu\/horizonte\/wp-json\/wp\/v2\/posts\/543","targetHints":{"allow":["GET"]}}],"collection":[{"href":"https:\/\/radioalma.eu\/horizonte\/wp-json\/wp\/v2\/posts"}],"about":[{"href":"https:\/\/radioalma.eu\/horizonte\/wp-json\/wp\/v2\/types\/post"}],"author":[{"embeddable":true,"href":"https:\/\/radioalma.eu\/horizonte\/wp-json\/wp\/v2\/users\/60"}],"replies":[{"embeddable":true,"href":"https:\/\/radioalma.eu\/horizonte\/wp-json\/wp\/v2\/comments?post=543"}],"version-history":[{"count":0,"href":"https:\/\/radioalma.eu\/horizonte\/wp-json\/wp\/v2\/posts\/543\/revisions"}],"wp:featuredmedia":[{"embeddable":true,"href":"https:\/\/radioalma.eu\/horizonte\/wp-json\/wp\/v2\/media\/33"}],"wp:attachment":[{"href":"https:\/\/radioalma.eu\/horizonte\/wp-json\/wp\/v2\/media?parent=543"}],"wp:term":[{"taxonomy":"category","embeddable":true,"href":"https:\/\/radioalma.eu\/horizonte\/wp-json\/wp\/v2\/categories?post=543"},{"taxonomy":"post_tag","embeddable":true,"href":"https:\/\/radioalma.eu\/horizonte\/wp-json\/wp\/v2\/tags?post=543"}],"curies":[{"name":"wp","href":"https:\/\/api.w.org\/{rel}","templated":true}]}}