{"id":555,"date":"2013-04-24T12:25:00","date_gmt":"2013-04-24T11:25:00","guid":{"rendered":"http:\/\/radioalma.eu\/horizonte\/?guid=26757638fe3d9eaef5d62e0432d5b786"},"modified":"2013-04-24T12:25:29","modified_gmt":"2013-04-24T11:25:29","slug":"los-debates-de-el-tumbao","status":"publish","type":"post","link":"https:\/\/radioalma.eu\/horizonte\/2013\/04\/24\/los-debates-de-el-tumbao\/","title":{"rendered":"Los debates de El Tumbao."},"content":{"rendered":"<p><\/p>\n<div style=\"background-color: white; color: #222222; font-family: arial, sans-serif; font-size: 13px; margin-left: 21.3pt; text-align: justify; text-indent: 21.3pt;\"><span style=\"font-size: 12pt; line-height: 18px;\">La Asociaci\u00f3n Cultural \u201cTaller Tumbao\u201d de Alicante acaba de cumplir un a\u00f1o de actividad.<\/span><\/div>\n<div style=\"background-color: white; color: #222222; font-family: arial, sans-serif; font-size: 13px; margin-left: 21.3pt; text-align: justify; text-indent: 21.3pt;\"><span style=\"font-size: 12pt; line-height: 18px;\"><br \/><\/span><\/div>\n<div style=\"background-color: white; color: #222222; font-family: arial, sans-serif; font-size: 13px; margin-left: 21.3pt; text-align: justify; text-indent: 21.3pt;\"><span style=\"font-size: 12pt; line-height: 18px;\">Este pr\u00f3ximo&nbsp;<b>viernes 26 de abril, a las 20\u201900 horas<\/b>, comenzamos en nuestra sede de Benal\u00faa (Arquitecto Guardiola, 31) la serie&nbsp;<b><span style=\"color: red;\">\u201cLOS DEBATES DEL TUMBAO\u201d<\/span><\/b>, un \u00e1mbito de encuentros que, bajo el t\u00edtulo gen\u00e9rico de&nbsp;<b><i><span style=\"color: red;\">\u201c\u00bfQu\u00e9 est\u00e1 pasando?\u201d<\/span><\/i><\/b>, servir\u00e1 para reflexionar sobre la crisis, la de la econom\u00eda y la de la democracia, crisis de la que a\u00fan no sabemos c\u00f3mo librarnos. Hablaremos de econom\u00eda, desde luego, pero tambi\u00e9n de pol\u00edtica, de partidos, de Europa, de la izquierda, de la cultura\u2026 a ver si ayudamos a hacer un diagn\u00f3stico y un relato coherentes de lo que est\u00e1 pasando y de las posibles salidas.<\/span><\/div>\n<div style=\"background-color: white; color: #222222; font-family: arial, sans-serif; font-size: 13px; margin-left: 21.3pt; text-align: justify; text-indent: 21.3pt;\"><span style=\"font-size: 12pt; line-height: 18px;\"><br \/><\/span><\/div>\n<div style=\"background-color: white; color: #222222; font-family: arial, sans-serif; font-size: 13px; margin-left: 21.3pt; text-align: justify; text-indent: 21.3pt;\"><span style=\"font-size: 12pt; line-height: 18px;\">Empezamos con una mesa muy pol\u00edtica que encabezar\u00e1&nbsp;<b><span style=\"color: red;\">OD\u00d3N ELORZA<\/span><\/b>&nbsp;(ex alcalde de San Sebasti\u00e1n y diputado), a quien acompa\u00f1ar\u00e1n&nbsp;<b><span style=\"color: red;\">Manuel Alcaraz<\/span><\/b>&nbsp;y&nbsp;<b><span style=\"color: red;\">Jos\u00e9 M\u00aa Perea<\/span><\/b><span style=\"color: red;\">,<\/span>&nbsp;excelentes cabezas y contertulios de peso en la ciudad, que aseguran profundidad, rigor, amplitud\u2026y sensatez, para un debate constructivo que en esta ocasi\u00f3n estar\u00e1 centrado principalmente en el examen del momento actual de la izquierda en su conjunto y sus perspectivas de futuro, por un lado, y en las tareas inmediatas de regeneraci\u00f3n pol\u00edtica y reforma constitucional, por otro.<\/span><\/div>\n<div style=\"background-color: white; color: #222222; font-family: arial, sans-serif; font-size: 13px; margin-left: 21.3pt; text-align: justify; text-indent: 21.3pt;\"><span style=\"font-size: 12pt; line-height: 18px;\"><br \/><\/span><\/div>\n<div style=\"background-color: white; color: #222222; font-family: arial, sans-serif; font-size: 13px; margin-left: 21.3pt; text-align: justify; text-indent: 21.3pt;\"><b><span style=\"color: red; font-size: 12pt; line-height: 18px;\">OD\u00d3N ELORZA<\/span><\/b><span style=\"font-size: 12pt; line-height: 18px;\">&nbsp;es un lujo para esta mesa, pero tiene, adem\u00e1s, el inter\u00e9s a\u00f1adido de estar liderando en estos momentos el Foro \u00c9tico, un innovador movimiento de regeneraci\u00f3n democr\u00e1tica que est\u00e1 agitando con propuestas audaces el inmovilismo del sistema pol\u00edtico.<\/span><\/div>\n<div style=\"background-color: white; color: #222222; font-family: arial, sans-serif; font-size: 13px; margin-left: 21.3pt; text-align: justify; text-indent: 21.3pt;\"><span style=\"font-size: 12pt; line-height: 18px;\"><br \/><\/span><\/div>\n<div style=\"background-color: white; color: #222222; font-family: arial, sans-serif; font-size: 13px; margin-left: 21.3pt; text-align: justify; text-indent: 21.3pt;\"><span style=\"font-size: 12pt; line-height: 18px;\"><br \/><\/span><\/div>\n","protected":false},"excerpt":{"rendered":"<p><\/p>\n<div><span>La Asociaci&oacute;n Cultural &ldquo;Taller Tumbao&rdquo; de Alicante acaba de cumplir un a&ntilde;o de actividad.<\/span><\/div>\n<div><span><br \/><\/span><\/div>\n<div><span>Este pr&oacute;ximo&nbsp;<b>viernes 26 de abril, a las 20&rsquo;00 horas<\/b>, comenzamos en nuestra sede de Benal&uacute;a (Arquitecto Guardiola, 31) la serie&nbsp;<b><span>&ldquo;LOS DEBATES DEL TUMBAO&rdquo;<\/span><\/b>, un &aacute;mbito de encuentros que, bajo el t&iacute;tulo gen&eacute;rico de&nbsp;<b><i><span>&ldquo;&iquest;Qu&eacute; est&aacute; pasando?&rdquo;<\/span><\/i><\/b>, servir&aacute; para reflexionar sobre la crisis, la de la econom&iacute;a y la de la democracia, crisis de la que a&uacute;n no sabemos c&oacute;mo librarnos. Hablaremos de econom&iacute;a, desde luego, pero tambi&eacute;n de pol&iacute;tica, de partidos, de Europa, de la izquierda, de la cultura&hellip; a ver si ayudamos a hacer un diagn&oacute;stico y un relato coherentes de lo que est&aacute; pasando y de las posibles salidas.<\/span><\/div>\n<div><span><br \/><\/span><\/div>\n<div><span>Empezamos con una mesa muy pol&iacute;tica que encabezar&aacute;&nbsp;<b><span>OD&Oacute;N ELORZA<\/span><\/b>&nbsp;(ex alcalde de San Sebasti&aacute;n y diputado), a quien acompa&ntilde;ar&aacute;n&nbsp;<b><span>Manuel Alcaraz<\/span><\/b>&nbsp;y&nbsp;<b><span>Jos&eacute; M&ordf; Perea<\/span><\/b><span>,<\/span>&nbsp;excelentes cabezas y contertulios de peso en la ciudad, que aseguran profundidad, rigor, amplitud&hellip;y sensatez, para un debate constructivo que en esta ocasi&oacute;n estar&aacute; centrado principalmente en el examen del momento actual de la izquierda en su conjunto y sus perspectivas de futuro, por un lado, y en las tareas inmediatas de regeneraci&oacute;n pol&iacute;tica y reforma constitucional, por otro.<\/span><\/div>\n<div><span><br \/><\/span><\/div>\n<div>\n<b><span>OD&Oacute;N ELORZA<\/span><\/b><span>&nbsp;es un lujo para esta mesa, pero tiene, adem&aacute;s, el inter&eacute;s a&ntilde;adido de estar liderando en estos momentos el Foro &Eacute;tico, un innovador movimiento de regeneraci&oacute;n democr&aacute;tica que est&aacute; agitando con propuestas audaces el inmovilismo del sistema pol&iacute;tico.<\/span>\n<\/div>\n<div><span><br \/><\/span><\/div>\n<div><span><br \/><\/span><\/div>\n","protected":false},"author":63,"featured_media":0,"comment_status":"closed","ping_status":"closed","sticky":false,"template":"","format":"standard","meta":{"footnotes":""},"categories":[31],"tags":[],"class_list":["post-555","post","type-post","status-publish","format-standard","hentry","category-fils-rss"],"_links":{"self":[{"href":"https:\/\/radioalma.eu\/horizonte\/wp-json\/wp\/v2\/posts\/555","targetHints":{"allow":["GET"]}}],"collection":[{"href":"https:\/\/radioalma.eu\/horizonte\/wp-json\/wp\/v2\/posts"}],"about":[{"href":"https:\/\/radioalma.eu\/horizonte\/wp-json\/wp\/v2\/types\/post"}],"author":[{"embeddable":true,"href":"https:\/\/radioalma.eu\/horizonte\/wp-json\/wp\/v2\/users\/63"}],"replies":[{"embeddable":true,"href":"https:\/\/radioalma.eu\/horizonte\/wp-json\/wp\/v2\/comments?post=555"}],"version-history":[{"count":0,"href":"https:\/\/radioalma.eu\/horizonte\/wp-json\/wp\/v2\/posts\/555\/revisions"}],"wp:attachment":[{"href":"https:\/\/radioalma.eu\/horizonte\/wp-json\/wp\/v2\/media?parent=555"}],"wp:term":[{"taxonomy":"category","embeddable":true,"href":"https:\/\/radioalma.eu\/horizonte\/wp-json\/wp\/v2\/categories?post=555"},{"taxonomy":"post_tag","embeddable":true,"href":"https:\/\/radioalma.eu\/horizonte\/wp-json\/wp\/v2\/tags?post=555"}],"curies":[{"name":"wp","href":"https:\/\/api.w.org\/{rel}","templated":true}]}}