{"id":556,"date":"2013-04-24T22:34:24","date_gmt":"2013-04-24T21:34:24","guid":{"rendered":"http:\/\/radiomalva.org\/?p=10403"},"modified":"2013-04-24T22:34:24","modified_gmt":"2013-04-24T21:34:24","slug":"cronica-y-audios-del-cabanyal-viu-i-conviu-2013","status":"publish","type":"post","link":"https:\/\/radioalma.eu\/horizonte\/2013\/04\/24\/cronica-y-audios-del-cabanyal-viu-i-conviu-2013\/","title":{"rendered":"Cr\u00f3nica y audios del Cabanyal Viu i Conviu 2013"},"content":{"rendered":"<p>El pasado fin de semana tuvieron lugar las jornadas Cabanyal Viu i Conviu 2013, impulsadas por la organizaci\u00f3n CSU con \u00e1nimo de visibilizar de forma anual los espacios de convivencia y di\u00e1logo que se intentan crear dentro del barrio entre la comunidad gitana y no gitana. Pasadas las 8 de la tarde del viernes, comenz\u00f3 [&#8230;]<img decoding=\"async\" alt=\"\" border=\"0\" src=\"http:\/\/stats.wordpress.com\/b.gif?host=radiomalva.org&#038;blog=150757&#038;%23038;post=10403&#038;%23038;subd=radiomalva&#038;%23038;ref=&#038;%23038;feed=1\" width=\"1\" height=\"1\" \/><\/p>\n","protected":false},"excerpt":{"rendered":"<p>El pasado fin de semana tuvieron lugar las jornadas Cabanyal Viu i Conviu 2013, impulsadas por la organizaci&oacute;n CSU con &aacute;nimo de visibilizar de forma anual los espacios de convivencia y di&aacute;logo que se intentan crear dentro del barrio entre la comunidad gitana y no gitana. Pasadas las 8 de la tarde del viernes, comenz&oacute; [&#8230;]<img decoding=\"async\" alt=\"\" border=\"0\" src=\"http:\/\/stats.wordpress.com\/b.gif?host=radiomalva.org&amp;blog=150757&amp;post=10403&amp;subd=radiomalva&amp;ref=&amp;feed=1\" width=\"1\" height=\"1\"><\/p>\n","protected":false},"author":62,"featured_media":0,"comment_status":"closed","ping_status":"closed","sticky":false,"template":"","format":"standard","meta":{"footnotes":""},"categories":[31],"tags":[],"class_list":["post-556","post","type-post","status-publish","format-standard","hentry","category-fils-rss"],"_links":{"self":[{"href":"https:\/\/radioalma.eu\/horizonte\/wp-json\/wp\/v2\/posts\/556","targetHints":{"allow":["GET"]}}],"collection":[{"href":"https:\/\/radioalma.eu\/horizonte\/wp-json\/wp\/v2\/posts"}],"about":[{"href":"https:\/\/radioalma.eu\/horizonte\/wp-json\/wp\/v2\/types\/post"}],"author":[{"embeddable":true,"href":"https:\/\/radioalma.eu\/horizonte\/wp-json\/wp\/v2\/users\/62"}],"replies":[{"embeddable":true,"href":"https:\/\/radioalma.eu\/horizonte\/wp-json\/wp\/v2\/comments?post=556"}],"version-history":[{"count":0,"href":"https:\/\/radioalma.eu\/horizonte\/wp-json\/wp\/v2\/posts\/556\/revisions"}],"wp:attachment":[{"href":"https:\/\/radioalma.eu\/horizonte\/wp-json\/wp\/v2\/media?parent=556"}],"wp:term":[{"taxonomy":"category","embeddable":true,"href":"https:\/\/radioalma.eu\/horizonte\/wp-json\/wp\/v2\/categories?post=556"},{"taxonomy":"post_tag","embeddable":true,"href":"https:\/\/radioalma.eu\/horizonte\/wp-json\/wp\/v2\/tags?post=556"}],"curies":[{"name":"wp","href":"https:\/\/api.w.org\/{rel}","templated":true}]}}