{"id":557,"date":"2013-04-25T00:45:19","date_gmt":"2013-04-24T23:45:19","guid":{"rendered":"http:\/\/radiomalva.org\/?p=10427"},"modified":"2013-04-25T00:45:19","modified_gmt":"2013-04-24T23:45:19","slug":"castillos-de-arena-xenofobia-policial-en-la-playa-de-el-cabanyal","status":"publish","type":"post","link":"https:\/\/radioalma.eu\/horizonte\/2013\/04\/25\/castillos-de-arena-xenofobia-policial-en-la-playa-de-el-cabanyal\/","title":{"rendered":"Castillos de Arena-Xenofobia policial en la playa de El Cabanyal."},"content":{"rendered":"<p>Publicado el\u00a007\/04\/2013 VALENCIA &#8211; Sergi Tar\u00edn Nitu y su familia hab\u00edan precisado de tres meses para levantar el castillo. La excavadora lo aplan\u00f3 en cinco minutos. Antes, un ej\u00e9rcito regular de polic\u00edas asedi\u00f3 la plaza durante la v\u00edspera. Los argumentos fueron de diverso calibre. Seg\u00fan los agentes, los ni\u00f1os pod\u00edan cortarse con los utensilios de [&#8230;]<img decoding=\"async\" alt=\"\" border=\"0\" src=\"http:\/\/stats.wordpress.com\/b.gif?host=radiomalva.org&#038;blog=150757&#038;%23038;post=10427&#038;%23038;subd=radiomalva&#038;%23038;ref=&#038;%23038;feed=1\" width=\"1\" height=\"1\" \/><\/p>\n","protected":false},"excerpt":{"rendered":"<p>Publicado el&nbsp;07\/04\/2013 VALENCIA &ndash; Sergi Tar&iacute;n Nitu y su familia hab&iacute;an precisado de tres meses para levantar el castillo. La excavadora lo aplan&oacute; en cinco minutos. Antes, un ej&eacute;rcito regular de polic&iacute;as asedi&oacute; la plaza durante la v&iacute;spera. Los argumentos fueron de diverso calibre. Seg&uacute;n los agentes, los ni&ntilde;os pod&iacute;an cortarse con los utensilios de [&#8230;]<img decoding=\"async\" alt=\"\" border=\"0\" src=\"http:\/\/stats.wordpress.com\/b.gif?host=radiomalva.org&amp;blog=150757&amp;post=10427&amp;subd=radiomalva&amp;ref=&amp;feed=1\" width=\"1\" height=\"1\"><\/p>\n","protected":false},"author":62,"featured_media":0,"comment_status":"closed","ping_status":"closed","sticky":false,"template":"","format":"standard","meta":{"footnotes":""},"categories":[31],"tags":[],"class_list":["post-557","post","type-post","status-publish","format-standard","hentry","category-fils-rss"],"_links":{"self":[{"href":"https:\/\/radioalma.eu\/horizonte\/wp-json\/wp\/v2\/posts\/557","targetHints":{"allow":["GET"]}}],"collection":[{"href":"https:\/\/radioalma.eu\/horizonte\/wp-json\/wp\/v2\/posts"}],"about":[{"href":"https:\/\/radioalma.eu\/horizonte\/wp-json\/wp\/v2\/types\/post"}],"author":[{"embeddable":true,"href":"https:\/\/radioalma.eu\/horizonte\/wp-json\/wp\/v2\/users\/62"}],"replies":[{"embeddable":true,"href":"https:\/\/radioalma.eu\/horizonte\/wp-json\/wp\/v2\/comments?post=557"}],"version-history":[{"count":0,"href":"https:\/\/radioalma.eu\/horizonte\/wp-json\/wp\/v2\/posts\/557\/revisions"}],"wp:attachment":[{"href":"https:\/\/radioalma.eu\/horizonte\/wp-json\/wp\/v2\/media?parent=557"}],"wp:term":[{"taxonomy":"category","embeddable":true,"href":"https:\/\/radioalma.eu\/horizonte\/wp-json\/wp\/v2\/categories?post=557"},{"taxonomy":"post_tag","embeddable":true,"href":"https:\/\/radioalma.eu\/horizonte\/wp-json\/wp\/v2\/tags?post=557"}],"curies":[{"name":"wp","href":"https:\/\/api.w.org\/{rel}","templated":true}]}}