{"id":558,"date":"2013-04-25T13:26:04","date_gmt":"2013-04-25T12:26:04","guid":{"rendered":"http:\/\/radiomalva.org\/?p=10431"},"modified":"2013-04-25T13:26:04","modified_gmt":"2013-04-25T12:26:04","slug":"victimes-del-genocidi-franquista-ni-oblit-ni-perdo-justicia","status":"publish","type":"post","link":"https:\/\/radioalma.eu\/horizonte\/2013\/04\/25\/victimes-del-genocidi-franquista-ni-oblit-ni-perdo-justicia\/","title":{"rendered":"V\u00edctimes del genocidi franquista. Ni oblit ni perd\u00f3: just\u00edcia"},"content":{"rendered":"<p>Radio Malva asiste al acto en memoria de las v\u00edctimas del franquismo realizado el pasado domingo en el cementerio general de Valencia. Los dos audios corresponden a un resumen de lo que fue esta reivindicaci\u00f3n, as\u00ed como tambi\u00e9n dos entrevistas a dos de los participantes. Una en la que un hijo de represaliados que nos [&#8230;]<img decoding=\"async\" alt=\"\" border=\"0\" src=\"http:\/\/stats.wordpress.com\/b.gif?host=radiomalva.org&#038;blog=150757&#038;%23038;post=10431&#038;%23038;subd=radiomalva&#038;%23038;ref=&#038;%23038;feed=1\" width=\"1\" height=\"1\" \/><\/p>\n","protected":false},"excerpt":{"rendered":"<p>Radio Malva asiste al acto en memoria de las v&iacute;ctimas del franquismo realizado el pasado domingo en el cementerio general de Valencia. Los dos audios corresponden a un resumen de lo que fue esta reivindicaci&oacute;n, as&iacute; como tambi&eacute;n dos entrevistas a dos de los participantes. Una en la que un hijo de represaliados que nos [&#8230;]<img decoding=\"async\" alt=\"\" border=\"0\" src=\"http:\/\/stats.wordpress.com\/b.gif?host=radiomalva.org&amp;blog=150757&amp;post=10431&amp;subd=radiomalva&amp;ref=&amp;feed=1\" width=\"1\" height=\"1\"><\/p>\n","protected":false},"author":62,"featured_media":0,"comment_status":"closed","ping_status":"closed","sticky":false,"template":"","format":"standard","meta":{"footnotes":""},"categories":[31],"tags":[],"class_list":["post-558","post","type-post","status-publish","format-standard","hentry","category-fils-rss"],"_links":{"self":[{"href":"https:\/\/radioalma.eu\/horizonte\/wp-json\/wp\/v2\/posts\/558","targetHints":{"allow":["GET"]}}],"collection":[{"href":"https:\/\/radioalma.eu\/horizonte\/wp-json\/wp\/v2\/posts"}],"about":[{"href":"https:\/\/radioalma.eu\/horizonte\/wp-json\/wp\/v2\/types\/post"}],"author":[{"embeddable":true,"href":"https:\/\/radioalma.eu\/horizonte\/wp-json\/wp\/v2\/users\/62"}],"replies":[{"embeddable":true,"href":"https:\/\/radioalma.eu\/horizonte\/wp-json\/wp\/v2\/comments?post=558"}],"version-history":[{"count":0,"href":"https:\/\/radioalma.eu\/horizonte\/wp-json\/wp\/v2\/posts\/558\/revisions"}],"wp:attachment":[{"href":"https:\/\/radioalma.eu\/horizonte\/wp-json\/wp\/v2\/media?parent=558"}],"wp:term":[{"taxonomy":"category","embeddable":true,"href":"https:\/\/radioalma.eu\/horizonte\/wp-json\/wp\/v2\/categories?post=558"},{"taxonomy":"post_tag","embeddable":true,"href":"https:\/\/radioalma.eu\/horizonte\/wp-json\/wp\/v2\/tags?post=558"}],"curies":[{"name":"wp","href":"https:\/\/api.w.org\/{rel}","templated":true}]}}