{"id":560,"date":"2013-04-25T15:39:02","date_gmt":"2013-04-25T14:39:02","guid":{"rendered":"http:\/\/radiomalva.org\/?p=10439"},"modified":"2013-04-25T15:39:02","modified_gmt":"2013-04-25T14:39:02","slug":"cabanyal-z-lassemblea","status":"publish","type":"post","link":"https:\/\/radioalma.eu\/horizonte\/2013\/04\/25\/cabanyal-z-lassemblea\/","title":{"rendered":"Cabanyal Z \u201cL\u2019Assemblea\u201d"},"content":{"rendered":"<p>Segunda entrega de esta web serie realizada por las gentes del barrio del Cabanyal. &#8220;Valencia vive un Apocalipsis zombie, pero un barrio resiste todav\u00eda a la total destrucci\u00f3n. S\u00f3lo en El Cabanyal te podr\u00e1s salvar&#8230;&#8221; Episodio 2<img decoding=\"async\" alt=\"\" border=\"0\" src=\"http:\/\/stats.wordpress.com\/b.gif?host=radiomalva.org&#038;blog=150757&#038;%23038;post=10439&#038;%23038;subd=radiomalva&#038;%23038;ref=&#038;%23038;feed=1\" width=\"1\" height=\"1\" \/><\/p>\n","protected":false},"excerpt":{"rendered":"<p>Segunda entrega de esta web serie realizada por las gentes del barrio del Cabanyal. &ldquo;Valencia vive un Apocalipsis zombie, pero un barrio resiste todav&iacute;a a la total destrucci&oacute;n. S&oacute;lo en El Cabanyal te podr&aacute;s salvar&hellip;&rdquo; Episodio 2<img decoding=\"async\" alt=\"\" border=\"0\" src=\"http:\/\/stats.wordpress.com\/b.gif?host=radiomalva.org&amp;blog=150757&amp;post=10439&amp;subd=radiomalva&amp;ref=&amp;feed=1\" width=\"1\" height=\"1\"><\/p>\n","protected":false},"author":62,"featured_media":0,"comment_status":"closed","ping_status":"closed","sticky":false,"template":"","format":"standard","meta":{"footnotes":""},"categories":[31],"tags":[],"class_list":["post-560","post","type-post","status-publish","format-standard","hentry","category-fils-rss"],"_links":{"self":[{"href":"https:\/\/radioalma.eu\/horizonte\/wp-json\/wp\/v2\/posts\/560","targetHints":{"allow":["GET"]}}],"collection":[{"href":"https:\/\/radioalma.eu\/horizonte\/wp-json\/wp\/v2\/posts"}],"about":[{"href":"https:\/\/radioalma.eu\/horizonte\/wp-json\/wp\/v2\/types\/post"}],"author":[{"embeddable":true,"href":"https:\/\/radioalma.eu\/horizonte\/wp-json\/wp\/v2\/users\/62"}],"replies":[{"embeddable":true,"href":"https:\/\/radioalma.eu\/horizonte\/wp-json\/wp\/v2\/comments?post=560"}],"version-history":[{"count":0,"href":"https:\/\/radioalma.eu\/horizonte\/wp-json\/wp\/v2\/posts\/560\/revisions"}],"wp:attachment":[{"href":"https:\/\/radioalma.eu\/horizonte\/wp-json\/wp\/v2\/media?parent=560"}],"wp:term":[{"taxonomy":"category","embeddable":true,"href":"https:\/\/radioalma.eu\/horizonte\/wp-json\/wp\/v2\/categories?post=560"},{"taxonomy":"post_tag","embeddable":true,"href":"https:\/\/radioalma.eu\/horizonte\/wp-json\/wp\/v2\/tags?post=560"}],"curies":[{"name":"wp","href":"https:\/\/api.w.org\/{rel}","templated":true}]}}